{"id":3939,"date":"2023-05-04T10:53:52","date_gmt":"2023-05-04T10:53:52","guid":{"rendered":"https:\/\/gemeindebuechereikastl.de\/?p=3939"},"modified":"2023-05-04T10:53:52","modified_gmt":"2023-05-04T10:53:52","slug":"die-beiden-1-klassen-der-seyfried-schweppermann-schule-zum-ersten-mal-gemeinsam-in-der-buecherei","status":"publish","type":"post","link":"https:\/\/gemeindebuechereikastl.de\/?p=3939","title":{"rendered":"Die beiden 1. Klassen der Seyfried-Schweppermann\u2013Schule zum ersten Mal gemeinsam in der B\u00fccherei"},"content":{"rendered":"<h2 style=\"text-align: center;\"><span style=\"color: #ff6600;\"><strong>Im Rahmen der Schulausleihe besuchten die Kinder der Klassen 1a und 1b mit Ihren Lehrerinnen die Gemeindeb\u00fccherei Kastl<\/strong><\/span><\/h2>\n<p>Zu Beginn begr\u00fc\u00dften B\u00fcchereileiter Georg D\u00fcrr und die Christa Kastner vom Leitungsteam die Sch\u00fclerinnen und Sch\u00fcler der beiden 1. Klassen mit ihren Klassenlehrerinnen recht herzlich in der Gemeindeb\u00fccherei Kastl.<\/p>\n<p><img loading=\"lazy\" decoding=\"async\" class=\"aligncenter wp-image-3940 size-large\" src=\"https:\/\/gemeindebuechereikastl.de\/wp-content\/uploads\/2023\/05\/1a-1603x1156.jpg\" alt=\"\" width=\"750\" height=\"541\" srcset=\"https:\/\/gemeindebuechereikastl.de\/wp-content\/uploads\/2023\/05\/1a-1603x1156.jpg 1603w, https:\/\/gemeindebuechereikastl.de\/wp-content\/uploads\/2023\/05\/1a-300x216.jpg 300w, https:\/\/gemeindebuechereikastl.de\/wp-content\/uploads\/2023\/05\/1a-768x554.jpg 768w, https:\/\/gemeindebuechereikastl.de\/wp-content\/uploads\/2023\/05\/1a-1536x1108.jpg 1536w, https:\/\/gemeindebuechereikastl.de\/wp-content\/uploads\/2023\/05\/1a-2048x1477.jpg 2048w, https:\/\/gemeindebuechereikastl.de\/wp-content\/uploads\/2023\/05\/1a-750x541.jpg 750w\" sizes=\"auto, (max-width: 750px) 100vw, 750px\" \/>Die meisten Erstkl\u00e4ssler kannten die Kastler B\u00fccherei schon vor ihren Besuchen mit den Eltern, oder vom B\u00fcchereif\u00fchrerschein mit dem Kindergarten. Nach der Begr\u00fc\u00dfung stellte D\u00fcrr ein paar Fragen zum Angebot, was es in der B\u00fccherei alles zum Entleihen gibt (B\u00fccher, Spiele, Zeitschriften, H\u00f6rb\u00fccher, DVDs und Tonies), wieviel B\u00fccher und Medien es in der B\u00fccherei gibt, wo was zu finden ist und was die verschiedenen Farben an den B\u00fcchern zu bedeuten haben usw. Anschlie\u00dfend erkl\u00e4rte D\u00fcrr bei einem kurzen Rundgang durch die beiden Geschosse der B\u00fccherei die Einteilung der B\u00fccherei mit den verschiedensten Medien und gaben nochmals einen \u00dcberblick \u00fcber das Angebot der Kastler B\u00fccherei. Bei einer Sch\u00e4tzung der Kinder wie viele B\u00fccher und Medien es in der B\u00fccherei gibt waren sie \u00fcberrascht das die Kastler B\u00fccher an die 8500 B\u00fccher und Zeitschriften, sowie weitere 1500 Nichtbuchmedien wie Spiele, DVDs, H\u00f6rb\u00fccher f\u00fcr Kinder und Erwachsene und Tonies hat. Begeistert zeigten sie sich das auch viele B\u00fccher \u00fcber Hunde, Pferde oder andere Tiere, \u00fcber Flugzeuge, Bagger, Piraten oder Feuerwehr usw. vorhanden sind, den B\u00fccher sind Sch\u00e4tze es steht viel Wissen drin.\u00a0 Ganz speziell fragten auch einige nach B\u00fcchern, die im Antolin Programm mit dabei sind. Hier erkl\u00e4rte D\u00fcrr das die Kastler B\u00fccherei ca. 3000 Antolin B\u00fccher besitze. Er erw\u00e4hnte auch das Angebot der B\u00fccherei die Ausleihe von E-Books und wie die B\u00fccher und Medien sowie die E-Books \u00fcber den \u201eOnline-Katalog\u201c zu finden sind.<\/p>\n<p><img loading=\"lazy\" decoding=\"async\" class=\"aligncenter wp-image-3941 size-full\" src=\"https:\/\/gemeindebuechereikastl.de\/wp-content\/uploads\/2023\/05\/1b.jpg\" alt=\"\" width=\"1200\" height=\"897\" srcset=\"https:\/\/gemeindebuechereikastl.de\/wp-content\/uploads\/2023\/05\/1b.jpg 1200w, https:\/\/gemeindebuechereikastl.de\/wp-content\/uploads\/2023\/05\/1b-300x224.jpg 300w, https:\/\/gemeindebuechereikastl.de\/wp-content\/uploads\/2023\/05\/1b-768x574.jpg 768w, https:\/\/gemeindebuechereikastl.de\/wp-content\/uploads\/2023\/05\/1b-750x561.jpg 750w\" sizes=\"auto, (max-width: 1200px) 100vw, 1200px\" \/>Nach der Einf\u00fchrung hatten die Kinder dann noch Zeit selbst im Angebot der B\u00fccherei zu st\u00f6bern und alle fanden ihre Lieblingsb\u00fccher zum Mitnehmen. Viele der Kinder hatten jede Menge an B\u00fcchern gefunden, die sie gerne mitnehmen und Lesen wollten.<\/p>\n<p>Bei Ihrem ersten Besuch bekamen alle Kinder der 1. Klasse ihren eigenen Leserausweis, mit dem sie eigenst\u00e4ndig bei der Schulausleihe oder mit den Eltern alle B\u00fccher und auch die weiteren Medien der B\u00fccherei ausleihen k\u00f6nnen und als kleines Dankesch\u00f6n und f\u00fcr die weiteren Besuche bekamen alle Kinder von den Mitarbeitern der B\u00fccherei eine B\u00fcchereitasche und ein Lesezeichen geschenkt. In der sch\u00f6nen B\u00fcchereitasche wurden gleich die ausgesuchten Lieblingsb\u00fccher eingepackt.<\/p>\n","protected":false},"excerpt":{"rendered":"<p>Im Rahmen der Schulausleihe besuchten die Kinder der Klassen 1a und 1b mit Ihren Lehrerinnen die Gemeindeb\u00fccherei Kastl Zu Beginn begr\u00fc\u00dften B\u00fcchereileiter Georg D\u00fcrr und die Christa Kastner vom Leitungsteam die Sch\u00fclerinnen und Sch\u00fcler der beiden 1. Klassen mit ihren Klassenlehrerinnen recht herzlich in der Gemeindeb\u00fccherei Kastl. Die meisten Erstkl\u00e4ssler kannten die Kastler B\u00fccherei schon &hellip; <\/p>\n<p><a class=\"more-link btn\" href=\"https:\/\/gemeindebuechereikastl.de\/?p=3939\">Weiterlesen<\/a><\/p>\n","protected":false},"author":1,"featured_media":3940,"comment_status":"closed","ping_status":"closed","sticky":false,"template":"","format":"standard","meta":{"footnotes":""},"categories":[5],"tags":[22,193],"class_list":["post-3939","post","type-post","status-publish","format-standard","has-post-thumbnail","hentry","category-news","tag-schulausleihe","tag-schule","item-wrap"],"_links":{"self":[{"href":"https:\/\/gemeindebuechereikastl.de\/index.php?rest_route=\/wp\/v2\/posts\/3939","targetHints":{"allow":["GET"]}}],"collection":[{"href":"https:\/\/gemeindebuechereikastl.de\/index.php?rest_route=\/wp\/v2\/posts"}],"about":[{"href":"https:\/\/gemeindebuechereikastl.de\/index.php?rest_route=\/wp\/v2\/types\/post"}],"author":[{"embeddable":true,"href":"https:\/\/gemeindebuechereikastl.de\/index.php?rest_route=\/wp\/v2\/users\/1"}],"replies":[{"embeddable":true,"href":"https:\/\/gemeindebuechereikastl.de\/index.php?rest_route=%2Fwp%2Fv2%2Fcomments&post=3939"}],"version-history":[{"count":1,"href":"https:\/\/gemeindebuechereikastl.de\/index.php?rest_route=\/wp\/v2\/posts\/3939\/revisions"}],"predecessor-version":[{"id":3942,"href":"https:\/\/gemeindebuechereikastl.de\/index.php?rest_route=\/wp\/v2\/posts\/3939\/revisions\/3942"}],"wp:featuredmedia":[{"embeddable":true,"href":"https:\/\/gemeindebuechereikastl.de\/index.php?rest_route=\/wp\/v2\/media\/3940"}],"wp:attachment":[{"href":"https:\/\/gemeindebuechereikastl.de\/index.php?rest_route=%2Fwp%2Fv2%2Fmedia&parent=3939"}],"wp:term":[{"taxonomy":"category","embeddable":true,"href":"https:\/\/gemeindebuechereikastl.de\/index.php?rest_route=%2Fwp%2Fv2%2Fcategories&post=3939"},{"taxonomy":"post_tag","embeddable":true,"href":"https:\/\/gemeindebuechereikastl.de\/index.php?rest_route=%2Fwp%2Fv2%2Ftags&post=3939"}],"curies":[{"name":"wp","href":"https:\/\/api.w.org\/{rel}","templated":true}]}}