{"id":3947,"date":"2023-05-08T09:33:17","date_gmt":"2023-05-08T09:33:17","guid":{"rendered":"https:\/\/gemeindebuechereikastl.de\/?p=3947"},"modified":"2023-05-08T11:53:18","modified_gmt":"2023-05-08T11:53:18","slug":"grossartigen-jahresbericht-2022-an-die-beiden-traeger-der-gemeindebuecherei-uebergeben","status":"publish","type":"post","link":"https:\/\/gemeindebuechereikastl.de\/?p=3947","title":{"rendered":"Gro\u00dfartigen Jahresbericht 2022 an die beiden Tr\u00e4ger der Gemeindeb\u00fccherei \u00fcbergeben"},"content":{"rendered":"<h2 style=\"text-align: center;\"><strong><span style=\"color: #ff6600;\">\u00dcberragender Jahresbericht mit gro\u00dfartigen Veranstaltungen und Aktionen 2022\u00a0 an Pfarrer Johannes Arweck und B\u00fcrgermeister Stefan Braun \u00fcbergeben <\/span><br \/>\n<\/strong><\/h2>\n<h3 style=\"text-align: left;\"><b><span style=\"color: #800000;\">\u201eVon allen Welten, die der Mensch erschaffen hat, ist die der B\u00fccher <\/span><span style=\"color: #800000;\">die Gewaltigste..\u201c\u00a0<\/span> <\/b><em><b>Heinrich Heine<\/b><\/em><\/h3>\n<p><img loading=\"lazy\" decoding=\"async\" class=\"aligncenter wp-image-3948 size-large\" src=\"https:\/\/gemeindebuechereikastl.de\/wp-content\/uploads\/2023\/05\/Uebergabe-Bericht-2022-1603x1069.jpg\" alt=\"\" width=\"750\" height=\"500\" srcset=\"https:\/\/gemeindebuechereikastl.de\/wp-content\/uploads\/2023\/05\/Uebergabe-Bericht-2022-1603x1069.jpg 1603w, https:\/\/gemeindebuechereikastl.de\/wp-content\/uploads\/2023\/05\/Uebergabe-Bericht-2022-300x200.jpg 300w, https:\/\/gemeindebuechereikastl.de\/wp-content\/uploads\/2023\/05\/Uebergabe-Bericht-2022-768x512.jpg 768w, https:\/\/gemeindebuechereikastl.de\/wp-content\/uploads\/2023\/05\/Uebergabe-Bericht-2022-1536x1025.jpg 1536w, https:\/\/gemeindebuechereikastl.de\/wp-content\/uploads\/2023\/05\/Uebergabe-Bericht-2022-2048x1366.jpg 2048w, https:\/\/gemeindebuechereikastl.de\/wp-content\/uploads\/2023\/05\/Uebergabe-Bericht-2022-750x500.jpg 750w\" sizes=\"auto, (max-width: 750px) 100vw, 750px\" \/><\/p>\n<p>Dieser Bericht dokumentiert die hervorragende Arbeit des B\u00fcchereiteam im Jahr 2022 und zeugt von einem Arbeitsreichen Jahr in der Kastler B\u00fccherei in dem wieder viel erreicht und geboten wurde.<a href=\"https:\/\/gemeindebuechereikastl.de\/wp-content\/uploads\/2023\/05\/Jahresbericht-2022.pdf\"><img loading=\"lazy\" decoding=\"async\" class=\"wp-image-3949 alignleft\" src=\"https:\/\/gemeindebuechereikastl.de\/wp-content\/uploads\/2023\/05\/Jahresbericht-2022-853x1206.jpg\" alt=\"\" width=\"289\" height=\"409\" srcset=\"https:\/\/gemeindebuechereikastl.de\/wp-content\/uploads\/2023\/05\/Jahresbericht-2022-853x1206.jpg 853w, https:\/\/gemeindebuechereikastl.de\/wp-content\/uploads\/2023\/05\/Jahresbericht-2022-212x300.jpg 212w, https:\/\/gemeindebuechereikastl.de\/wp-content\/uploads\/2023\/05\/Jahresbericht-2022-768x1086.jpg 768w, https:\/\/gemeindebuechereikastl.de\/wp-content\/uploads\/2023\/05\/Jahresbericht-2022-1086x1536.jpg 1086w, https:\/\/gemeindebuechereikastl.de\/wp-content\/uploads\/2023\/05\/Jahresbericht-2022-750x1061.jpg 750w, https:\/\/gemeindebuechereikastl.de\/wp-content\/uploads\/2023\/05\/Jahresbericht-2022.jpg 1240w\" sizes=\"auto, (max-width: 289px) 100vw, 289px\" \/><\/a><\/p>\n<p>Mit dem Selbstverst\u00e4ndnis der B\u00fcchereiarbeit beginnt der Jahresbericht. Die Gemeindeb\u00fccherei Kastl ist eine \u00f6ffentliche Einrichtung der Pfarrei und Gemeinde, die offen ist f\u00fcr jeden, unabh\u00e4ngig von Alter, Nationalit\u00e4t oder Konfession. Die B\u00fccherei tr\u00e4gt neben anderen Einrichtungen zur Versorgung der Bev\u00f6lkerung mit Information, Bildung und Unterhaltung bei. Sie bietet Medienvielfalt f\u00fcr unterschiedliche Zielgruppen zur Ausleihe an. Die Gemeindeb\u00fccherei versteht sich \u2013 aufgrund ihrer Zusammenarbeit mit verschiedenen Kooperationspartnern \u2013 als Bildungs- und Begegnungsst\u00e4tte.<\/p>\n<p>Die Entleihzahlen spiegeln die Attraktivit\u00e4t der B\u00fccherei wider. Trotz der Einschr\u00e4nkungen durch die Corona Pandemie, die noch Anfang des Jahres 2022 galten, konnten das ehrenamtliche B\u00fcchereiteam einen gro\u00dfartigen Erfolg mit einer Steigerung der Entleihzahlen um fast 30 % verbuchen. Die Kastler B\u00fccherei war ein sogenannter \u201eHoffnungsort f\u00fcr die Leser\u201c<\/p>\n<p>Einen gro\u00dfen Raum nehmen die vielen gro\u00dfartigen Veranstaltungen und Aktionen des B\u00fcchereiteams ein. Diese und anderes mehr, kann im\u00a0 <a href=\"https:\/\/gemeindebuechereikastl.de\/wp-content\/uploads\/2023\/05\/Jahresbericht-2022.pdf\"><strong>Jahresbericht 2022<\/strong><\/a>\u00a0 hier auf der Homepage nachgelesen werden.<\/p>\n<h4 style=\"text-align: center;\"><span style=\"color: #800000;\"><strong>Gro\u00dfes Lob kam auch vom Direktor des Sankt Michaelsbundes in M\u00fcnchen, dem Dachverband der B\u00fcchereien in Bayern. Er teilte mit, dass es wirklich beeindruckend ist, was das Kastler B\u00fcchereiteam auf die Beine stellt, Jahr f\u00fcr Jahr, Tag f\u00fcr Tag. Gro\u00dfartige Projekte und Veranstaltungen, viele Entleihungen, super Zuspruch seitens Eurer Besucherinnen und Besucher. Herzlichen Gl\u00fcckwunsch dazu, ich freue mich mit Euch \u00fcber all diese Erfolge!<\/strong><\/span><\/h4>\n","protected":false},"excerpt":{"rendered":"<p>\u00dcberragender Jahresbericht mit gro\u00dfartigen Veranstaltungen und Aktionen 2022\u00a0 an Pfarrer Johannes Arweck und B\u00fcrgermeister Stefan Braun \u00fcbergeben \u201eVon allen Welten, die der Mensch erschaffen hat, ist die der B\u00fccher die Gewaltigste..\u201c\u00a0 Heinrich Heine Dieser Bericht dokumentiert die hervorragende Arbeit des B\u00fcchereiteam im Jahr 2022 und zeugt von einem Arbeitsreichen Jahr in der Kastler B\u00fccherei in &hellip; <\/p>\n<p><a class=\"more-link btn\" href=\"https:\/\/gemeindebuechereikastl.de\/?p=3947\">Weiterlesen<\/a><\/p>\n","protected":false},"author":1,"featured_media":3948,"comment_status":"closed","ping_status":"closed","sticky":false,"template":"","format":"standard","meta":{"footnotes":""},"categories":[5],"tags":[481,337,268],"class_list":["post-3947","post","type-post","status-publish","format-standard","has-post-thumbnail","hentry","category-news","tag-481","tag-buechereiarbeit","tag-jahresbericht","item-wrap"],"_links":{"self":[{"href":"https:\/\/gemeindebuechereikastl.de\/index.php?rest_route=\/wp\/v2\/posts\/3947","targetHints":{"allow":["GET"]}}],"collection":[{"href":"https:\/\/gemeindebuechereikastl.de\/index.php?rest_route=\/wp\/v2\/posts"}],"about":[{"href":"https:\/\/gemeindebuechereikastl.de\/index.php?rest_route=\/wp\/v2\/types\/post"}],"author":[{"embeddable":true,"href":"https:\/\/gemeindebuechereikastl.de\/index.php?rest_route=\/wp\/v2\/users\/1"}],"replies":[{"embeddable":true,"href":"https:\/\/gemeindebuechereikastl.de\/index.php?rest_route=%2Fwp%2Fv2%2Fcomments&post=3947"}],"version-history":[{"count":6,"href":"https:\/\/gemeindebuechereikastl.de\/index.php?rest_route=\/wp\/v2\/posts\/3947\/revisions"}],"predecessor-version":[{"id":3959,"href":"https:\/\/gemeindebuechereikastl.de\/index.php?rest_route=\/wp\/v2\/posts\/3947\/revisions\/3959"}],"wp:featuredmedia":[{"embeddable":true,"href":"https:\/\/gemeindebuechereikastl.de\/index.php?rest_route=\/wp\/v2\/media\/3948"}],"wp:attachment":[{"href":"https:\/\/gemeindebuechereikastl.de\/index.php?rest_route=%2Fwp%2Fv2%2Fmedia&parent=3947"}],"wp:term":[{"taxonomy":"category","embeddable":true,"href":"https:\/\/gemeindebuechereikastl.de\/index.php?rest_route=%2Fwp%2Fv2%2Fcategories&post=3947"},{"taxonomy":"post_tag","embeddable":true,"href":"https:\/\/gemeindebuechereikastl.de\/index.php?rest_route=%2Fwp%2Fv2%2Ftags&post=3947"}],"curies":[{"name":"wp","href":"https:\/\/api.w.org\/{rel}","templated":true}]}}