{"id":3960,"date":"2023-05-09T14:05:37","date_gmt":"2023-05-09T14:05:37","guid":{"rendered":"https:\/\/gemeindebuechereikastl.de\/?p=3960"},"modified":"2023-05-09T14:32:01","modified_gmt":"2023-05-09T14:32:01","slug":"jahrestreffen-der-landkreisbuechereien-in-kastl","status":"publish","type":"post","link":"https:\/\/gemeindebuechereikastl.de\/?p=3960","title":{"rendered":"Jahrestreffen der Landkreisb\u00fcchereien in Kastl"},"content":{"rendered":"<h2 style=\"text-align: center;\"><span style=\"color: #ff6600;\"><strong>Vorstellung von neuen Medien(gruppen) in den B\u00fcchereien und Neuwahl des Leitungsteams waren Punkte beim Treffen der Landkreisb\u00fcchereien in Kastl<\/strong><\/span><\/h2>\n<p style=\"text-align: left;\">Zu Beginn des Jahrestreffens trafen sich die Mitarbeiter(innen) aus den B\u00fcchereien des Landkriese in der Gemeindeb\u00fccherei, hier ergaben sich rege Gespr\u00e4che zwischen den \u201aRegalen und mache holten sie Tipps \u00fcber bestimmte Mediengruppen und deren Ausleihbedingen.<br \/>\nAnschlie\u00dfend ging es mit der Tagesordnung im Jugendheim weiter mit Begr\u00fc\u00dfung durch KAG Vorsitzender Georg D\u00fcrr und den Gru\u00dfworten von Pfarrer Johannes Arweck und B\u00fcrgermeister Stefan Braun sowie der Vorstellung der neuen Di\u00f6zesanbibliothekarin f\u00fcr die Di\u00f6zese Eichst\u00e4tt Frau Martha Gottschalk.<\/p>\n<p><img loading=\"lazy\" decoding=\"async\" class=\"wp-image-3961 size-large alignnone\" src=\"https:\/\/gemeindebuechereikastl.de\/wp-content\/uploads\/2023\/05\/Landkreistreffen-1603x840.jpg\" alt=\"\" width=\"750\" height=\"393\" srcset=\"https:\/\/gemeindebuechereikastl.de\/wp-content\/uploads\/2023\/05\/Landkreistreffen-1603x840.jpg 1603w, https:\/\/gemeindebuechereikastl.de\/wp-content\/uploads\/2023\/05\/Landkreistreffen-300x157.jpg 300w, https:\/\/gemeindebuechereikastl.de\/wp-content\/uploads\/2023\/05\/Landkreistreffen-768x403.jpg 768w, https:\/\/gemeindebuechereikastl.de\/wp-content\/uploads\/2023\/05\/Landkreistreffen-1536x805.jpg 1536w, https:\/\/gemeindebuechereikastl.de\/wp-content\/uploads\/2023\/05\/Landkreistreffen-2048x1073.jpg 2048w, https:\/\/gemeindebuechereikastl.de\/wp-content\/uploads\/2023\/05\/Landkreistreffen-750x393.jpg 750w\" sizes=\"auto, (max-width: 750px) 100vw, 750px\" \/><\/p>\n<p>Bei der Vorstellung von neuen Medien(gruppen) in den B\u00fcchereien zeigte Di\u00f6zesanbibliothekarin Christina Schn\u00f6dt aus Regensburg die neuen Trends auf.\u00a0 Zum einem die Rubrik der \u201eMangas\u201c als gro\u00dfer Ausleihrenner \/ Comics: Hier sind die Marvel Comics stark im Kommen \/ Ein neuer Trend sind auch die \u201emobi-sticks\u201c hier mehrere H\u00f6rb\u00fccher auf einem USB-Stick \/ oder Videogames\/Konsolenspiele. Weitere Neuheit \u201eBee Bot\u201c ist ein kleiner Roboter, der sich mit Hilfe von Tasten programmieren l\u00e4sst oder eine Saatgutb\u00fccherei einer Tauschb\u00f6rse f\u00fcr Saatgut, die bereits in einigen B\u00fcchereien praktiziert wird.<br \/>\n<img loading=\"lazy\" decoding=\"async\" class=\"wp-image-3963 alignleft\" src=\"https:\/\/gemeindebuechereikastl.de\/wp-content\/uploads\/2023\/05\/KAG-2-1603x902.jpg\" alt=\"\" width=\"423\" height=\"238\" srcset=\"https:\/\/gemeindebuechereikastl.de\/wp-content\/uploads\/2023\/05\/KAG-2-1603x902.jpg 1603w, https:\/\/gemeindebuechereikastl.de\/wp-content\/uploads\/2023\/05\/KAG-2-300x169.jpg 300w, https:\/\/gemeindebuechereikastl.de\/wp-content\/uploads\/2023\/05\/KAG-2-768x432.jpg 768w, https:\/\/gemeindebuechereikastl.de\/wp-content\/uploads\/2023\/05\/KAG-2-1536x865.jpg 1536w, https:\/\/gemeindebuechereikastl.de\/wp-content\/uploads\/2023\/05\/KAG-2-2048x1153.jpg 2048w, https:\/\/gemeindebuechereikastl.de\/wp-content\/uploads\/2023\/05\/KAG-2-750x422.jpg 750w\" sizes=\"auto, (max-width: 423px) 100vw, 423px\" \/>KAG Vorsitzender Georg D\u00fcrr beleuchtete die Jahresstatistik 2022 des Landkreises. Er referierte \u00fcber das Bestandsmanagment in den B\u00fcchereien und das der &#8222;Umsatz&#8220; ein wichtiger Gradmesser f\u00fcr die Aktualit\u00e4t und Attraktivit\u00e4t des Angebotes einer B\u00fccherei sei.<br \/>\nDie Neuwahl des Leitungsteams f\u00fcr die KAG (Kreisarbeitsgemeinschaft) der \u00f6ffentlichen B\u00fcchereien im Landkreis Amberg-Sulzbach war n\u00f6tig, da die Amtszeit 3 Jahre betr\u00e4gt und die letzte Wahl 2018 in Schnaittenbach stattfand. Wegen Corona hat sich die Zeit auf 5 Jahre verl\u00e4ngert. Ergebnis der Wahl: Georg D\u00fcrr aus Kastl, Rita Falk aus Schnaittenbach und Elisabeth McBride aus <img loading=\"lazy\" decoding=\"async\" class=\"alignright wp-image-3962 \" src=\"https:\/\/gemeindebuechereikastl.de\/wp-content\/uploads\/2023\/05\/KAG-1-1603x902.jpg\" alt=\"\" width=\"409\" height=\"230\" srcset=\"https:\/\/gemeindebuechereikastl.de\/wp-content\/uploads\/2023\/05\/KAG-1-1603x902.jpg 1603w, https:\/\/gemeindebuechereikastl.de\/wp-content\/uploads\/2023\/05\/KAG-1-300x169.jpg 300w, https:\/\/gemeindebuechereikastl.de\/wp-content\/uploads\/2023\/05\/KAG-1-768x432.jpg 768w, https:\/\/gemeindebuechereikastl.de\/wp-content\/uploads\/2023\/05\/KAG-1-1536x865.jpg 1536w, https:\/\/gemeindebuechereikastl.de\/wp-content\/uploads\/2023\/05\/KAG-1-2048x1153.jpg 2048w, https:\/\/gemeindebuechereikastl.de\/wp-content\/uploads\/2023\/05\/KAG-1-750x422.jpg 750w\" sizes=\"auto, (max-width: 409px) 100vw, 409px\" \/>Ammersricht wurden als Leitungsteam wiedergew\u00e4hlt.<br \/>\nGeorg D\u00fcrr berichtete vom geplanten Tagesausflug nach M\u00fcnchen zur Zentrale des Michaelsbundes, f\u00fcr alle B\u00fcchereiteams im Landkreis am Samstag, den 14. Oktober 2023. Dieser umfasst am Vormittag die Besichtigung der Zentrale des Michaelsbundes und am Nachmittag eine Stadtrundfahrt mit der Tram mit anschlie\u00dfender Zeit f\u00fcr eigene Aktivit\u00e4ten. Zum Ende der Versammlung gab es noch Infos, was es beim Michaelsbund Neues gibt.<\/p>\n","protected":false},"excerpt":{"rendered":"<p>Vorstellung von neuen Medien(gruppen) in den B\u00fcchereien und Neuwahl des Leitungsteams waren Punkte beim Treffen der Landkreisb\u00fcchereien in Kastl Zu Beginn des Jahrestreffens trafen sich die Mitarbeiter(innen) aus den B\u00fcchereien des Landkriese in der Gemeindeb\u00fccherei, hier ergaben sich rege Gespr\u00e4che zwischen den \u201aRegalen und mache holten sie Tipps \u00fcber bestimmte Mediengruppen und deren Ausleihbedingen. Anschlie\u00dfend &hellip; <\/p>\n<p><a class=\"more-link btn\" href=\"https:\/\/gemeindebuechereikastl.de\/?p=3960\">Weiterlesen<\/a><\/p>\n","protected":false},"author":1,"featured_media":3961,"comment_status":"closed","ping_status":"closed","sticky":false,"template":"","format":"standard","meta":{"footnotes":""},"categories":[5],"tags":[103,482,73,97,96],"class_list":["post-3960","post","type-post","status-publish","format-standard","has-post-thumbnail","hentry","category-news","tag-jahrestreffen","tag-kag","tag-kastl","tag-landkreis","tag-landkreisbuechereien","item-wrap"],"_links":{"self":[{"href":"https:\/\/gemeindebuechereikastl.de\/index.php?rest_route=\/wp\/v2\/posts\/3960","targetHints":{"allow":["GET"]}}],"collection":[{"href":"https:\/\/gemeindebuechereikastl.de\/index.php?rest_route=\/wp\/v2\/posts"}],"about":[{"href":"https:\/\/gemeindebuechereikastl.de\/index.php?rest_route=\/wp\/v2\/types\/post"}],"author":[{"embeddable":true,"href":"https:\/\/gemeindebuechereikastl.de\/index.php?rest_route=\/wp\/v2\/users\/1"}],"replies":[{"embeddable":true,"href":"https:\/\/gemeindebuechereikastl.de\/index.php?rest_route=%2Fwp%2Fv2%2Fcomments&post=3960"}],"version-history":[{"count":5,"href":"https:\/\/gemeindebuechereikastl.de\/index.php?rest_route=\/wp\/v2\/posts\/3960\/revisions"}],"predecessor-version":[{"id":3968,"href":"https:\/\/gemeindebuechereikastl.de\/index.php?rest_route=\/wp\/v2\/posts\/3960\/revisions\/3968"}],"wp:featuredmedia":[{"embeddable":true,"href":"https:\/\/gemeindebuechereikastl.de\/index.php?rest_route=\/wp\/v2\/media\/3961"}],"wp:attachment":[{"href":"https:\/\/gemeindebuechereikastl.de\/index.php?rest_route=%2Fwp%2Fv2%2Fmedia&parent=3960"}],"wp:term":[{"taxonomy":"category","embeddable":true,"href":"https:\/\/gemeindebuechereikastl.de\/index.php?rest_route=%2Fwp%2Fv2%2Fcategories&post=3960"},{"taxonomy":"post_tag","embeddable":true,"href":"https:\/\/gemeindebuechereikastl.de\/index.php?rest_route=%2Fwp%2Fv2%2Ftags&post=3960"}],"curies":[{"name":"wp","href":"https:\/\/api.w.org\/{rel}","templated":true}]}}