{"id":3981,"date":"2023-05-12T09:23:19","date_gmt":"2023-05-12T09:23:19","guid":{"rendered":"https:\/\/gemeindebuechereikastl.de\/?p=3981"},"modified":"2023-05-12T09:23:36","modified_gmt":"2023-05-12T09:23:36","slug":"der-neue-newsletter-2-2023-ist-auf-der-hoempage-nachzulesen","status":"publish","type":"post","link":"https:\/\/gemeindebuechereikastl.de\/?p=3981","title":{"rendered":"Der neue Newsletter 2\/2023 ist auf der Hoempage nachzulesen"},"content":{"rendered":"<h2 style=\"text-align: center;\"><span style=\"color: #ff6600;\"><strong>Der neue Newsletter 2\/2023 der Gemeindeb\u00fccherei Kastl der bereits an alle Leser ging, kann auch hier auf der Homepage nachgelesen werden<\/strong><\/span><\/h2>\n<p><img loading=\"lazy\" decoding=\"async\" class=\"aligncenter wp-image-3982 size-full\" src=\"https:\/\/gemeindebuechereikastl.de\/wp-content\/uploads\/2023\/05\/Newsletter-2-2023-seite.jpg\" alt=\"\" width=\"1184\" height=\"357\" srcset=\"https:\/\/gemeindebuechereikastl.de\/wp-content\/uploads\/2023\/05\/Newsletter-2-2023-seite.jpg 1184w, https:\/\/gemeindebuechereikastl.de\/wp-content\/uploads\/2023\/05\/Newsletter-2-2023-seite-300x90.jpg 300w, https:\/\/gemeindebuechereikastl.de\/wp-content\/uploads\/2023\/05\/Newsletter-2-2023-seite-768x232.jpg 768w, https:\/\/gemeindebuechereikastl.de\/wp-content\/uploads\/2023\/05\/Newsletter-2-2023-seite-750x226.jpg 750w\" sizes=\"auto, (max-width: 1184px) 100vw, 1184px\" \/><\/p>\n<div class=\"entry-content clearfix\">\n<p style=\"text-align: left;\">Aktuell und immer auf der H\u00f6he der Zeit so pr\u00e4sentieren wir Ihnen das ganze Jahr hindurch neue Literatur. Die Fr\u00fchjahrsnovit\u00e4ten mit diversen Bestsellern sind bereits seit Ostern da und k\u00f6nnen entliehen werden. Die n\u00e4chste gr\u00f6\u00dfere Bestellung gibt es dann im Herbst bei unserem Tag der offenen T\u00fcr. Auch in den Sommermonaten 2023 ist in der Gemeindeb\u00fccherei Kastl wieder einiges geboten. Neben unserem hervorragenden Angebot an B\u00fcchern und Medien sowie E-Books, gibt es auch verschiedenste Angebote an Aktionen und Veranstaltung f\u00fcr klein und gro\u00df in der B\u00fccherei. Weitere Infos dazu im aktuellen Newsletter nachzulesen. Hier informieren wir vom Team alle Interessierten \u00fcber unsere Arbeit und Aktionen sowie Neuigkeiten, die es in der B\u00fccherei gibt, in kompakter Form.<\/p>\n<p style=\"text-align: left;\"><strong>Ihr B\u00fcchereiteam<\/strong><\/p>\n<p style=\"text-align: left;\"><strong>Alle Newsletter der Gemeindeb\u00fccherei Kastl finden Sie unter<br \/>\n<a href=\"https:\/\/gemeindebuechereikastl.de\/?page_id=2915\">Jahresberichte + Newsletter<\/a><\/strong><\/p>\n<\/div>\n","protected":false},"excerpt":{"rendered":"<p>Der neue Newsletter 2\/2023 der Gemeindeb\u00fccherei Kastl der bereits an alle Leser ging, kann auch hier auf der Homepage nachgelesen werden Aktuell und immer auf der H\u00f6he der Zeit so pr\u00e4sentieren wir Ihnen das ganze Jahr hindurch neue Literatur. Die Fr\u00fchjahrsnovit\u00e4ten mit diversen Bestsellern sind bereits seit Ostern da und k\u00f6nnen entliehen werden. Die n\u00e4chste &hellip; <\/p>\n<p><a class=\"more-link btn\" href=\"https:\/\/gemeindebuechereikastl.de\/?p=3981\">Weiterlesen<\/a><\/p>\n","protected":false},"author":1,"featured_media":3982,"comment_status":"closed","ping_status":"closed","sticky":false,"template":"","format":"standard","meta":{"footnotes":""},"categories":[5],"tags":[485,11,443,442],"class_list":["post-3981","post","type-post","status-publish","format-standard","has-post-thumbnail","hentry","category-news","tag-aktionen","tag-buecherei","tag-information","tag-newsletter","item-wrap"],"_links":{"self":[{"href":"https:\/\/gemeindebuechereikastl.de\/index.php?rest_route=\/wp\/v2\/posts\/3981","targetHints":{"allow":["GET"]}}],"collection":[{"href":"https:\/\/gemeindebuechereikastl.de\/index.php?rest_route=\/wp\/v2\/posts"}],"about":[{"href":"https:\/\/gemeindebuechereikastl.de\/index.php?rest_route=\/wp\/v2\/types\/post"}],"author":[{"embeddable":true,"href":"https:\/\/gemeindebuechereikastl.de\/index.php?rest_route=\/wp\/v2\/users\/1"}],"replies":[{"embeddable":true,"href":"https:\/\/gemeindebuechereikastl.de\/index.php?rest_route=%2Fwp%2Fv2%2Fcomments&post=3981"}],"version-history":[{"count":2,"href":"https:\/\/gemeindebuechereikastl.de\/index.php?rest_route=\/wp\/v2\/posts\/3981\/revisions"}],"predecessor-version":[{"id":3984,"href":"https:\/\/gemeindebuechereikastl.de\/index.php?rest_route=\/wp\/v2\/posts\/3981\/revisions\/3984"}],"wp:featuredmedia":[{"embeddable":true,"href":"https:\/\/gemeindebuechereikastl.de\/index.php?rest_route=\/wp\/v2\/media\/3982"}],"wp:attachment":[{"href":"https:\/\/gemeindebuechereikastl.de\/index.php?rest_route=%2Fwp%2Fv2%2Fmedia&parent=3981"}],"wp:term":[{"taxonomy":"category","embeddable":true,"href":"https:\/\/gemeindebuechereikastl.de\/index.php?rest_route=%2Fwp%2Fv2%2Fcategories&post=3981"},{"taxonomy":"post_tag","embeddable":true,"href":"https:\/\/gemeindebuechereikastl.de\/index.php?rest_route=%2Fwp%2Fv2%2Ftags&post=3981"}],"curies":[{"name":"wp","href":"https:\/\/api.w.org\/{rel}","templated":true}]}}