{"id":4044,"date":"2023-05-30T07:56:43","date_gmt":"2023-05-30T07:56:43","guid":{"rendered":"https:\/\/gemeindebuechereikastl.de\/?p=4044"},"modified":"2023-05-30T09:01:01","modified_gmt":"2023-05-30T09:01:01","slug":"nur-noch-wenige-karten-fuer-konzert-mit-monika-drasch","status":"publish","type":"post","link":"https:\/\/gemeindebuechereikastl.de\/?p=4044","title":{"rendered":"Nur noch wenige Karten f\u00fcr Konzert mit Monika Drasch"},"content":{"rendered":"<h2 style=\"text-align: center;\"><span style=\"color: #ff6600;\"><strong>Restkarten f\u00fcr Konzert mit Monika Drasch am Freitag, 16. Juni sind noch im Salon Fromm (Boader Albert) und in der B\u00fccherei erh\u00e4ltlich<\/strong><\/span><\/h2>\n<p>Auf Einladung des B\u00fcchereiteams der Gemeindeb\u00fccherei, kommt Monika Drasch f\u00fcr ein besondere Konzert mit \u201eLiedern zwischen Himmel und Erde\u201c nach Kastl. Das Konzert mit Monika Drasch am Freitag, 16. Juni 2023 findet im Pfarrgarten auf der Klosterburg statt. Es gibt noch Restkarten, diese sind noch im Salon Fromm (Boader Albert) und in der Gemeindeb\u00fccherei Kastl zu den \u00d6ffnungszeiten erh\u00e4ltlich. Die Eintrittskarte kostet im Vorverkauf 12,- Euro und an der Abendkasse 15,- Euro. Einlass f\u00fcr das Konzert ist um 19.00 Uhr und Beginn um 20.00 Uhr.<\/p>\n<p><img loading=\"lazy\" decoding=\"async\" class=\"aligncenter wp-image-3832 \" src=\"https:\/\/gemeindebuechereikastl.de\/wp-content\/uploads\/2023\/03\/Lieder-zwischen-Himmel-und-Erde-1603x837.jpg\" alt=\"\" width=\"714\" height=\"373\" srcset=\"https:\/\/gemeindebuechereikastl.de\/wp-content\/uploads\/2023\/03\/Lieder-zwischen-Himmel-und-Erde-1603x837.jpg 1603w, https:\/\/gemeindebuechereikastl.de\/wp-content\/uploads\/2023\/03\/Lieder-zwischen-Himmel-und-Erde-300x157.jpg 300w, https:\/\/gemeindebuechereikastl.de\/wp-content\/uploads\/2023\/03\/Lieder-zwischen-Himmel-und-Erde-768x401.jpg 768w, https:\/\/gemeindebuechereikastl.de\/wp-content\/uploads\/2023\/03\/Lieder-zwischen-Himmel-und-Erde-1536x802.jpg 1536w, https:\/\/gemeindebuechereikastl.de\/wp-content\/uploads\/2023\/03\/Lieder-zwischen-Himmel-und-Erde-750x391.jpg 750w, https:\/\/gemeindebuechereikastl.de\/wp-content\/uploads\/2023\/03\/Lieder-zwischen-Himmel-und-Erde.jpg 1640w\" sizes=\"auto, (max-width: 714px) 100vw, 714px\" \/><\/p>\n<p>Monika Drasch wuchs im Weiler Hub bei Hengersberg als Bauerstochter und Klostersch\u00fclerin auf, was naturgem\u00e4\u00df ma\u00dfgeblich den Weg ebnete, im zarten Erwachsenenalter als rothaariger Vamp mit gr\u00fcnen Str\u00fcmpfen, gr\u00fcner Geige und niederbairischer Mundart die B\u00fchnen der Welt (Europa, Russland, Bayern \u2026) zu erst\u00fcrmen. Die Gr\u00fcne Geige blieb ihr Markenzeichen beim Bairisch-Diatonischen Jodelwahnsinn (1991-2002), Hubert von Goisern (2004), Hans Well (2012\u20132013) und der eigenen Band (seit 2012). Dabei verf\u00fcgt sie \u00fcber ein reiches Instrumentarium, als da w\u00e4ren Zither, Saxofon, Drehleier, Blockfl\u00f6ten, Dudelsack und weitere mehr.<img loading=\"lazy\" decoding=\"async\" class=\"wp-image-3935 alignleft\" src=\"https:\/\/gemeindebuechereikastl.de\/wp-content\/uploads\/2023\/04\/Konzert-1603x1091.jpg\" alt=\"\" width=\"482\" height=\"328\" srcset=\"https:\/\/gemeindebuechereikastl.de\/wp-content\/uploads\/2023\/04\/Konzert-1603x1091.jpg 1603w, https:\/\/gemeindebuechereikastl.de\/wp-content\/uploads\/2023\/04\/Konzert-300x204.jpg 300w, https:\/\/gemeindebuechereikastl.de\/wp-content\/uploads\/2023\/04\/Konzert-768x523.jpg 768w, https:\/\/gemeindebuechereikastl.de\/wp-content\/uploads\/2023\/04\/Konzert-1536x1046.jpg 1536w, https:\/\/gemeindebuechereikastl.de\/wp-content\/uploads\/2023\/04\/Konzert-2048x1394.jpg 2048w, https:\/\/gemeindebuechereikastl.de\/wp-content\/uploads\/2023\/04\/Konzert-750x511.jpg 750w\" sizes=\"auto, (max-width: 482px) 100vw, 482px\" \/><\/p>\n<p><strong>Die Wanderin zwischen herzlicher musikalischer Ausgelassenheit und tiefsinnigem Sinnieren verbindet traditionelle Musik mit neuen Klangideen, klassische Texte und Musik mit Dialekt und historisch- kulturelle Themen mit niederbayerischen Arien und Gstanzln.<\/strong><\/p>\n<p>Monika Drasch kommt in hochkar\u00e4tiger neuer Quartettbesetzung nach Kastl, mit Norbert Nagel, der Meister auf Klarinette und Saxofon, Alex Haas setzt die tragenden Untert\u00f6ne mit Kontrabass und Stimme, sowie Alexandra Herzinger auf der Gitarre und nat\u00fcrlich Monika Drasch. Die exzellenten Musiker begeistern durch Virtuosit\u00e4t und musikantische Spielfreude \u2013 und schnell ist klar, dass sie nicht alle aus der Volksmusik kommen. Da vereinen sich Dreiklangseligkeit, klassische Kammermusik und Jazz. So entstehen \u00fcberraschende und spannungsvolle Momente: Eine h\u00f6chst musikalisch in Szene gesetzte Grenzbegehung. Monika Drasch gibt mit ihrer gewohnten B\u00fchnenpr\u00e4senz den Ton an.<\/p>\n<p>Vor kurzem war Monika Drasch im BR beim Gipfletreffen mit Werner Schmidbauer zu sehen. F\u00fcr Interssierte der Link zur Sendung mit Monika Drasch im BR\u00a0 <a href=\"https:\/\/www.ardmediathek.de\/video\/gipfeltreffen\/werner-schmidbauer-trifft-monika-drasch\/br-fernsehen\/Y3JpZDovL2JyLmRlL3ZpZGVvLzM4MGU2MmUxLTRkZTItNDhlZC04NTE4LWJhMDI5Y2E2MDQ2OA\"><strong>Gipfletreffen \/ Monika Drasch<\/strong><\/a><\/p>\n","protected":false},"excerpt":{"rendered":"<p>Restkarten f\u00fcr Konzert mit Monika Drasch am Freitag, 16. Juni sind noch im Salon Fromm (Boader Albert) und in der B\u00fccherei erh\u00e4ltlich Auf Einladung des B\u00fcchereiteams der Gemeindeb\u00fccherei, kommt Monika Drasch f\u00fcr ein besondere Konzert mit \u201eLiedern zwischen Himmel und Erde\u201c nach Kastl. Das Konzert mit Monika Drasch am Freitag, 16. Juni 2023 findet im &hellip; <\/p>\n<p><a class=\"more-link btn\" href=\"https:\/\/gemeindebuechereikastl.de\/?p=4044\">Weiterlesen<\/a><\/p>\n","protected":false},"author":1,"featured_media":3832,"comment_status":"closed","ping_status":"closed","sticky":false,"template":"","format":"standard","meta":{"footnotes":""},"categories":[5],"tags":[257,468,106,456,467],"class_list":["post-4044","post","type-post","status-publish","format-standard","has-post-thumbnail","hentry","category-news","tag-karten","tag-klosterburg","tag-konzert","tag-monika-drasch","tag-pfarrgarten","item-wrap"],"_links":{"self":[{"href":"https:\/\/gemeindebuechereikastl.de\/index.php?rest_route=\/wp\/v2\/posts\/4044","targetHints":{"allow":["GET"]}}],"collection":[{"href":"https:\/\/gemeindebuechereikastl.de\/index.php?rest_route=\/wp\/v2\/posts"}],"about":[{"href":"https:\/\/gemeindebuechereikastl.de\/index.php?rest_route=\/wp\/v2\/types\/post"}],"author":[{"embeddable":true,"href":"https:\/\/gemeindebuechereikastl.de\/index.php?rest_route=\/wp\/v2\/users\/1"}],"replies":[{"embeddable":true,"href":"https:\/\/gemeindebuechereikastl.de\/index.php?rest_route=%2Fwp%2Fv2%2Fcomments&post=4044"}],"version-history":[{"count":5,"href":"https:\/\/gemeindebuechereikastl.de\/index.php?rest_route=\/wp\/v2\/posts\/4044\/revisions"}],"predecessor-version":[{"id":4049,"href":"https:\/\/gemeindebuechereikastl.de\/index.php?rest_route=\/wp\/v2\/posts\/4044\/revisions\/4049"}],"wp:featuredmedia":[{"embeddable":true,"href":"https:\/\/gemeindebuechereikastl.de\/index.php?rest_route=\/wp\/v2\/media\/3832"}],"wp:attachment":[{"href":"https:\/\/gemeindebuechereikastl.de\/index.php?rest_route=%2Fwp%2Fv2%2Fmedia&parent=4044"}],"wp:term":[{"taxonomy":"category","embeddable":true,"href":"https:\/\/gemeindebuechereikastl.de\/index.php?rest_route=%2Fwp%2Fv2%2Fcategories&post=4044"},{"taxonomy":"post_tag","embeddable":true,"href":"https:\/\/gemeindebuechereikastl.de\/index.php?rest_route=%2Fwp%2Fv2%2Ftags&post=4044"}],"curies":[{"name":"wp","href":"https:\/\/api.w.org\/{rel}","templated":true}]}}