{"id":4051,"date":"2023-06-03T13:17:00","date_gmt":"2023-06-03T13:17:00","guid":{"rendered":"https:\/\/gemeindebuechereikastl.de\/?p=4051"},"modified":"2023-06-03T13:22:33","modified_gmt":"2023-06-03T13:22:33","slug":"die-anmeldung-fuer-die-ferienfahrt-nach-wunsiedel-ab-sofort-moeglich","status":"publish","type":"post","link":"https:\/\/gemeindebuechereikastl.de\/?p=4051","title":{"rendered":"Die Anmeldung f\u00fcr &#8222;Die Sch\u00f6ne und das Biest&#8220; ab sofort in der B\u00fccherei m\u00f6glich"},"content":{"rendered":"<h2 style=\"text-align: center;\"><span style=\"color: #ff6600;\"><strong>\u00a0Ferienfahrt zum Familienst\u00fcck &#8222;Die Sch\u00f6ne und das Biest&#8220; <\/strong><strong>am Samstag, 5. August bei den Luisenburg-Festspielen &#8211; <\/strong><strong>Anmeldung ab sofort\u00a0 m\u00f6glich!<\/strong><\/span><\/h2>\n<h4 style=\"text-align: center;\"><strong>DIE SCH\u00d6NE UND DAS BIEST ist ein zauberhaftes Spektakel f\u00fcr Gro\u00df und Klein, ein klassisches Familienschauspiel, das den bekannten Stoff so spannend wie witzig, so ber\u00fchrend wie poetisch pr\u00e4sentiert.<\/strong><\/h4>\n<p><img loading=\"lazy\" decoding=\"async\" class=\"aligncenter wp-image-4052 size-full\" src=\"https:\/\/gemeindebuechereikastl.de\/wp-content\/uploads\/2023\/06\/schoene.jpg\" alt=\"\" width=\"1200\" height=\"800\" srcset=\"https:\/\/gemeindebuechereikastl.de\/wp-content\/uploads\/2023\/06\/schoene.jpg 1200w, https:\/\/gemeindebuechereikastl.de\/wp-content\/uploads\/2023\/06\/schoene-300x200.jpg 300w, https:\/\/gemeindebuechereikastl.de\/wp-content\/uploads\/2023\/06\/schoene-768x512.jpg 768w, https:\/\/gemeindebuechereikastl.de\/wp-content\/uploads\/2023\/06\/schoene-750x500.jpg 750w\" sizes=\"auto, (max-width: 1200px) 100vw, 1200px\" \/><\/p>\n<h4>Familienschauspiel nach dem franz\u00f6sischen M\u00e4rchen LA BELLE ET LA B\u00caTE<\/h4>\n<p>Der tollpatschige Graf Bertrand ger\u00e4t ins Feenreich, das kein Mensch betreten darf und wird zur Strafe in ein f\u00fcrchterliches Zottelbiest verwandelt. Die Feen sind begeistert \u00fcber ihre Tatkraft \u2013 nur eine nicht. Sie mag Menschen und glaubt an den guten Kern des verzauberten Grafen. Sie mischt sich heimlich ein und bringt die beherzte Belle, Tochter eines Baumeisters, ins Spiel. Denn der Zauber der Feen wirkt nicht ewig. Wenn es dem Biest gelingt, dass ein Wesen freiwillig an seiner Seite bleibt, l\u00f6st sich der Bann. Aber wer will schon an der Seite eines br\u00fcllenden Monstrums sein? Auch Belle, die nun pl\u00f6tzlich im Grafenschloss festsitzt, findet das Biest alles andere als sympathisch\u2026Ob das gut gehen wird?<\/p>\n<div class=\"embed-container\"><iframe loading=\"lazy\" title=\"DIE SCH\u00d6NE UND DAS BIEST | TEASER | FAMILIENSCHAUSPIEL 2023 | LUISENBURG-FESTSPIELE\" width=\"750\" height=\"422\" src=\"https:\/\/www.youtube.com\/embed\/N0JSIs3xX8U?feature=oembed\" frameborder=\"0\" allow=\"accelerometer; autoplay; clipboard-write; encrypted-media; gyroscope; picture-in-picture; web-share\" allowfullscreen><\/iframe><\/div>\n<p><strong>PROGRAMM:<img loading=\"lazy\" decoding=\"async\" class=\"alignright wp-image-4004 \" src=\"https:\/\/gemeindebuechereikastl.de\/wp-content\/uploads\/2023\/05\/Greifvogel-1603x1069.jpg\" alt=\"\" width=\"368\" height=\"245\" srcset=\"https:\/\/gemeindebuechereikastl.de\/wp-content\/uploads\/2023\/05\/Greifvogel-1603x1069.jpg 1603w, https:\/\/gemeindebuechereikastl.de\/wp-content\/uploads\/2023\/05\/Greifvogel-300x200.jpg 300w, https:\/\/gemeindebuechereikastl.de\/wp-content\/uploads\/2023\/05\/Greifvogel-768x512.jpg 768w, https:\/\/gemeindebuechereikastl.de\/wp-content\/uploads\/2023\/05\/Greifvogel-1536x1024.jpg 1536w, https:\/\/gemeindebuechereikastl.de\/wp-content\/uploads\/2023\/05\/Greifvogel-2048x1365.jpg 2048w, https:\/\/gemeindebuechereikastl.de\/wp-content\/uploads\/2023\/05\/Greifvogel-750x500.jpg 750w\" sizes=\"auto, (max-width: 368px) 100vw, 368px\" \/><br \/>\n08.00 Uhr &#8211; Abfahrt am Alten Bahnhof in Kastl<\/strong><br \/>\n<strong>10.30 Uhr &#8211; Beginn des St\u00fcckes \u201eDie Sch\u00f6ne und das Biest\u201c<\/strong><br \/>\n<strong>ca. 12.00 Uhr &#8211; Fahrt zum Greifvogelpark nach Wunsiedel im \u201eB\u00fcrgerpark Katharinenberg\u201c\u00a0 <\/strong><br \/>\n<strong>15.00 Uhr &#8211; Beginn der Flugvorf\u00fchrung im Greifvogelpark<\/strong><br \/>\n<strong>16.00 Uhr &#8211; R\u00fcckfahrt nach Kastl<\/strong><\/p>\n<p><strong>Der FAHRPREIS (Eintrittskarte und Busfahrt) betr\u00e4gt (Dank eines Zuschusses der Gemeinde Kastl) f\u00fcr Kinder 16,00 Euro und f\u00fcr Erwachsene 32,00 Euro.<\/strong><\/p>\n<p><b>Die Anmeldung ist der B\u00fccherei zu den \u00d6ffnungszeiten m\u00f6glich. Bei der Anmeldung ist der gesamte Fahrpreis zu bezahlen, zus\u00e4tzlich kann auch der <strong>Eintritt in den Greifvogelpark mit Flugvorf\u00fchrung mit beglichen werden. <\/strong><\/b><strong><img loading=\"lazy\" decoding=\"async\" class=\" wp-image-4005 alignleft\" src=\"https:\/\/gemeindebuechereikastl.de\/wp-content\/uploads\/2023\/05\/Logo-Greifvogelpark.jpg\" alt=\"\" width=\"112\" height=\"112\" srcset=\"https:\/\/gemeindebuechereikastl.de\/wp-content\/uploads\/2023\/05\/Logo-Greifvogelpark.jpg 300w, https:\/\/gemeindebuechereikastl.de\/wp-content\/uploads\/2023\/05\/Logo-Greifvogelpark-150x150.jpg 150w\" sizes=\"auto, (max-width: 112px) 100vw, 112px\" \/><\/strong><\/p>\n<p><strong>Der Gruppenpreis f\u00fcr den Greifvogelpark kostet f\u00fcr Kinder 4,50 Euro und f\u00fcr Erwachsene 8,00 Euro. Kinder unter 3 Jahren haben freien Eintritt.<\/strong><\/p>\n<h4><strong><a href=\"https:\/\/gemeindebuechereikastl.de\/wp-content\/uploads\/2023\/06\/Ferienfahrt-2023-Die-Schoene-und-das-Biest.pdf\">Flyer &#8211; Ferienfahrt 2023 &#8211; Die Sch\u00f6ne und das Biest<\/a><\/strong><\/h4>\n","protected":false},"excerpt":{"rendered":"<p>\u00a0Ferienfahrt zum Familienst\u00fcck &#8222;Die Sch\u00f6ne und das Biest&#8220; am Samstag, 5. August bei den Luisenburg-Festspielen &#8211; Anmeldung ab sofort\u00a0 m\u00f6glich! DIE SCH\u00d6NE UND DAS BIEST ist ein zauberhaftes Spektakel f\u00fcr Gro\u00df und Klein, ein klassisches Familienschauspiel, das den bekannten Stoff so spannend wie witzig, so ber\u00fchrend wie poetisch pr\u00e4sentiert. Familienschauspiel nach dem franz\u00f6sischen M\u00e4rchen LA &hellip; <\/p>\n<p><a class=\"more-link btn\" href=\"https:\/\/gemeindebuechereikastl.de\/?p=4051\">Weiterlesen<\/a><\/p>\n","protected":false},"author":1,"featured_media":4052,"comment_status":"closed","ping_status":"closed","sticky":false,"template":"","format":"standard","meta":{"footnotes":""},"categories":[5],"tags":[52,70,240,53],"class_list":["post-4051","post","type-post","status-publish","format-standard","has-post-thumbnail","hentry","category-news","tag-ferienfahrt","tag-luisenburg","tag-maerchen","tag-wunsiedel","item-wrap"],"_links":{"self":[{"href":"https:\/\/gemeindebuechereikastl.de\/index.php?rest_route=\/wp\/v2\/posts\/4051","targetHints":{"allow":["GET"]}}],"collection":[{"href":"https:\/\/gemeindebuechereikastl.de\/index.php?rest_route=\/wp\/v2\/posts"}],"about":[{"href":"https:\/\/gemeindebuechereikastl.de\/index.php?rest_route=\/wp\/v2\/types\/post"}],"author":[{"embeddable":true,"href":"https:\/\/gemeindebuechereikastl.de\/index.php?rest_route=\/wp\/v2\/users\/1"}],"replies":[{"embeddable":true,"href":"https:\/\/gemeindebuechereikastl.de\/index.php?rest_route=%2Fwp%2Fv2%2Fcomments&post=4051"}],"version-history":[{"count":3,"href":"https:\/\/gemeindebuechereikastl.de\/index.php?rest_route=\/wp\/v2\/posts\/4051\/revisions"}],"predecessor-version":[{"id":4056,"href":"https:\/\/gemeindebuechereikastl.de\/index.php?rest_route=\/wp\/v2\/posts\/4051\/revisions\/4056"}],"wp:featuredmedia":[{"embeddable":true,"href":"https:\/\/gemeindebuechereikastl.de\/index.php?rest_route=\/wp\/v2\/media\/4052"}],"wp:attachment":[{"href":"https:\/\/gemeindebuechereikastl.de\/index.php?rest_route=%2Fwp%2Fv2%2Fmedia&parent=4051"}],"wp:term":[{"taxonomy":"category","embeddable":true,"href":"https:\/\/gemeindebuechereikastl.de\/index.php?rest_route=%2Fwp%2Fv2%2Fcategories&post=4051"},{"taxonomy":"post_tag","embeddable":true,"href":"https:\/\/gemeindebuechereikastl.de\/index.php?rest_route=%2Fwp%2Fv2%2Ftags&post=4051"}],"curies":[{"name":"wp","href":"https:\/\/api.w.org\/{rel}","templated":true}]}}