{"id":4058,"date":"2023-06-08T14:36:59","date_gmt":"2023-06-08T14:36:59","guid":{"rendered":"https:\/\/gemeindebuechereikastl.de\/?p=4058"},"modified":"2023-06-10T08:41:30","modified_gmt":"2023-06-10T08:41:30","slug":"4058","status":"publish","type":"post","link":"https:\/\/gemeindebuechereikastl.de\/?p=4058","title":{"rendered":"Musicalfahrt am Sonntag, 20. August zu \u201eDer Ball im Savoy\u201c &#8211; Anmeldung in der B\u00fccherei"},"content":{"rendered":"<h2 style=\"text-align: center;\"><span style=\"color: #ff6600;\">Anmeldung zur Musicalfahrt \u201eDer Ball im Savoy\u201cam Sonntag, 20. August ist in der B\u00fccherei m\u00f6glich<\/span><\/h2>\n<h4 style=\"text-align: center;\"><b><img loading=\"lazy\" decoding=\"async\" class=\"aligncenter wp-image-4059 size-full\" src=\"https:\/\/gemeindebuechereikastl.de\/wp-content\/uploads\/2023\/06\/Ball2.jpg\" alt=\"\" width=\"1200\" height=\"800\" srcset=\"https:\/\/gemeindebuechereikastl.de\/wp-content\/uploads\/2023\/06\/Ball2.jpg 1200w, https:\/\/gemeindebuechereikastl.de\/wp-content\/uploads\/2023\/06\/Ball2-300x200.jpg 300w, https:\/\/gemeindebuechereikastl.de\/wp-content\/uploads\/2023\/06\/Ball2-768x512.jpg 768w, https:\/\/gemeindebuechereikastl.de\/wp-content\/uploads\/2023\/06\/Ball2-750x500.jpg 750w\" sizes=\"auto, (max-width: 1200px) 100vw, 1200px\" \/><\/b><\/h4>\n<div class=\"w-image align_none meta_simple\">\n<div class=\"w-image-meta\">\n<h6 class=\"w-image-title\"><strong>BALL IM SAVOY \u00a9 Kammeroper K\u00f6ln \/ Hannah Hilger<\/strong><\/h6>\n<\/div>\n<\/div>\n<h4 style=\"text-align: center;\"><b>BALL IM SAVOY ist ein schillerndes Spektakel, angesiedelt zwischen Operette und Musical und kommt erstmals auf die Luisenburg. Mit den Solisten und dem Ensemble der Kammeroper K\u00f6ln und den K\u00f6lner Symphonikern. <\/b><\/h4>\n<p>Das 1932 in Berlin uraufgef\u00fchrte Meisterwerk aus der Feder von Paul Abraham, ist eine Operette rund um Liebe, Begehren und das Versteckspiel der Geschlechter in einer rauschenden Ballnacht. Musikalisch eine mitrei\u00dfende Mischung aus Jazz, Blues und wienerischem Schmelz, gemixt mit ungarischem Flair. Eine verr\u00fcckte Geschichte um ein frisch verm\u00e4hltes Paar, dessen Treue auf die Probe gestellt wird.<\/p>\n<p><b>Paul Abrahams St\u00fcck versammelt alles, was das Musiktheater seiner Zeit ausmachte: Witz, Ironie, Erotik, Exotik, Nonsens und dazu eine Musik, die vom Walzer \u00fcber jazzige T\u00e4nze bis zu gro\u00dfen Musical-Show-Nummern alles aufzubieten hatte. Mit gl\u00e4nzenden Shownummern wie \u201eEs ist so sch\u00f6n, am Abend bummeln zu gehen\u201c, \u201eToujours l`amour\u201c oder gro\u00dfen Tanz-Nummern wie \u201eK\u00e4nguru\u201c hat Abraham einen gro\u00dfen Klassiker geschaffen.<\/b><\/p>\n<h4><b><img loading=\"lazy\" decoding=\"async\" class=\"alignleft wp-image-4025 \" src=\"https:\/\/gemeindebuechereikastl.de\/wp-content\/uploads\/2023\/05\/Wirtshaus-im-Gut-1603x956.jpg\" alt=\"\" width=\"381\" height=\"227\" srcset=\"https:\/\/gemeindebuechereikastl.de\/wp-content\/uploads\/2023\/05\/Wirtshaus-im-Gut-1603x956.jpg 1603w, https:\/\/gemeindebuechereikastl.de\/wp-content\/uploads\/2023\/05\/Wirtshaus-im-Gut-300x179.jpg 300w, https:\/\/gemeindebuechereikastl.de\/wp-content\/uploads\/2023\/05\/Wirtshaus-im-Gut-768x458.jpg 768w, https:\/\/gemeindebuechereikastl.de\/wp-content\/uploads\/2023\/05\/Wirtshaus-im-Gut-1536x916.jpg 1536w, https:\/\/gemeindebuechereikastl.de\/wp-content\/uploads\/2023\/05\/Wirtshaus-im-Gut-750x447.jpg 750w, https:\/\/gemeindebuechereikastl.de\/wp-content\/uploads\/2023\/05\/Wirtshaus-im-Gut.jpg 2031w\" sizes=\"auto, (max-width: 381px) 100vw, 381px\" \/><\/b><b>* Der Fahrpreis betr\u00e4gt 62,00 EUR pro Person <\/b><b>(Fahrt + Eintritt St\u00fcck)<\/b><\/h4>\n<h4><strong>* Die Abfahrt ist am Sonntag, 20. August um 11.50 Uhr am Bahnhof<\/strong><\/h4>\n<h4><strong>* Um <\/strong><strong> 15.00 Uhr beginnt das St\u00fcck &#8222;Der Ball im Savoy&#8220;<\/strong><\/h4>\n<h4><strong>* Nach dem St\u00fcck, Weiterfahrt nach\u00a0 <\/strong><strong>G\u00f6pfersgr\u00fcn zum <\/strong><strong>Abendessen im \u201eWirtshaus <\/strong><strong>Gl\u00e4\u00dfl im Gut\u201c <\/strong><\/h4>\n<h3 style=\"text-align: center;\"><span style=\"color: #ff0000;\"><b>Die Anmeldung ist in der B\u00fccherei zu den \u00d6ffnungszeiten m\u00f6glich.<br \/>\nBei der Anmeldung ist der gesamte Fahrpreis zu bezahlen<\/b><\/span><\/h3>\n<h3 style=\"text-align: center;\"><strong><a href=\"https:\/\/gemeindebuechereikastl.de\/wp-content\/uploads\/2023\/06\/Der-Ball-im-Savoy-NEU-Kastl.pdf\">Infoflyer &#8211; Der Ball im Savoy\u00a0 &#8211; Zum Download<\/a><\/strong><\/h3>\n","protected":false},"excerpt":{"rendered":"<p>Anmeldung zur Musicalfahrt \u201eDer Ball im Savoy\u201cam Sonntag, 20. August ist in der B\u00fccherei m\u00f6glich BALL IM SAVOY \u00a9 Kammeroper K\u00f6ln \/ Hannah Hilger BALL IM SAVOY ist ein schillerndes Spektakel, angesiedelt zwischen Operette und Musical und kommt erstmals auf die Luisenburg. Mit den Solisten und dem Ensemble der Kammeroper K\u00f6ln und den K\u00f6lner Symphonikern. &hellip; <\/p>\n<p><a class=\"more-link btn\" href=\"https:\/\/gemeindebuechereikastl.de\/?p=4058\">Weiterlesen<\/a><\/p>\n","protected":false},"author":1,"featured_media":4059,"comment_status":"closed","ping_status":"closed","sticky":false,"template":"","format":"standard","meta":{"footnotes":""},"categories":[5],"tags":[488,11,354,48,37,248,53],"class_list":["post-4058","post","type-post","status-publish","format-standard","has-post-thumbnail","hentry","category-news","tag-ball","tag-buecherei","tag-kolping","tag-musical","tag-theater","tag-theaterfahrt","tag-wunsiedel","item-wrap"],"_links":{"self":[{"href":"https:\/\/gemeindebuechereikastl.de\/index.php?rest_route=\/wp\/v2\/posts\/4058","targetHints":{"allow":["GET"]}}],"collection":[{"href":"https:\/\/gemeindebuechereikastl.de\/index.php?rest_route=\/wp\/v2\/posts"}],"about":[{"href":"https:\/\/gemeindebuechereikastl.de\/index.php?rest_route=\/wp\/v2\/types\/post"}],"author":[{"embeddable":true,"href":"https:\/\/gemeindebuechereikastl.de\/index.php?rest_route=\/wp\/v2\/users\/1"}],"replies":[{"embeddable":true,"href":"https:\/\/gemeindebuechereikastl.de\/index.php?rest_route=%2Fwp%2Fv2%2Fcomments&post=4058"}],"version-history":[{"count":6,"href":"https:\/\/gemeindebuechereikastl.de\/index.php?rest_route=\/wp\/v2\/posts\/4058\/revisions"}],"predecessor-version":[{"id":4066,"href":"https:\/\/gemeindebuechereikastl.de\/index.php?rest_route=\/wp\/v2\/posts\/4058\/revisions\/4066"}],"wp:featuredmedia":[{"embeddable":true,"href":"https:\/\/gemeindebuechereikastl.de\/index.php?rest_route=\/wp\/v2\/media\/4059"}],"wp:attachment":[{"href":"https:\/\/gemeindebuechereikastl.de\/index.php?rest_route=%2Fwp%2Fv2%2Fmedia&parent=4058"}],"wp:term":[{"taxonomy":"category","embeddable":true,"href":"https:\/\/gemeindebuechereikastl.de\/index.php?rest_route=%2Fwp%2Fv2%2Fcategories&post=4058"},{"taxonomy":"post_tag","embeddable":true,"href":"https:\/\/gemeindebuechereikastl.de\/index.php?rest_route=%2Fwp%2Fv2%2Ftags&post=4058"}],"curies":[{"name":"wp","href":"https:\/\/api.w.org\/{rel}","templated":true}]}}