{"id":4088,"date":"2023-06-27T14:10:59","date_gmt":"2023-06-27T14:10:59","guid":{"rendered":"https:\/\/gemeindebuechereikastl.de\/?p=4088"},"modified":"2023-06-27T14:14:09","modified_gmt":"2023-06-27T14:14:09","slug":"tiere-im-wasser-buchausstellung-unter-dem-motto-wir-moegen-es-nass","status":"publish","type":"post","link":"https:\/\/gemeindebuechereikastl.de\/?p=4088","title":{"rendered":"Tiere im Wasser Buchausstellung unter dem Motto: Wir m\u00f6gen es Nass"},"content":{"rendered":"<p><img loading=\"lazy\" decoding=\"async\" class=\"alignleft wp-image-4089 \" src=\"https:\/\/gemeindebuechereikastl.de\/wp-content\/uploads\/2023\/06\/nass-747x1206.jpg\" alt=\"\" width=\"463\" height=\"747\" srcset=\"https:\/\/gemeindebuechereikastl.de\/wp-content\/uploads\/2023\/06\/nass-747x1206.jpg 747w, https:\/\/gemeindebuechereikastl.de\/wp-content\/uploads\/2023\/06\/nass-186x300.jpg 186w, https:\/\/gemeindebuechereikastl.de\/wp-content\/uploads\/2023\/06\/nass-768x1240.jpg 768w, https:\/\/gemeindebuechereikastl.de\/wp-content\/uploads\/2023\/06\/nass-951x1536.jpg 951w, https:\/\/gemeindebuechereikastl.de\/wp-content\/uploads\/2023\/06\/nass-1268x2048.jpg 1268w, https:\/\/gemeindebuechereikastl.de\/wp-content\/uploads\/2023\/06\/nass-750x1211.jpg 750w, https:\/\/gemeindebuechereikastl.de\/wp-content\/uploads\/2023\/06\/nass-scaled.jpg 1585w\" sizes=\"auto, (max-width: 463px) 100vw, 463px\" \/><\/p>\n<h2><span style=\"color: #ff6600;\"><strong>Wir m\u00f6gen es Nass &#8211; Tiere in Bach, Fluss, See und Meer &#8211; Buchausstellung mit Kinderb\u00fcchern, H\u00f6rb\u00fcchern und Tonies<br \/>\n<\/strong><\/span><\/h2>\n<p>Unsere Erde ist zum gr\u00f6\u00dften Teil von den Meeren bedeckt. In den Ozeanen tummeln sich die verschiedensten und ungew\u00f6hnlichsten Tiere. Entdecken Sie spannende Sachb\u00fccher und aufregende Abenteuergeschichten rund um das Thema: Wir m\u00f6gen es Nass gibt es viele interessante B\u00fccher zu diesem Thema Tiere am und im Wasser, Geschichten von Bach, Fluss, See und vom Meer findet ihr in unserer Ausstellung und weitere in unserem gro\u00dfen Angebot an Kindersachb\u00fcchern.<\/p>\n<p><strong>Weiteren Infos zu den B\u00fcchern und Medien &#8211; Wir m\u00f6gen es Nass, Tiere in Bach, Fluss, See und Meer<\/strong><strong>n gibt es vorab in unserem <a href=\"https:\/\/iopac.gemeindebuechereikastl.de\/\">Online-Katalog\u00a0<\/a><\/strong><\/p>\n","protected":false},"excerpt":{"rendered":"<p>Wir m\u00f6gen es Nass &#8211; Tiere in Bach, Fluss, See und Meer &#8211; Buchausstellung mit Kinderb\u00fcchern, H\u00f6rb\u00fcchern und Tonies Unsere Erde ist zum gr\u00f6\u00dften Teil von den Meeren bedeckt. In den Ozeanen tummeln sich die verschiedensten und ungew\u00f6hnlichsten Tiere. Entdecken Sie spannende Sachb\u00fccher und aufregende Abenteuergeschichten rund um das Thema: Wir m\u00f6gen es Nass gibt &hellip; <\/p>\n<p><a class=\"more-link btn\" href=\"https:\/\/gemeindebuechereikastl.de\/?p=4088\">Weiterlesen<\/a><\/p>\n","protected":false},"author":1,"featured_media":4092,"comment_status":"closed","ping_status":"closed","sticky":false,"template":"","format":"standard","meta":{"footnotes":""},"categories":[5],"tags":[194,491,190,493,492,69],"class_list":["post-4088","post","type-post","status-publish","format-standard","has-post-thumbnail","hentry","category-news","tag-buchausstellung","tag-fluss","tag-kinderbuecher","tag-meer","tag-see","tag-tiere","item-wrap"],"_links":{"self":[{"href":"https:\/\/gemeindebuechereikastl.de\/index.php?rest_route=\/wp\/v2\/posts\/4088","targetHints":{"allow":["GET"]}}],"collection":[{"href":"https:\/\/gemeindebuechereikastl.de\/index.php?rest_route=\/wp\/v2\/posts"}],"about":[{"href":"https:\/\/gemeindebuechereikastl.de\/index.php?rest_route=\/wp\/v2\/types\/post"}],"author":[{"embeddable":true,"href":"https:\/\/gemeindebuechereikastl.de\/index.php?rest_route=\/wp\/v2\/users\/1"}],"replies":[{"embeddable":true,"href":"https:\/\/gemeindebuechereikastl.de\/index.php?rest_route=%2Fwp%2Fv2%2Fcomments&post=4088"}],"version-history":[{"count":2,"href":"https:\/\/gemeindebuechereikastl.de\/index.php?rest_route=\/wp\/v2\/posts\/4088\/revisions"}],"predecessor-version":[{"id":4093,"href":"https:\/\/gemeindebuechereikastl.de\/index.php?rest_route=\/wp\/v2\/posts\/4088\/revisions\/4093"}],"wp:featuredmedia":[{"embeddable":true,"href":"https:\/\/gemeindebuechereikastl.de\/index.php?rest_route=\/wp\/v2\/media\/4092"}],"wp:attachment":[{"href":"https:\/\/gemeindebuechereikastl.de\/index.php?rest_route=%2Fwp%2Fv2%2Fmedia&parent=4088"}],"wp:term":[{"taxonomy":"category","embeddable":true,"href":"https:\/\/gemeindebuechereikastl.de\/index.php?rest_route=%2Fwp%2Fv2%2Fcategories&post=4088"},{"taxonomy":"post_tag","embeddable":true,"href":"https:\/\/gemeindebuechereikastl.de\/index.php?rest_route=%2Fwp%2Fv2%2Ftags&post=4088"}],"curies":[{"name":"wp","href":"https:\/\/api.w.org\/{rel}","templated":true}]}}