{"id":4094,"date":"2023-06-27T14:42:30","date_gmt":"2023-06-27T14:42:30","guid":{"rendered":"https:\/\/gemeindebuechereikastl.de\/?p=4094"},"modified":"2023-06-27T14:45:58","modified_gmt":"2023-06-27T14:45:58","slug":"buchausstellung-fuer-gartenliebhaber-und-solche-die-es-werden-wollen","status":"publish","type":"post","link":"https:\/\/gemeindebuechereikastl.de\/?p=4094","title":{"rendered":"Buchausstellung f\u00fcr Gartenliebhaber und solche die es werden wollen"},"content":{"rendered":"<h2 style=\"text-align: center;\"><span style=\"color: #ff6600;\"><strong>Unter dem Motto: &#8222;Ab in den Garten&#8220; haben wir f\u00fcr sie eine <\/strong><\/span><span style=\"color: #ff6600;\"><strong>interessante <\/strong><\/span><span style=\"color: #ff6600;\"><strong>und wissenswerte <\/strong><\/span><span style=\"color: #ff6600;\"><strong>Buchausstellung mit Gartenb\u00fcchern zusammengestellt<\/strong><\/span><\/h2>\n<p style=\"text-align: center;\">Unsere G\u00e4rten sind so unterschiedlich wie wir selbst und sie ver\u00e4ndern sich mit uns zusammen. Im Garten wollen wir gestalten, anbauen, entspannen, werkeln und wir selbst sein. Ob Stadtgarten oder Bauerngarten, ob verwildert, verwunschen oder vertikutiert, wir haben f\u00fcr jedes Gartenprojekt das passende <strong>Gartenbuch<\/strong> f\u00fcr Sie!<\/p>\n<p><img loading=\"lazy\" decoding=\"async\" class=\"wp-image-4090 size-large alignnone\" src=\"https:\/\/gemeindebuechereikastl.de\/wp-content\/uploads\/2023\/06\/garten-1438x1206.jpg\" alt=\"\" width=\"750\" height=\"629\" srcset=\"https:\/\/gemeindebuechereikastl.de\/wp-content\/uploads\/2023\/06\/garten-1438x1206.jpg 1438w, https:\/\/gemeindebuechereikastl.de\/wp-content\/uploads\/2023\/06\/garten-300x252.jpg 300w, https:\/\/gemeindebuechereikastl.de\/wp-content\/uploads\/2023\/06\/garten-768x644.jpg 768w, https:\/\/gemeindebuechereikastl.de\/wp-content\/uploads\/2023\/06\/garten-1536x1288.jpg 1536w, https:\/\/gemeindebuechereikastl.de\/wp-content\/uploads\/2023\/06\/garten-2048x1717.jpg 2048w, https:\/\/gemeindebuechereikastl.de\/wp-content\/uploads\/2023\/06\/garten-750x629.jpg 750w\" sizes=\"auto, (max-width: 750px) 100vw, 750px\" \/><\/p>\n<p>Gartenb\u00fccher &#8211; das ist ein unendliches Universum. Es gibt schlaue B\u00fccher, sch\u00f6ne B\u00fccher und einen Berg von Ratgebern. Wir haben aus diesem gro\u00dfen Haufen unsere Favoriten ausgegraben. B\u00fccher, die Ihnen alles erkl\u00e4ren, was Sie schon immer \u00fcber den Garten wissen wollten. B\u00fccher, die ein ganz kleines Themengebiet wirklich gro\u00dfartig erkl\u00e4ren, B\u00fccher, die einfach nur Lust auf Garten machen, hier finden Sie alles, was wir auch selbst gerne lesen w\u00fcrden.<\/p>\n<p>Weitere Gartenb\u00fccher gibt es bei uns in der B\u00fccherei zu entdecken, diese sind vorab in unserem <a href=\"https:\/\/iopac.gemeindebuechereikastl.de\/iopac\/\"><strong>Online-Katalog<\/strong><\/a>\u00a0und auch bei unseren E-Books unter\u00a0<a href=\"http:\/\/www.leo-nord.de\/\"><strong>www.leo-nord.de<\/strong><\/a>\u00a0 oder bei einem Besuch in der B\u00fccherei zu entdecken.<\/p>\n","protected":false},"excerpt":{"rendered":"<p>Unter dem Motto: &#8222;Ab in den Garten&#8220; haben wir f\u00fcr sie eine interessante und wissenswerte Buchausstellung mit Gartenb\u00fcchern zusammengestellt Unsere G\u00e4rten sind so unterschiedlich wie wir selbst und sie ver\u00e4ndern sich mit uns zusammen. Im Garten wollen wir gestalten, anbauen, entspannen, werkeln und wir selbst sein. Ob Stadtgarten oder Bauerngarten, ob verwildert, verwunschen oder vertikutiert, &hellip; <\/p>\n<p><a class=\"more-link btn\" href=\"https:\/\/gemeindebuechereikastl.de\/?p=4094\">Weiterlesen<\/a><\/p>\n","protected":false},"author":1,"featured_media":4090,"comment_status":"closed","ping_status":"closed","sticky":false,"template":"","format":"standard","meta":{"footnotes":""},"categories":[5],"tags":[194,235,238,236],"class_list":["post-4094","post","type-post","status-publish","format-standard","has-post-thumbnail","hentry","category-news","tag-buchausstellung","tag-garten","tag-gartenbuecher","tag-gaertnern","item-wrap"],"_links":{"self":[{"href":"https:\/\/gemeindebuechereikastl.de\/index.php?rest_route=\/wp\/v2\/posts\/4094","targetHints":{"allow":["GET"]}}],"collection":[{"href":"https:\/\/gemeindebuechereikastl.de\/index.php?rest_route=\/wp\/v2\/posts"}],"about":[{"href":"https:\/\/gemeindebuechereikastl.de\/index.php?rest_route=\/wp\/v2\/types\/post"}],"author":[{"embeddable":true,"href":"https:\/\/gemeindebuechereikastl.de\/index.php?rest_route=\/wp\/v2\/users\/1"}],"replies":[{"embeddable":true,"href":"https:\/\/gemeindebuechereikastl.de\/index.php?rest_route=%2Fwp%2Fv2%2Fcomments&post=4094"}],"version-history":[{"count":3,"href":"https:\/\/gemeindebuechereikastl.de\/index.php?rest_route=\/wp\/v2\/posts\/4094\/revisions"}],"predecessor-version":[{"id":4097,"href":"https:\/\/gemeindebuechereikastl.de\/index.php?rest_route=\/wp\/v2\/posts\/4094\/revisions\/4097"}],"wp:featuredmedia":[{"embeddable":true,"href":"https:\/\/gemeindebuechereikastl.de\/index.php?rest_route=\/wp\/v2\/media\/4090"}],"wp:attachment":[{"href":"https:\/\/gemeindebuechereikastl.de\/index.php?rest_route=%2Fwp%2Fv2%2Fmedia&parent=4094"}],"wp:term":[{"taxonomy":"category","embeddable":true,"href":"https:\/\/gemeindebuechereikastl.de\/index.php?rest_route=%2Fwp%2Fv2%2Fcategories&post=4094"},{"taxonomy":"post_tag","embeddable":true,"href":"https:\/\/gemeindebuechereikastl.de\/index.php?rest_route=%2Fwp%2Fv2%2Ftags&post=4094"}],"curies":[{"name":"wp","href":"https:\/\/api.w.org\/{rel}","templated":true}]}}