{"id":4100,"date":"2023-07-07T14:53:17","date_gmt":"2023-07-07T14:53:17","guid":{"rendered":"https:\/\/gemeindebuechereikastl.de\/?p=4100"},"modified":"2023-07-07T15:04:51","modified_gmt":"2023-07-07T15:04:51","slug":"die-vorschulkinder-des-kastler-kindergartens-sind-jetzt-buechereifuechse","status":"publish","type":"post","link":"https:\/\/gemeindebuechereikastl.de\/?p=4100","title":{"rendered":"Die Vorschulkinder des Kastler Kindergartens sind jetzt B\u00fcchereif\u00fcchse"},"content":{"rendered":"<h2 style=\"text-align: center;\"><span style=\"color: #ff6600;\"><strong>Aktion zur Lesef\u00f6rderung \u201eIch bin ein B\u00fcchereifuchs\u201c in Zusammenarbeit mit dem Kindergarten<\/strong><\/span><\/h2>\n<p>Emsiges Treiben herrschte an einigen Vormittagen in der Gemeindeb\u00fccherei Kastl, viele kleine B\u00fcchereif\u00fcchse kennen sich jetzt in der Kastler B\u00fccherei aus. Die Vorschulkinder die \u201eRiesen\u201c des Kindergartens \u201eMarienheim Kastl\u201c besuchte an drei Vormittagen die B\u00fccherei. Sie nahmen an der Aktion zur Lesef\u00f6rderung \u201eIch bin ein B\u00fcchereifuchs\u201c, dass ein gro\u00dfartiges Angebot der B\u00fccherei f\u00fcr Kinder ist, teil.<\/p>\n<p>Beim ersten Besuch in der Gemeindeb\u00fccherei Kastl wurde den Kindern zu Beginn, dass Bilderbuch \u201ePippilothek??? &#8211; Eine Bibliothek wirkt Wunder\u201c vorgestellt und vorgelesen. In dem Buch geht es um einen hungrigen Fuchs, der nach einer Verfolgungsjagd nach einer Maus in der Bibliothek landet.<\/p>\n<p><img loading=\"lazy\" decoding=\"async\" class=\"aligncenter wp-image-4104 size-large\" src=\"https:\/\/gemeindebuechereikastl.de\/wp-content\/uploads\/2023\/07\/Buechereifuechse-1603x902.jpg\" alt=\"\" width=\"750\" height=\"422\" srcset=\"https:\/\/gemeindebuechereikastl.de\/wp-content\/uploads\/2023\/07\/Buechereifuechse-1603x902.jpg 1603w, https:\/\/gemeindebuechereikastl.de\/wp-content\/uploads\/2023\/07\/Buechereifuechse-300x169.jpg 300w, https:\/\/gemeindebuechereikastl.de\/wp-content\/uploads\/2023\/07\/Buechereifuechse-768x432.jpg 768w, https:\/\/gemeindebuechereikastl.de\/wp-content\/uploads\/2023\/07\/Buechereifuechse-1536x865.jpg 1536w, https:\/\/gemeindebuechereikastl.de\/wp-content\/uploads\/2023\/07\/Buechereifuechse-2048x1153.jpg 2048w, https:\/\/gemeindebuechereikastl.de\/wp-content\/uploads\/2023\/07\/Buechereifuechse-750x422.jpg 750w\" sizes=\"auto, (max-width: 750px) 100vw, 750px\" \/><\/p>\n<p>Nach der Geschichte erfolgte eine Rally durch die B\u00fccherei, den Kindern wurden verschiedene Bilder von Bilderb\u00fcchern aus der B\u00fccherei gezeigt. Jedes Kind durfte sich ein Bild ziehen und das passende Buch dazu suchen. Alle Kinder waren eifrig bei der Sache und alle fanden das Orginal Bilderbuch dazu. Nachdem alle gefundenen B\u00fccher angesehen wurden, durfte jeder sein Buch kurz vorstellen. Hernach ging es ins Obergeschoss, wo sich die B\u00fccher f\u00fcr die Erwachsenen befinden, hier waren sie erstaunt, was es da noch so alles gab.<\/p>\n<p><img loading=\"lazy\" decoding=\"async\" class=\"aligncenter wp-image-4102 size-large\" src=\"https:\/\/gemeindebuechereikastl.de\/wp-content\/uploads\/2023\/07\/Buechereifuechse-2-1603x969.jpg\" alt=\"\" width=\"750\" height=\"453\" srcset=\"https:\/\/gemeindebuechereikastl.de\/wp-content\/uploads\/2023\/07\/Buechereifuechse-2-1603x969.jpg 1603w, https:\/\/gemeindebuechereikastl.de\/wp-content\/uploads\/2023\/07\/Buechereifuechse-2-300x181.jpg 300w, https:\/\/gemeindebuechereikastl.de\/wp-content\/uploads\/2023\/07\/Buechereifuechse-2-768x464.jpg 768w, https:\/\/gemeindebuechereikastl.de\/wp-content\/uploads\/2023\/07\/Buechereifuechse-2-1536x929.jpg 1536w, https:\/\/gemeindebuechereikastl.de\/wp-content\/uploads\/2023\/07\/Buechereifuechse-2-2048x1238.jpg 2048w, https:\/\/gemeindebuechereikastl.de\/wp-content\/uploads\/2023\/07\/Buechereifuechse-2-750x454.jpg 750w\" sizes=\"auto, (max-width: 750px) 100vw, 750px\" \/><\/p>\n<p>Beim zweiten Besuch wurden sie von \u201eB\u00fcchereifuchs\u201c begr\u00fc\u00dft und das Bilderbuch \u201eDer B\u00fccherfresser\u201c vorgestellt. Sten ist furchtbar aufgeregt, als er die geheimnisvolle Holzkiste aufklappt, die er von seinem Gro\u00dfvater bekommen hat. Als Sten die Kiste vorsichtig \u00f6ffnet, springt ihm ein ganz erstaunliches Wesen entgegen: ein B\u00fccherfresser. Anstatt die B\u00fccher zu lesen, frisst er sie, und kann so ganze Geschichten nacherz\u00e4hlen.<\/p>\n<p>Nach der Geschichte mit dem B\u00fccherfresser bekamen sie die Regeln f\u00fcr einen B\u00fcchereibesuch erkl\u00e4rt. Jedes Kind durfte sich nun ein Buch aussuchen. Wer sein Buch gefunden hatte, bekam eine Karte mit Aufkleber und einen Anh\u00e4nger \u00fcberreicht. Danach wurde den Kindern erkl\u00e4rt wie der Ausleihvorgang f\u00fcr das Buch, das sie ausgesucht hatten vor sich geht.<\/p>\n<p><img loading=\"lazy\" decoding=\"async\" class=\"wp-image-4103 size-large alignnone\" src=\"https:\/\/gemeindebuechereikastl.de\/wp-content\/uploads\/2023\/07\/Buechereifuechse-mit-Urkunde-1603x1111.jpg\" alt=\"\" width=\"750\" height=\"520\" srcset=\"https:\/\/gemeindebuechereikastl.de\/wp-content\/uploads\/2023\/07\/Buechereifuechse-mit-Urkunde-1603x1111.jpg 1603w, https:\/\/gemeindebuechereikastl.de\/wp-content\/uploads\/2023\/07\/Buechereifuechse-mit-Urkunde-300x208.jpg 300w, https:\/\/gemeindebuechereikastl.de\/wp-content\/uploads\/2023\/07\/Buechereifuechse-mit-Urkunde-768x532.jpg 768w, https:\/\/gemeindebuechereikastl.de\/wp-content\/uploads\/2023\/07\/Buechereifuechse-mit-Urkunde-1536x1064.jpg 1536w, https:\/\/gemeindebuechereikastl.de\/wp-content\/uploads\/2023\/07\/Buechereifuechse-mit-Urkunde-2048x1419.jpg 2048w, https:\/\/gemeindebuechereikastl.de\/wp-content\/uploads\/2023\/07\/Buechereifuechse-mit-Urkunde-750x520.jpg 750w\" sizes=\"auto, (max-width: 750px) 100vw, 750px\" \/><\/p>\n<p>Nach der Begr\u00fc\u00dfung durch den B\u00fcchereifuchs zum Abschluss der Aktion gab es f\u00fcr die Kinder noch das Bilderbuch \u201eGemeinsam! \u2013 Lesen macht Spa\u00df\u201c zu h\u00f6ren. Der Hase mag Abenteuerb\u00fccher. Der Igel liebt es, wenn Geschichten gut ausgehen. Die Maus und der Fuchs wollen gemeinsam lesen. Eine wunderbar warmherzige Geschichte \u00fcber das Lesen &#8211; perfekt geeignet, um Kinder f\u00fcr B\u00fccher und das Lesen zu begeistern! <img loading=\"lazy\" decoding=\"async\" class=\"alignright wp-image-4101 \" src=\"https:\/\/gemeindebuechereikastl.de\/wp-content\/uploads\/2023\/07\/Buechereifuchs-791x1206.jpg\" alt=\"\" width=\"245\" height=\"374\" srcset=\"https:\/\/gemeindebuechereikastl.de\/wp-content\/uploads\/2023\/07\/Buechereifuchs-791x1206.jpg 791w, https:\/\/gemeindebuechereikastl.de\/wp-content\/uploads\/2023\/07\/Buechereifuchs-197x300.jpg 197w, https:\/\/gemeindebuechereikastl.de\/wp-content\/uploads\/2023\/07\/Buechereifuchs-768x1171.jpg 768w, https:\/\/gemeindebuechereikastl.de\/wp-content\/uploads\/2023\/07\/Buechereifuchs-1007x1536.jpg 1007w, https:\/\/gemeindebuechereikastl.de\/wp-content\/uploads\/2023\/07\/Buechereifuchs-1343x2048.jpg 1343w, https:\/\/gemeindebuechereikastl.de\/wp-content\/uploads\/2023\/07\/Buechereifuchs-750x1144.jpg 750w, https:\/\/gemeindebuechereikastl.de\/wp-content\/uploads\/2023\/07\/Buechereifuchs-scaled.jpg 1678w\" sizes=\"auto, (max-width: 245px) 100vw, 245px\" \/><\/p>\n<p>B\u00fcchereileiter Georg D\u00fcrr der beim dritten Besuch ebenfalls anwesend war, freute sich das die Vorschulkinder, die Riesen des Kastler Kindergartens nun B\u00fcchereif\u00fcchse sind und gratulierte allen recht herzlich. Er w\u00fcnschte den B\u00fccherf\u00fcchsen weiterhin viel Spa\u00df am Lesen und freut sich auf viele Besuche in der Kastler B\u00fccherei. Daraufhin bekamen alle B\u00fcchereif\u00fcchse eine pers\u00f6nliche Urkunde mit Namen, auf der steht \u201eIch bin ein B\u00fcchereifuchs und kenne mich in der Gemeindeb\u00fccherei Kastl aus und darf mich B\u00fcchereifuchs nennen.\u201c<\/p>\n<p>Als kleines Pr\u00e4sent zum Abschluss der Aktion \u201eIch bin ein B\u00fcchereifuchs\u201c bekamen alle Kinder von B\u00fcchereileiter Georg D\u00fcrr noch einen Schl\u00fcsselanh\u00e4nger, ein T\u00fcr Schild \u201eBitte nicht st\u00f6ren! &#8211; B\u00fcchereifuchs beim Lesen, einen B\u00fcchereifuchs Aufkleber sowie einen Rucksack f\u00fcr die Besuche in der B\u00fccherei geschenkt.<\/p>\n","protected":false},"excerpt":{"rendered":"<p>Aktion zur Lesef\u00f6rderung \u201eIch bin ein B\u00fcchereifuchs\u201c in Zusammenarbeit mit dem Kindergarten Emsiges Treiben herrschte an einigen Vormittagen in der Gemeindeb\u00fccherei Kastl, viele kleine B\u00fcchereif\u00fcchse kennen sich jetzt in der Kastler B\u00fccherei aus. Die Vorschulkinder die \u201eRiesen\u201c des Kindergartens \u201eMarienheim Kastl\u201c besuchte an drei Vormittagen die B\u00fccherei. Sie nahmen an der Aktion zur Lesef\u00f6rderung \u201eIch &hellip; <\/p>\n<p><a class=\"more-link btn\" href=\"https:\/\/gemeindebuechereikastl.de\/?p=4100\">Weiterlesen<\/a><\/p>\n","protected":false},"author":1,"featured_media":4103,"comment_status":"closed","ping_status":"closed","sticky":false,"template":"","format":"standard","meta":{"footnotes":""},"categories":[5],"tags":[179,180,181,494],"class_list":["post-4100","post","type-post","status-publish","format-standard","has-post-thumbnail","hentry","category-news","tag-buechereifuchs","tag-buechereifuehrerschein","tag-kindergarten","tag-vorschulkinder","item-wrap"],"_links":{"self":[{"href":"https:\/\/gemeindebuechereikastl.de\/index.php?rest_route=\/wp\/v2\/posts\/4100","targetHints":{"allow":["GET"]}}],"collection":[{"href":"https:\/\/gemeindebuechereikastl.de\/index.php?rest_route=\/wp\/v2\/posts"}],"about":[{"href":"https:\/\/gemeindebuechereikastl.de\/index.php?rest_route=\/wp\/v2\/types\/post"}],"author":[{"embeddable":true,"href":"https:\/\/gemeindebuechereikastl.de\/index.php?rest_route=\/wp\/v2\/users\/1"}],"replies":[{"embeddable":true,"href":"https:\/\/gemeindebuechereikastl.de\/index.php?rest_route=%2Fwp%2Fv2%2Fcomments&post=4100"}],"version-history":[{"count":5,"href":"https:\/\/gemeindebuechereikastl.de\/index.php?rest_route=\/wp\/v2\/posts\/4100\/revisions"}],"predecessor-version":[{"id":4109,"href":"https:\/\/gemeindebuechereikastl.de\/index.php?rest_route=\/wp\/v2\/posts\/4100\/revisions\/4109"}],"wp:featuredmedia":[{"embeddable":true,"href":"https:\/\/gemeindebuechereikastl.de\/index.php?rest_route=\/wp\/v2\/media\/4103"}],"wp:attachment":[{"href":"https:\/\/gemeindebuechereikastl.de\/index.php?rest_route=%2Fwp%2Fv2%2Fmedia&parent=4100"}],"wp:term":[{"taxonomy":"category","embeddable":true,"href":"https:\/\/gemeindebuechereikastl.de\/index.php?rest_route=%2Fwp%2Fv2%2Fcategories&post=4100"},{"taxonomy":"post_tag","embeddable":true,"href":"https:\/\/gemeindebuechereikastl.de\/index.php?rest_route=%2Fwp%2Fv2%2Ftags&post=4100"}],"curies":[{"name":"wp","href":"https:\/\/api.w.org\/{rel}","templated":true}]}}