{"id":4119,"date":"2023-06-18T13:30:02","date_gmt":"2023-06-18T13:30:02","guid":{"rendered":"https:\/\/gemeindebuechereikastl.de\/?p=4119"},"modified":"2023-07-20T11:24:03","modified_gmt":"2023-07-20T11:24:03","slug":"monika-drasch-gab-beim-konzert-in-kastl-auf-der-klosterburg-den-ton-an","status":"publish","type":"post","link":"https:\/\/gemeindebuechereikastl.de\/?p=4119","title":{"rendered":"Monika Drasch gab beim Konzert in Kastl auf der Klosterburg den Ton an"},"content":{"rendered":"<h2 style=\"text-align: center;\"><span style=\"color: #ff6600;\"><strong>Ein Rotschopf mit toller Stimme und gr\u00fcner Geige begeisterte das Kastler Publikum am Klosterberg. Monika Drasch und ihr Musikquartett spielten z\u00fcnftig im Kastler Pfarrgarten auf<\/strong><\/span><\/h2>\n<p><img loading=\"lazy\" decoding=\"async\" class=\"wp-image-4121 size-large alignnone\" src=\"https:\/\/gemeindebuechereikastl.de\/wp-content\/uploads\/2023\/07\/gruene-Geige-1603x977.jpg\" alt=\"\" width=\"750\" height=\"457\" srcset=\"https:\/\/gemeindebuechereikastl.de\/wp-content\/uploads\/2023\/07\/gruene-Geige-1603x977.jpg 1603w, https:\/\/gemeindebuechereikastl.de\/wp-content\/uploads\/2023\/07\/gruene-Geige-300x183.jpg 300w, https:\/\/gemeindebuechereikastl.de\/wp-content\/uploads\/2023\/07\/gruene-Geige-768x468.jpg 768w, https:\/\/gemeindebuechereikastl.de\/wp-content\/uploads\/2023\/07\/gruene-Geige-1536x936.jpg 1536w, https:\/\/gemeindebuechereikastl.de\/wp-content\/uploads\/2023\/07\/gruene-Geige-2048x1248.jpg 2048w, https:\/\/gemeindebuechereikastl.de\/wp-content\/uploads\/2023\/07\/gruene-Geige-750x457.jpg 750w\" sizes=\"auto, (max-width: 750px) 100vw, 750px\" \/><\/p>\n<p>Auf Einladung von Georg D\u00fcrr, der sein 50-j\u00e4hriges Dienstjubil\u00e4um als B\u00fcchereileiter feierte, und im Rahmen von 700 Jahre Kastler Marktrecht veranstaltete die Kastler Pfarr- und Gemeindeb\u00fccherei einen Musikabend auf der Klosterburg im Kastler Pfarrgarten. B\u00fcchereileiter Georg D\u00fcrr freute sich \u00fcber das zahlreiche zum Teil weit angereiste Publikum.\u00a0 Er begr\u00fc\u00dfte Monika Drasch und ihr Musikerquartett sowie den Hausherrn Pfarrer Johannes Arweck, und B\u00fcrgermeister Stefan Braun. Das heutige Konzert- so Georg D\u00fcrr ist eine Zusammenarbeit mit dem Dachverband der Katholischen B\u00fcchereien in Bayern dem \u201eSankt Michaelsbund\u201c in M\u00fcnchen \u2013 dem neben Georg D\u00fcrr auch Monika Drasch angeh\u00f6rt. Nach dem Gebetl\u00e4uten der \u201eSt\u00fcrmerin\u201c, der Kastler Kaiserglocke, begr\u00fc\u00dfte Monika Drasch ihr Publikum. \u00a0Sie erkl\u00e4rte, dass ihre Musik ein Zusammenspiel von traditioneller Musik, mit Dialektst\u00fccken, niederbayerischen Jodlern und Gstanzl ist.<br \/>\n<img loading=\"lazy\" decoding=\"async\" class=\"aligncenter wp-image-4080 size-large\" src=\"https:\/\/gemeindebuechereikastl.de\/wp-content\/uploads\/2023\/06\/Konzert-Monika-Drasch-1603x902.jpg\" alt=\"\" width=\"750\" height=\"422\" srcset=\"https:\/\/gemeindebuechereikastl.de\/wp-content\/uploads\/2023\/06\/Konzert-Monika-Drasch-1603x902.jpg 1603w, https:\/\/gemeindebuechereikastl.de\/wp-content\/uploads\/2023\/06\/Konzert-Monika-Drasch-300x169.jpg 300w, https:\/\/gemeindebuechereikastl.de\/wp-content\/uploads\/2023\/06\/Konzert-Monika-Drasch-768x432.jpg 768w, https:\/\/gemeindebuechereikastl.de\/wp-content\/uploads\/2023\/06\/Konzert-Monika-Drasch-1536x865.jpg 1536w, https:\/\/gemeindebuechereikastl.de\/wp-content\/uploads\/2023\/06\/Konzert-Monika-Drasch-2048x1153.jpg 2048w, https:\/\/gemeindebuechereikastl.de\/wp-content\/uploads\/2023\/06\/Konzert-Monika-Drasch-750x422.jpg 750w\" sizes=\"auto, (max-width: 750px) 100vw, 750px\" \/>Mit ihrem Markenzeichen, der gr\u00fcnen Geige begann die K\u00fcnstlerin mit ihrer kr\u00e4ftigen und klaren Stimme mit den bekannten St\u00fccken-aus dem Programm Lieder zwischen Himmel und Erde- u.a. wie Mama i mecht- und i mog grad mei Ruah, da b\u00f6hmische Wind, Host a mal gsagt, Nix is gwiss- Kastl- Chicago, des Liebeslied, die Jodelschule- oder aber lustig muas sein. Au\u00dfer ihrer gr\u00fcnen Geige kamen auch eine Fl\u00f6te und ein Dudelsack zum Einsatz. Es waren einige Jazzsessions, aber auch klassische Kammermusik war dabei.<br \/>\n<img loading=\"lazy\" decoding=\"async\" class=\"aligncenter wp-image-4081 size-large\" src=\"https:\/\/gemeindebuechereikastl.de\/wp-content\/uploads\/2023\/06\/Monika-Drasch-Quartett-1603x938.jpg\" alt=\"\" width=\"750\" height=\"439\" srcset=\"https:\/\/gemeindebuechereikastl.de\/wp-content\/uploads\/2023\/06\/Monika-Drasch-Quartett-1603x938.jpg 1603w, https:\/\/gemeindebuechereikastl.de\/wp-content\/uploads\/2023\/06\/Monika-Drasch-Quartett-300x176.jpg 300w, https:\/\/gemeindebuechereikastl.de\/wp-content\/uploads\/2023\/06\/Monika-Drasch-Quartett-768x450.jpg 768w, https:\/\/gemeindebuechereikastl.de\/wp-content\/uploads\/2023\/06\/Monika-Drasch-Quartett-1536x899.jpg 1536w, https:\/\/gemeindebuechereikastl.de\/wp-content\/uploads\/2023\/06\/Monika-Drasch-Quartett-2048x1199.jpg 2048w, https:\/\/gemeindebuechereikastl.de\/wp-content\/uploads\/2023\/06\/Monika-Drasch-Quartett-750x439.jpg 750w\" sizes=\"auto, (max-width: 750px) 100vw, 750px\" \/>Die exzellenten Musiker begeisterten durch Virtuosit\u00e4t und gro\u00dfer Spielfreude. Schnell war klar, dass sie nicht alle aus der Volksmusik kommen. So entstanden \u00fcberraschende und spannungsvolle Momente. Eine h\u00f6chst musikalisch in Szene gesetzte Grenzbegehung. Und Monika Drasch gibt mit ihrer gewohnten B\u00fchnenpr\u00e4senz den Ton an. Aber auch gesellschaftskritische T\u00f6ne mischten sich in die Lieder. Nach 2 Stunden und ein paar Zugaben verabschiedeten sich die K\u00fcnstler. Der Pfarrgarten bot eine gro\u00dfartige Kulisse mit Blick auf die Klosterkirche und \u00fcber das Lauterachtal. Auch der Wettergott hatte ein Einsehen. Obwohl dunkle Wolken am Himmel hingen, hatte es ausgehalten.<\/p>\n","protected":false},"excerpt":{"rendered":"<p>Ein Rotschopf mit toller Stimme und gr\u00fcner Geige begeisterte das Kastler Publikum am Klosterberg. Monika Drasch und ihr Musikquartett spielten z\u00fcnftig im Kastler Pfarrgarten auf Auf Einladung von Georg D\u00fcrr, der sein 50-j\u00e4hriges Dienstjubil\u00e4um als B\u00fcchereileiter feierte, und im Rahmen von 700 Jahre Kastler Marktrecht veranstaltete die Kastler Pfarr- und Gemeindeb\u00fccherei einen Musikabend auf der &hellip; <\/p>\n<p><a class=\"more-link btn\" href=\"https:\/\/gemeindebuechereikastl.de\/?p=4119\">Weiterlesen<\/a><\/p>\n","protected":false},"author":1,"featured_media":0,"comment_status":"closed","ping_status":"closed","sticky":false,"template":"","format":"standard","meta":{"footnotes":""},"categories":[5],"tags":[468,106,495,456,496],"class_list":["post-4119","post","type-post","status-publish","format-standard","hentry","category-news","tag-klosterburg","tag-konzert","tag-monika","tag-monika-drasch","tag-sommerabend","item-wrap"],"_links":{"self":[{"href":"https:\/\/gemeindebuechereikastl.de\/index.php?rest_route=\/wp\/v2\/posts\/4119","targetHints":{"allow":["GET"]}}],"collection":[{"href":"https:\/\/gemeindebuechereikastl.de\/index.php?rest_route=\/wp\/v2\/posts"}],"about":[{"href":"https:\/\/gemeindebuechereikastl.de\/index.php?rest_route=\/wp\/v2\/types\/post"}],"author":[{"embeddable":true,"href":"https:\/\/gemeindebuechereikastl.de\/index.php?rest_route=\/wp\/v2\/users\/1"}],"replies":[{"embeddable":true,"href":"https:\/\/gemeindebuechereikastl.de\/index.php?rest_route=%2Fwp%2Fv2%2Fcomments&post=4119"}],"version-history":[{"count":3,"href":"https:\/\/gemeindebuechereikastl.de\/index.php?rest_route=\/wp\/v2\/posts\/4119\/revisions"}],"predecessor-version":[{"id":4127,"href":"https:\/\/gemeindebuechereikastl.de\/index.php?rest_route=\/wp\/v2\/posts\/4119\/revisions\/4127"}],"wp:attachment":[{"href":"https:\/\/gemeindebuechereikastl.de\/index.php?rest_route=%2Fwp%2Fv2%2Fmedia&parent=4119"}],"wp:term":[{"taxonomy":"category","embeddable":true,"href":"https:\/\/gemeindebuechereikastl.de\/index.php?rest_route=%2Fwp%2Fv2%2Fcategories&post=4119"},{"taxonomy":"post_tag","embeddable":true,"href":"https:\/\/gemeindebuechereikastl.de\/index.php?rest_route=%2Fwp%2Fv2%2Ftags&post=4119"}],"curies":[{"name":"wp","href":"https:\/\/api.w.org\/{rel}","templated":true}]}}