{"id":414,"date":"2018-03-17T14:12:40","date_gmt":"2018-03-17T14:12:40","guid":{"rendered":"http:\/\/gemeindebuechereikastl.de\/?p=414"},"modified":"2018-03-17T14:12:40","modified_gmt":"2018-03-17T14:12:40","slug":"gemeindebuecherei-mit-toller-bilanz","status":"publish","type":"post","link":"https:\/\/gemeindebuechereikastl.de\/?p=414","title":{"rendered":"Gemeindeb\u00fccherei mit toller Bilanz"},"content":{"rendered":"<h2 style=\"text-align: center;\"><span style=\"color: #ff9900;\"><strong>Die Gemeindeb\u00fccherei Kastl\u00a0ist mit vielf\u00e4ltigen und tollen Angeboten immer am Puls der Zeit &#8211; Fazit beim Jahrestreffen des B\u00fcchereiteams<\/strong><\/span><\/h2>\n<p>Zufrieden zeigte sich das B\u00fcchereiteam mit B\u00fcchereileiter Georg D\u00fcrr beim Jahrestreffen mit dem zur\u00fcckliegenden B\u00fcchereijahr. Die 24 ehrenamtlichen Mitarbeiterinnen sorgten daf\u00fcr, dass die B\u00fccherei knapp 350 Stunden f\u00fcr die Leserschaft ge\u00f6ffnet war und in dieser Zeit 13.260 Ausleihen verbucht wurden. F\u00fcr die Vielf\u00e4ltige Arbeiten hinter der Kulisse und f\u00fcr\u00a0diversen Veranstaltungen kamen in der Summe nochmals ca. 2700 Arbeitsstunden zusammen. So dass, das Team im vergangen Jahr mit \u00fcber 3000 ehrenamtliche Stunden f\u00fcr die Belange der Gemeindeb\u00fccherei t\u00e4tig war.<\/p>\n<p><img loading=\"lazy\" decoding=\"async\" class=\"aligncenter size-full wp-image-415\" src=\"https:\/\/gemeindebuechereikastl.de\/wp-content\/uploads\/2018\/03\/Team-2018.jpg\" alt=\"\" width=\"2881\" height=\"1971\" srcset=\"https:\/\/gemeindebuechereikastl.de\/wp-content\/uploads\/2018\/03\/Team-2018.jpg 2881w, https:\/\/gemeindebuechereikastl.de\/wp-content\/uploads\/2018\/03\/Team-2018-300x205.jpg 300w, https:\/\/gemeindebuechereikastl.de\/wp-content\/uploads\/2018\/03\/Team-2018-768x525.jpg 768w, https:\/\/gemeindebuechereikastl.de\/wp-content\/uploads\/2018\/03\/Team-2018-1024x701.jpg 1024w\" sizes=\"auto, (max-width: 2881px) 100vw, 2881px\" \/><\/p>\n<p>Eine zentrale Dienstleistung der Gemeindeb\u00fccherei Kastl\u00a0ist es, Medien zur Benutzung zur Verf\u00fcgung zu stellen. F\u00fcr diese Aufgabe hat das Team\u00a0im vergangenen Jahr ca. 9000 Euro f\u00fcr die Anschaffung von neuen B\u00fcchern und weiteren Medien (DVDs, H\u00f6rb\u00fccher f\u00fcr Kinder und Erwachsene, Zeitschriften und Familienspielen) sowie f\u00fcr die Bereitstellung der E-Book Ausleihe aufgewendet. Den Lesern stehen neben de Angebot von ca. \u00a010.000 B\u00fcchern und Medien in der B\u00fccherei selbst weitere 12.000 E-Books \u201eOnline\u201c zur Ausleihe rund um die Uhr zur Verf\u00fcgung. Dass die Kastler B\u00fccherei gut frequentiert und darum eine wichtige Bildungseinrichtung und Eventbibliothek ist, unterstreichen die \u00fcber 5.000 Besucher im vergangenen Jahr<\/p>\n<p>Stichpunktartig lies B\u00fcchereileiter Georg D\u00fcrr die vielen Events und Veranstaltungen nochmals Revue passieren, die vom B\u00fcchereiteam im vergangen Jahr organisiert und durchgef\u00fchrt wurden. Des Weiteren pflegt die B\u00fccherei eine enge Zusammenarbeit mit dem Kindergarten und der Schule die regelm\u00e4\u00dfig in der B\u00fccherei vertreten sind.<\/p>\n<p>B\u00fcrgermeister Stefan Braun verband seinen Dank an das Team mit einem besonderen Lob f\u00fcr die \u201etolle Arbeit\u201c und das die Kastler B\u00fccherei somit eine wichtige St\u00fctze im Kastler Kulturleben darstellt. F\u00fcr die Pfarrei dankte Anna Otterbein dem Team und B\u00fcchereileiter Georg D\u00fcrr dem Motor der B\u00fccherei recht herzlich und erinnerte, dass das Team immer pr\u00e4sent sei, wenn es gebraucht wird und es somit auch immer f\u00fcr andere da ist. Sie sprach dem Team Dank und Anerkennung aus und es sei toll, wenn man Freude am Lesen hat und das Team diese Freude Jahr f\u00fcr Jahr an andere mit ihrer Arbeit weitergibt.<\/p>\n","protected":false},"excerpt":{"rendered":"<p>Die Gemeindeb\u00fccherei Kastl\u00a0ist mit vielf\u00e4ltigen und tollen Angeboten immer am Puls der Zeit &#8211; Fazit beim Jahrestreffen des B\u00fcchereiteams Zufrieden zeigte sich das B\u00fcchereiteam mit B\u00fcchereileiter Georg D\u00fcrr beim Jahrestreffen mit dem zur\u00fcckliegenden B\u00fcchereijahr. Die 24 ehrenamtlichen Mitarbeiterinnen sorgten daf\u00fcr, dass die B\u00fccherei knapp 350 Stunden f\u00fcr die Leserschaft ge\u00f6ffnet war und in dieser Zeit &hellip; <\/p>\n<p><a class=\"more-link btn\" href=\"https:\/\/gemeindebuechereikastl.de\/?p=414\">Weiterlesen<\/a><\/p>\n","protected":false},"author":1,"featured_media":0,"comment_status":"closed","ping_status":"closed","sticky":false,"template":"","format":"standard","meta":{"footnotes":""},"categories":[1],"tags":[],"class_list":["post-414","post","type-post","status-publish","format-standard","hentry","category-team","item-wrap"],"_links":{"self":[{"href":"https:\/\/gemeindebuechereikastl.de\/index.php?rest_route=\/wp\/v2\/posts\/414","targetHints":{"allow":["GET"]}}],"collection":[{"href":"https:\/\/gemeindebuechereikastl.de\/index.php?rest_route=\/wp\/v2\/posts"}],"about":[{"href":"https:\/\/gemeindebuechereikastl.de\/index.php?rest_route=\/wp\/v2\/types\/post"}],"author":[{"embeddable":true,"href":"https:\/\/gemeindebuechereikastl.de\/index.php?rest_route=\/wp\/v2\/users\/1"}],"replies":[{"embeddable":true,"href":"https:\/\/gemeindebuechereikastl.de\/index.php?rest_route=%2Fwp%2Fv2%2Fcomments&post=414"}],"version-history":[{"count":3,"href":"https:\/\/gemeindebuechereikastl.de\/index.php?rest_route=\/wp\/v2\/posts\/414\/revisions"}],"predecessor-version":[{"id":418,"href":"https:\/\/gemeindebuechereikastl.de\/index.php?rest_route=\/wp\/v2\/posts\/414\/revisions\/418"}],"wp:attachment":[{"href":"https:\/\/gemeindebuechereikastl.de\/index.php?rest_route=%2Fwp%2Fv2%2Fmedia&parent=414"}],"wp:term":[{"taxonomy":"category","embeddable":true,"href":"https:\/\/gemeindebuechereikastl.de\/index.php?rest_route=%2Fwp%2Fv2%2Fcategories&post=414"},{"taxonomy":"post_tag","embeddable":true,"href":"https:\/\/gemeindebuechereikastl.de\/index.php?rest_route=%2Fwp%2Fv2%2Ftags&post=414"}],"curies":[{"name":"wp","href":"https:\/\/api.w.org\/{rel}","templated":true}]}}