{"id":4173,"date":"2023-08-02T08:28:52","date_gmt":"2023-08-02T08:28:52","guid":{"rendered":"https:\/\/gemeindebuechereikastl.de\/?p=4173"},"modified":"2023-08-02T08:35:05","modified_gmt":"2023-08-02T08:35:05","slug":"buechereiteam-am-grossartigen-feuerwehrfest-in-kastl-dabei","status":"publish","type":"post","link":"https:\/\/gemeindebuechereikastl.de\/?p=4173","title":{"rendered":"B\u00fcchereiteam am gro\u00dfartigen Feuerwehrfest in Kastl dabei"},"content":{"rendered":"<h2 style=\"text-align: center;\"><span style=\"color: #ff6600;\"><strong><img loading=\"lazy\" decoding=\"async\" class=\"alignleft wp-image-4174 \" src=\"https:\/\/gemeindebuechereikastl.de\/wp-content\/uploads\/2023\/08\/Festabzeichen-1603x1046.jpg\" alt=\"\" width=\"218\" height=\"142\" srcset=\"https:\/\/gemeindebuechereikastl.de\/wp-content\/uploads\/2023\/08\/Festabzeichen-1603x1046.jpg 1603w, https:\/\/gemeindebuechereikastl.de\/wp-content\/uploads\/2023\/08\/Festabzeichen-300x196.jpg 300w, https:\/\/gemeindebuechereikastl.de\/wp-content\/uploads\/2023\/08\/Festabzeichen-768x501.jpg 768w, https:\/\/gemeindebuechereikastl.de\/wp-content\/uploads\/2023\/08\/Festabzeichen-1536x1002.jpg 1536w, https:\/\/gemeindebuechereikastl.de\/wp-content\/uploads\/2023\/08\/Festabzeichen-750x489.jpg 750w, https:\/\/gemeindebuechereikastl.de\/wp-content\/uploads\/2023\/08\/Festabzeichen.jpg 1754w\" sizes=\"auto, (max-width: 218px) 100vw, 218px\" \/>Am Feuerwehrfest vom 28. bis 30. Juli war das Team der Gemeindeb\u00fccherei Kastl mit Ihrem B\u00fccherflohmarkt und dem Verkauf diverser Backwaren mit dabei<\/strong><\/span><\/h2>\n<p><img loading=\"lazy\" decoding=\"async\" class=\"aligncenter wp-image-4180 size-large\" src=\"https:\/\/gemeindebuechereikastl.de\/wp-content\/uploads\/2023\/08\/Verkaufsbude-1603x1062.jpg\" alt=\"\" width=\"750\" height=\"497\" srcset=\"https:\/\/gemeindebuechereikastl.de\/wp-content\/uploads\/2023\/08\/Verkaufsbude-1603x1062.jpg 1603w, https:\/\/gemeindebuechereikastl.de\/wp-content\/uploads\/2023\/08\/Verkaufsbude-300x199.jpg 300w, https:\/\/gemeindebuechereikastl.de\/wp-content\/uploads\/2023\/08\/Verkaufsbude-768x509.jpg 768w, https:\/\/gemeindebuechereikastl.de\/wp-content\/uploads\/2023\/08\/Verkaufsbude-1536x1017.jpg 1536w, https:\/\/gemeindebuechereikastl.de\/wp-content\/uploads\/2023\/08\/Verkaufsbude-2048x1357.jpg 2048w, https:\/\/gemeindebuechereikastl.de\/wp-content\/uploads\/2023\/08\/Verkaufsbude-750x497.jpg 750w\" sizes=\"auto, (max-width: 750px) 100vw, 750px\" \/><br \/>\nAuch das B\u00fcchereiteam war bei der gro\u00dfartigen 150 bzw. 100 Jahr Feier der Feuerwehren Kastl + Pfaffenhofen mit einem Stand vertreten. Die Hauptattraktion war unter anderem die \u201eSchn\u00e4ppchenjagd\u201c nach B\u00fcchern. Das Team bot an ihrem B\u00fcchereistand wieder gut erhaltene B\u00fccher f\u00fcr jedes Alter und f\u00fcr jeden Geschmack an. Das B\u00fcchereiteam gab f\u00fcr die B\u00fccher, H\u00f6rb\u00fccher und DVDs keine festen Preise vor.<\/p>\n<p><img loading=\"lazy\" decoding=\"async\" class=\"wp-image-4178 size-large aligncenter\" src=\"https:\/\/gemeindebuechereikastl.de\/wp-content\/uploads\/2023\/08\/Buechereistand-1603x902.jpg\" alt=\"\" width=\"750\" height=\"422\" srcset=\"https:\/\/gemeindebuechereikastl.de\/wp-content\/uploads\/2023\/08\/Buechereistand-1603x902.jpg 1603w, https:\/\/gemeindebuechereikastl.de\/wp-content\/uploads\/2023\/08\/Buechereistand-300x169.jpg 300w, https:\/\/gemeindebuechereikastl.de\/wp-content\/uploads\/2023\/08\/Buechereistand-768x432.jpg 768w, https:\/\/gemeindebuechereikastl.de\/wp-content\/uploads\/2023\/08\/Buechereistand-1536x865.jpg 1536w, https:\/\/gemeindebuechereikastl.de\/wp-content\/uploads\/2023\/08\/Buechereistand-2048x1153.jpg 2048w, https:\/\/gemeindebuechereikastl.de\/wp-content\/uploads\/2023\/08\/Buechereistand-750x422.jpg 750w\" sizes=\"auto, (max-width: 750px) 100vw, 750px\" \/><br \/>\nDen Preis f\u00fcr die B\u00fccher und die weiteren Medien konnten die Buchliebhaber wieder selbst bestimmen und einen Betrag spenden, was einem das Buch bzw. die B\u00fccher wert waren.<\/p>\n<h3 style=\"text-align: center;\"><span style=\"color: #ff0000;\"><img loading=\"lazy\" decoding=\"async\" class=\"wp-image-1347 alignright\" src=\"https:\/\/gemeindebuechereikastl.de\/wp-content\/uploads\/2020\/05\/B\u00fccherei\u00f6ffnung-scaled-e1589127288687-243x300.jpg\" alt=\"\" width=\"178\" height=\"220\" srcset=\"https:\/\/gemeindebuechereikastl.de\/wp-content\/uploads\/2020\/05\/B\u00fccherei\u00f6ffnung-scaled-e1589127288687-243x300.jpg 243w, https:\/\/gemeindebuechereikastl.de\/wp-content\/uploads\/2020\/05\/B\u00fccherei\u00f6ffnung-scaled-e1589127288687-829x1024.jpg 829w, https:\/\/gemeindebuechereikastl.de\/wp-content\/uploads\/2020\/05\/B\u00fccherei\u00f6ffnung-scaled-e1589127288687-768x949.jpg 768w, https:\/\/gemeindebuechereikastl.de\/wp-content\/uploads\/2020\/05\/B\u00fccherei\u00f6ffnung-scaled-e1589127288687.jpg 1062w\" sizes=\"auto, (max-width: 178px) 100vw, 178px\" \/><\/span><\/h3>\n<p>Neben den B\u00fccher Schn\u00e4ppchen verkaufte das Team w\u00e4hrend des gesamten Feuerwehrfestes von Freitag bis Sonntag auch diverse Backwaren wie: Brotzeitstangen, K\u00e4sestangen Zwiebelkuchen (mit und ohne Schinken).<\/p>\n<h3 style=\"text-align: center;\"><span style=\"color: #ff0000;\">Der Erl\u00f6s aus beiden Aktionen (B\u00fccherflohmarkt und Essensverkauf) wird f\u00fcr den Kauf von neuen B\u00fcchern und Medien verwendet die es ab dem 8. Oktober beim \u201eTag der offenen T\u00fcr\u201c zu erkunden gibt. \u00a0<\/span><\/h3>\n","protected":false},"excerpt":{"rendered":"<p>Am Feuerwehrfest vom 28. bis 30. Juli war das Team der Gemeindeb\u00fccherei Kastl mit Ihrem B\u00fccherflohmarkt und dem Verkauf diverser Backwaren mit dabei Auch das B\u00fcchereiteam war bei der gro\u00dfartigen 150 bzw. 100 Jahr Feier der Feuerwehren Kastl + Pfaffenhofen mit einem Stand vertreten. Die Hauptattraktion war unter anderem die \u201eSchn\u00e4ppchenjagd\u201c nach B\u00fcchern. Das Team &hellip; <\/p>\n<p><a class=\"more-link btn\" href=\"https:\/\/gemeindebuechereikastl.de\/?p=4173\">Weiterlesen<\/a><\/p>\n","protected":false},"author":1,"featured_media":4178,"comment_status":"closed","ping_status":"closed","sticky":false,"template":"","format":"standard","meta":{"footnotes":""},"categories":[5],"tags":[63,60,273,506,504],"class_list":["post-4173","post","type-post","status-publish","format-standard","has-post-thumbnail","hentry","category-news","tag-buechereistand","tag-buecherflohmarkt","tag-buchverkauf","tag-essensverkauf","tag-feuerwehrfest","item-wrap"],"_links":{"self":[{"href":"https:\/\/gemeindebuechereikastl.de\/index.php?rest_route=\/wp\/v2\/posts\/4173","targetHints":{"allow":["GET"]}}],"collection":[{"href":"https:\/\/gemeindebuechereikastl.de\/index.php?rest_route=\/wp\/v2\/posts"}],"about":[{"href":"https:\/\/gemeindebuechereikastl.de\/index.php?rest_route=\/wp\/v2\/types\/post"}],"author":[{"embeddable":true,"href":"https:\/\/gemeindebuechereikastl.de\/index.php?rest_route=\/wp\/v2\/users\/1"}],"replies":[{"embeddable":true,"href":"https:\/\/gemeindebuechereikastl.de\/index.php?rest_route=%2Fwp%2Fv2%2Fcomments&post=4173"}],"version-history":[{"count":7,"href":"https:\/\/gemeindebuechereikastl.de\/index.php?rest_route=\/wp\/v2\/posts\/4173\/revisions"}],"predecessor-version":[{"id":4186,"href":"https:\/\/gemeindebuechereikastl.de\/index.php?rest_route=\/wp\/v2\/posts\/4173\/revisions\/4186"}],"wp:featuredmedia":[{"embeddable":true,"href":"https:\/\/gemeindebuechereikastl.de\/index.php?rest_route=\/wp\/v2\/media\/4178"}],"wp:attachment":[{"href":"https:\/\/gemeindebuechereikastl.de\/index.php?rest_route=%2Fwp%2Fv2%2Fmedia&parent=4173"}],"wp:term":[{"taxonomy":"category","embeddable":true,"href":"https:\/\/gemeindebuechereikastl.de\/index.php?rest_route=%2Fwp%2Fv2%2Fcategories&post=4173"},{"taxonomy":"post_tag","embeddable":true,"href":"https:\/\/gemeindebuechereikastl.de\/index.php?rest_route=%2Fwp%2Fv2%2Ftags&post=4173"}],"curies":[{"name":"wp","href":"https:\/\/api.w.org\/{rel}","templated":true}]}}