{"id":4188,"date":"2023-08-07T15:53:32","date_gmt":"2023-08-07T15:53:32","guid":{"rendered":"https:\/\/gemeindebuechereikastl.de\/?p=4188"},"modified":"2023-08-07T16:07:47","modified_gmt":"2023-08-07T16:07:47","slug":"wunderbarer-tag-mit-viel-spannung-und-spass-beim-ausflug-in-das-fichtelgebirge","status":"publish","type":"post","link":"https:\/\/gemeindebuechereikastl.de\/?p=4188","title":{"rendered":"Wunderbarer Tag mit viel Spannung und Spa\u00df beim Ausflug zu den Luisenburg-Festspielen"},"content":{"rendered":"<h2 style=\"text-align: center;\"><span style=\"color: #ff6600;\"><strong>Ein erlebnisreicher Tag <\/strong><\/span><span style=\"color: #ff6600;\"><strong> bei der Ferienfahrt zu &#8222;Die Sch\u00f6ne und das Biest&#8220; bei den Luisenburg-Festspielen und im Greifvogelpark in Wunsiedel<\/strong><\/span><\/h2>\n<h4 style=\"text-align: center;\"><strong>Begeistere Ferienkinder mit ihren Eltern, Omas und Opas sie tauchten ein in ein M\u00e4rchen mit Feen, einem Biest, der Belle und die Liebe, beim Familienst\u00fcck \u201cDie Sch\u00f6ne und das Biest\u201c auf der Luisenburg.<\/strong><\/h4>\n<p><img loading=\"lazy\" decoding=\"async\" class=\"aligncenter wp-image-4189 size-large\" src=\"https:\/\/gemeindebuechereikastl.de\/wp-content\/uploads\/2023\/08\/Biest-1-1603x952.jpg\" alt=\"\" width=\"750\" height=\"445\" srcset=\"https:\/\/gemeindebuechereikastl.de\/wp-content\/uploads\/2023\/08\/Biest-1-1603x952.jpg 1603w, https:\/\/gemeindebuechereikastl.de\/wp-content\/uploads\/2023\/08\/Biest-1-300x178.jpg 300w, https:\/\/gemeindebuechereikastl.de\/wp-content\/uploads\/2023\/08\/Biest-1-768x456.jpg 768w, https:\/\/gemeindebuechereikastl.de\/wp-content\/uploads\/2023\/08\/Biest-1-1536x912.jpg 1536w, https:\/\/gemeindebuechereikastl.de\/wp-content\/uploads\/2023\/08\/Biest-1-2048x1217.jpg 2048w, https:\/\/gemeindebuechereikastl.de\/wp-content\/uploads\/2023\/08\/Biest-1-750x446.jpg 750w\" sizes=\"auto, (max-width: 750px) 100vw, 750px\" \/><\/p>\n<p>Am Nachmittag bestaunten Sie die gro\u00dfartigen Flugk\u00fcnste bei der Greifvogelschau am Katharinenberg in Wunsiedel. F\u00fcr die Teilnehmer der Ferienfahrt, die von B\u00fcchereileiter Georg D\u00fcrr aus Kastl f\u00fcr die beiden Gemeindeb\u00fcchereien Kastl und Lauterhofen sowie f\u00fcr die Kolpingsfamilie Kastl organisiert wurde, war es ein wunderbarer Tag mit viel Spannung und Spa\u00df beim St\u00fcck und einer gro\u00dfartigen Flugshow im Greifvogelpark.<\/p>\n<p><img loading=\"lazy\" decoding=\"async\" class=\"wp-image-4192 alignleft\" src=\"https:\/\/gemeindebuechereikastl.de\/wp-content\/uploads\/2023\/08\/Biest-4-845x1206.jpg\" alt=\"\" width=\"332\" height=\"473\" srcset=\"https:\/\/gemeindebuechereikastl.de\/wp-content\/uploads\/2023\/08\/Biest-4-845x1206.jpg 845w, https:\/\/gemeindebuechereikastl.de\/wp-content\/uploads\/2023\/08\/Biest-4-210x300.jpg 210w, https:\/\/gemeindebuechereikastl.de\/wp-content\/uploads\/2023\/08\/Biest-4-768x1096.jpg 768w, https:\/\/gemeindebuechereikastl.de\/wp-content\/uploads\/2023\/08\/Biest-4-1076x1536.jpg 1076w, https:\/\/gemeindebuechereikastl.de\/wp-content\/uploads\/2023\/08\/Biest-4-1435x2048.jpg 1435w, https:\/\/gemeindebuechereikastl.de\/wp-content\/uploads\/2023\/08\/Biest-4-750x1070.jpg 750w, https:\/\/gemeindebuechereikastl.de\/wp-content\/uploads\/2023\/08\/Biest-4.jpg 1484w\" sizes=\"auto, (max-width: 332px) 100vw, 332px\" \/><\/p>\n<p>Im St\u00fcck ging es um den tollpatschigen Graf Bertrand, der ins Feenreich ger\u00e4t, das kein Mensch betreten darf und dort wird er zur Strafe in ein f\u00fcrchterliches Zottelbiest verwandelt. Die Feen sind begeistert \u00fcber ihre Tatkraft \u2013 nur eine nicht. Sie mag Menschen und glaubt an den guten Kern des verzauberten Grafen. Sie mischt sich heimlich ein und bringt die beherzte Belle, Tochter eines Baumeisters, ins Spiel. Denn der Zauber der Feen wirkt nicht ewig. Wenn es dem Biest gelingt, dass ein Wesen freiwillig an seiner Seite bleibt, l\u00f6st sich der Bann.<\/p>\n<p>Die Kinder waren von der rosa Fee ganz begeistert die es mit dem Grafen gut meinte und an das Gute in Ihm und den Menschen glaubte. Auch von der gro\u00dfartigen Kulisse waren alle Ferienkinder mit ihren Eltern oder Omas und Opas ganz fasziniert. Die Botschaft des St\u00fcckes bzw. M\u00e4rchens war, nicht nur auf \u00c4u\u00dferlichkeiten zu achten, sondern Freundschaft, Mut und auf die inneren Werte eines Menschen zu schauen kamen im St\u00fcck gut r\u00fcber. Der Schlussapplaus zeigte die Begeisterung der Ferienkinder vom St\u00fcck.<\/p>\n<p><img loading=\"lazy\" decoding=\"async\" class=\"wp-image-4191 size-large alignnone\" src=\"https:\/\/gemeindebuechereikastl.de\/wp-content\/uploads\/2023\/08\/Biest-3-1603x820.jpg\" alt=\"\" width=\"750\" height=\"384\" srcset=\"https:\/\/gemeindebuechereikastl.de\/wp-content\/uploads\/2023\/08\/Biest-3-1603x820.jpg 1603w, https:\/\/gemeindebuechereikastl.de\/wp-content\/uploads\/2023\/08\/Biest-3-300x153.jpg 300w, https:\/\/gemeindebuechereikastl.de\/wp-content\/uploads\/2023\/08\/Biest-3-768x393.jpg 768w, https:\/\/gemeindebuechereikastl.de\/wp-content\/uploads\/2023\/08\/Biest-3-1536x786.jpg 1536w, https:\/\/gemeindebuechereikastl.de\/wp-content\/uploads\/2023\/08\/Biest-3-2048x1048.jpg 2048w, https:\/\/gemeindebuechereikastl.de\/wp-content\/uploads\/2023\/08\/Biest-3-750x384.jpg 750w\" sizes=\"auto, (max-width: 750px) 100vw, 750px\" \/><\/p>\n<p><img loading=\"lazy\" decoding=\"async\" class=\"wp-image-4196 alignright\" src=\"https:\/\/gemeindebuechereikastl.de\/wp-content\/uploads\/2023\/08\/Pizza-1603x963.jpg\" alt=\"\" width=\"254\" height=\"152\" srcset=\"https:\/\/gemeindebuechereikastl.de\/wp-content\/uploads\/2023\/08\/Pizza-1603x963.jpg 1603w, https:\/\/gemeindebuechereikastl.de\/wp-content\/uploads\/2023\/08\/Pizza-300x180.jpg 300w, https:\/\/gemeindebuechereikastl.de\/wp-content\/uploads\/2023\/08\/Pizza-768x462.jpg 768w, https:\/\/gemeindebuechereikastl.de\/wp-content\/uploads\/2023\/08\/Pizza-1536x923.jpg 1536w, https:\/\/gemeindebuechereikastl.de\/wp-content\/uploads\/2023\/08\/Pizza-2048x1231.jpg 2048w, https:\/\/gemeindebuechereikastl.de\/wp-content\/uploads\/2023\/08\/Pizza-750x451.jpg 750w\" sizes=\"auto, (max-width: 254px) 100vw, 254px\" \/>Nach dem St\u00fcck \u201eDie Sch\u00f6ne und das Biest\u201c am Vormittag ging es dann weiter zum Greifvogelpark am Katharinenberg. Dort angekommen erlebten die Teilnehmer eine \u00dcberraschung, der Kiosk, an dem man Mittagessen wollte war geschlossen. So ergriff man schnell die Initiative und beauftragte einen Pizzaservice der prompt die diversen bestellten Pizzas zum Greifvogelpark lieferte.<img loading=\"lazy\" decoding=\"async\" class=\"wp-image-4195 alignleft\" src=\"https:\/\/gemeindebuechereikastl.de\/wp-content\/uploads\/2023\/08\/Greifvogelpark-721x1206.jpg\" alt=\"\" width=\"274\" height=\"458\" srcset=\"https:\/\/gemeindebuechereikastl.de\/wp-content\/uploads\/2023\/08\/Greifvogelpark-721x1206.jpg 721w, https:\/\/gemeindebuechereikastl.de\/wp-content\/uploads\/2023\/08\/Greifvogelpark-179x300.jpg 179w, https:\/\/gemeindebuechereikastl.de\/wp-content\/uploads\/2023\/08\/Greifvogelpark-768x1284.jpg 768w, https:\/\/gemeindebuechereikastl.de\/wp-content\/uploads\/2023\/08\/Greifvogelpark-919x1536.jpg 919w, https:\/\/gemeindebuechereikastl.de\/wp-content\/uploads\/2023\/08\/Greifvogelpark-1225x2048.jpg 1225w, https:\/\/gemeindebuechereikastl.de\/wp-content\/uploads\/2023\/08\/Greifvogelpark-750x1254.jpg 750w, https:\/\/gemeindebuechereikastl.de\/wp-content\/uploads\/2023\/08\/Greifvogelpark-scaled.jpg 1531w\" sizes=\"auto, (max-width: 274px) 100vw, 274px\" \/><\/p>\n<p>Der Greifvogelpark Wunsiedel mit seiner Falknerei auf dem Katharinenberg gilt als Deutschlands fortschrittlichster Greifvogelpark. Das besondere und das Herzst\u00fcck der Anlage ist der Platz f\u00fcr Flugvorf\u00fchrungen hier konnten die Kastler Ferienkinder mit ihren Eltern die erstaunlichen Flug- und Jagdk\u00fcnste dieser einzigartigen Tiere bewundern.<\/p>\n<p><img loading=\"lazy\" decoding=\"async\" class=\"wp-image-4193 alignright\" src=\"https:\/\/gemeindebuechereikastl.de\/wp-content\/uploads\/2023\/08\/Greifvogel-Flug-1603x949.jpg\" alt=\"\" width=\"412\" height=\"244\" srcset=\"https:\/\/gemeindebuechereikastl.de\/wp-content\/uploads\/2023\/08\/Greifvogel-Flug-1603x949.jpg 1603w, https:\/\/gemeindebuechereikastl.de\/wp-content\/uploads\/2023\/08\/Greifvogel-Flug-300x178.jpg 300w, https:\/\/gemeindebuechereikastl.de\/wp-content\/uploads\/2023\/08\/Greifvogel-Flug-768x455.jpg 768w, https:\/\/gemeindebuechereikastl.de\/wp-content\/uploads\/2023\/08\/Greifvogel-Flug-1536x909.jpg 1536w, https:\/\/gemeindebuechereikastl.de\/wp-content\/uploads\/2023\/08\/Greifvogel-Flug-2048x1213.jpg 2048w, https:\/\/gemeindebuechereikastl.de\/wp-content\/uploads\/2023\/08\/Greifvogel-Flug-750x444.jpg 750w\" sizes=\"auto, (max-width: 412px) 100vw, 412px\" \/><\/p>\n<p>Sie sp\u00fcrten den Windhauch, wenn die V\u00f6gel nur knapp \u00fcber Ihre K\u00f6pfe hinweg flogen und sie beobachteten, wie der Wei\u00dfkopfseeadler eine Beute im Wasser schl\u00e4gt und als besonderes Highlight war es f\u00fcr alle als der Schopfkarakara auf Ihrem K\u00f6pfen landete. Im Vorfeld der Flugvorf\u00fchrung erkundeten Sie den Greifvogelpark und bekamen in den gro\u00dfr\u00e4umigen und artgerechten Volieren \u00fcber 50 Tag- und Nachtgreifv\u00f6gel wie beispielsweise Steinadler, Kordillierenadler, Wei\u00dfkopfseeadler, Bartk\u00e4uze, Habichte, G\u00e4nsegeier und Falken zu sehen.<\/p>\n<h3 style=\"text-align: center;\"><span style=\"color: #ff0000;\"><strong>GRUPPENBILD ZUM DOWNLOAD<\/strong><\/span><\/h3>\n<p><img loading=\"lazy\" decoding=\"async\" class=\"aligncenter wp-image-4197 size-full\" src=\"https:\/\/gemeindebuechereikastl.de\/wp-content\/uploads\/2023\/08\/Teilnehmer-Ferienfahrt-2023-scaled.jpg\" alt=\"\" width=\"2560\" height=\"1522\" srcset=\"https:\/\/gemeindebuechereikastl.de\/wp-content\/uploads\/2023\/08\/Teilnehmer-Ferienfahrt-2023-scaled.jpg 2560w, https:\/\/gemeindebuechereikastl.de\/wp-content\/uploads\/2023\/08\/Teilnehmer-Ferienfahrt-2023-300x178.jpg 300w, https:\/\/gemeindebuechereikastl.de\/wp-content\/uploads\/2023\/08\/Teilnehmer-Ferienfahrt-2023-1603x953.jpg 1603w, https:\/\/gemeindebuechereikastl.de\/wp-content\/uploads\/2023\/08\/Teilnehmer-Ferienfahrt-2023-768x457.jpg 768w, https:\/\/gemeindebuechereikastl.de\/wp-content\/uploads\/2023\/08\/Teilnehmer-Ferienfahrt-2023-1536x913.jpg 1536w, https:\/\/gemeindebuechereikastl.de\/wp-content\/uploads\/2023\/08\/Teilnehmer-Ferienfahrt-2023-2048x1218.jpg 2048w, https:\/\/gemeindebuechereikastl.de\/wp-content\/uploads\/2023\/08\/Teilnehmer-Ferienfahrt-2023-750x446.jpg 750w\" sizes=\"auto, (max-width: 2560px) 100vw, 2560px\" \/><\/p>\n","protected":false},"excerpt":{"rendered":"<p>Ein erlebnisreicher Tag bei der Ferienfahrt zu &#8222;Die Sch\u00f6ne und das Biest&#8220; bei den Luisenburg-Festspielen und im Greifvogelpark in Wunsiedel Begeistere Ferienkinder mit ihren Eltern, Omas und Opas sie tauchten ein in ein M\u00e4rchen mit Feen, einem Biest, der Belle und die Liebe, beim Familienst\u00fcck \u201cDie Sch\u00f6ne und das Biest\u201c auf der Luisenburg. Am Nachmittag &hellip; <\/p>\n<p><a class=\"more-link btn\" href=\"https:\/\/gemeindebuechereikastl.de\/?p=4188\">Weiterlesen<\/a><\/p>\n","protected":false},"author":1,"featured_media":4191,"comment_status":"closed","ping_status":"closed","sticky":false,"template":"","format":"standard","meta":{"footnotes":""},"categories":[5],"tags":[507,508,486,68,70,247],"class_list":["post-4188","post","type-post","status-publish","format-standard","has-post-thumbnail","hentry","category-news","tag-die-schoene-und-das-biest","tag-familienfahrt","tag-flugvorfuehrung","tag-greifvoegel","tag-luisenburg","tag-luisenburg-festspiele","item-wrap"],"_links":{"self":[{"href":"https:\/\/gemeindebuechereikastl.de\/index.php?rest_route=\/wp\/v2\/posts\/4188","targetHints":{"allow":["GET"]}}],"collection":[{"href":"https:\/\/gemeindebuechereikastl.de\/index.php?rest_route=\/wp\/v2\/posts"}],"about":[{"href":"https:\/\/gemeindebuechereikastl.de\/index.php?rest_route=\/wp\/v2\/types\/post"}],"author":[{"embeddable":true,"href":"https:\/\/gemeindebuechereikastl.de\/index.php?rest_route=\/wp\/v2\/users\/1"}],"replies":[{"embeddable":true,"href":"https:\/\/gemeindebuechereikastl.de\/index.php?rest_route=%2Fwp%2Fv2%2Fcomments&post=4188"}],"version-history":[{"count":13,"href":"https:\/\/gemeindebuechereikastl.de\/index.php?rest_route=\/wp\/v2\/posts\/4188\/revisions"}],"predecessor-version":[{"id":4210,"href":"https:\/\/gemeindebuechereikastl.de\/index.php?rest_route=\/wp\/v2\/posts\/4188\/revisions\/4210"}],"wp:featuredmedia":[{"embeddable":true,"href":"https:\/\/gemeindebuechereikastl.de\/index.php?rest_route=\/wp\/v2\/media\/4191"}],"wp:attachment":[{"href":"https:\/\/gemeindebuechereikastl.de\/index.php?rest_route=%2Fwp%2Fv2%2Fmedia&parent=4188"}],"wp:term":[{"taxonomy":"category","embeddable":true,"href":"https:\/\/gemeindebuechereikastl.de\/index.php?rest_route=%2Fwp%2Fv2%2Fcategories&post=4188"},{"taxonomy":"post_tag","embeddable":true,"href":"https:\/\/gemeindebuechereikastl.de\/index.php?rest_route=%2Fwp%2Fv2%2Ftags&post=4188"}],"curies":[{"name":"wp","href":"https:\/\/api.w.org\/{rel}","templated":true}]}}