{"id":420,"date":"2018-03-23T17:24:03","date_gmt":"2018-03-23T17:24:03","guid":{"rendered":"http:\/\/gemeindebuechereikastl.de\/?p=420"},"modified":"2018-03-23T17:30:51","modified_gmt":"2018-03-23T17:30:51","slug":"besuch-der-1-klasse-in-der-buecherei","status":"publish","type":"post","link":"https:\/\/gemeindebuechereikastl.de\/?p=420","title":{"rendered":"Besuch der 1. Klasse in der B\u00fccherei"},"content":{"rendered":"<h2 style=\"text-align: center;\"><span style=\"color: #ff9900;\">Donnerstag, 23. M\u00e4rz\u00a0 &#8211; Begeisterte Erstkl\u00e4ssler zum ersten mal gemeinsam in der B\u00fccherei<\/span><\/h2>\n<p><span style=\"color: #000000; font-family: Times New Roman; font-size: small;\"><img loading=\"lazy\" decoding=\"async\" class=\"aligncenter size-full wp-image-423\" src=\"https:\/\/gemeindebuechereikastl.de\/wp-content\/uploads\/2018\/03\/1-Klasse-B\u00fccher.jpg\" alt=\"\" width=\"800\" height=\"549\" srcset=\"https:\/\/gemeindebuechereikastl.de\/wp-content\/uploads\/2018\/03\/1-Klasse-B\u00fccher.jpg 800w, https:\/\/gemeindebuechereikastl.de\/wp-content\/uploads\/2018\/03\/1-Klasse-B\u00fccher-300x206.jpg 300w, https:\/\/gemeindebuechereikastl.de\/wp-content\/uploads\/2018\/03\/1-Klasse-B\u00fccher-768x527.jpg 768w\" sizes=\"auto, (max-width: 800px) 100vw, 800px\" \/><\/span><\/p>\n<p><span style=\"color: #000000; font-family: Times New Roman;\">Als die 22 Erstkl\u00e4ssler der Seyfried-Schweppermann \u2013 Schule Kastl zum ersten Mal im Rahmen der Schulausleihe gemeinsam mit ihrer Klassenlehrerin Frau Madeisky die Gemeindeb\u00fccherei besuchten ging es rund, viele wollte gleich eine ganze Tasche voller B\u00fccher ausleihen als g\u00e4be es bei der n\u00e4chsten Ausleihe keine mehr. Da die meisten Erstkl\u00e4ssler im Vorjahr schon den B\u00fccherei &#8211; F\u00fchrerschein gemacht hatten und sie sich schon einigerma\u00dfen in der B\u00fccherei zurechtfinden und auch einige schon flei\u00dfige Leser sind gingen B\u00fcchereileiter Georg D\u00fcrr und Mitarbeiterin Kathrin Fuchs , bei einem kurzen Rundgang durch die beiden Geschosse der B\u00fccherei auf die Einteilung der B\u00fccherei mit den verschiedensten Medien ein und gaben nochmals einen \u00dcberblick \u00fcber das gro\u00dfe Angebot der Kastler B\u00fccherei. Auch Erw\u00e4hnung fand das Angebot der E-Book Ausleihe.<\/span><\/p>\n<p><img loading=\"lazy\" decoding=\"async\" class=\"aligncenter size-full wp-image-424\" src=\"https:\/\/gemeindebuechereikastl.de\/wp-content\/uploads\/2018\/03\/1-Klasse.jpg\" alt=\"\" width=\"800\" height=\"537\" srcset=\"https:\/\/gemeindebuechereikastl.de\/wp-content\/uploads\/2018\/03\/1-Klasse.jpg 800w, https:\/\/gemeindebuechereikastl.de\/wp-content\/uploads\/2018\/03\/1-Klasse-300x201.jpg 300w, https:\/\/gemeindebuechereikastl.de\/wp-content\/uploads\/2018\/03\/1-Klasse-768x516.jpg 768w\" sizes=\"auto, (max-width: 800px) 100vw, 800px\" \/><span style=\"color: #000000; font-family: Times New Roman;\">Bei Ihrem ersten Besuch bekamen alle Kinder der 1. Klasse ihren eigenen Leserausweis mit dem sie eigenst\u00e4ndig bei der Schulausleihe oder mit den Eltern alle B\u00fccher und auch die weiteren Medien der B\u00fccherei ausleihen k\u00f6nnen. Nach der Einf\u00fchrung hatten die Kinder dann noch Zeit selbst im Angebot der B\u00fccherei zu st\u00f6bern und alle fanden ihre Lieblingsb\u00fccher zum Mitnehmen. Als kleines Dankesch\u00f6n und f\u00fcr die weiteren Besuche bekamen alle Kinder von B\u00fcchermitarbeiterin Kathrin Fuchs und B\u00fcchereileiter Georg D\u00fcrr eine B\u00fcchereitasche mit ihrem Namen drauf und ein Lesezeichen geschenkt. In der sch\u00f6nen B\u00fcchereitasche wurden gleich die ausgesuchten Lieblingsb\u00fccher eingepackt. D\u00fcrr erw\u00e4hnte noch, dass bei der Schulausleihe nur B\u00fccher mitgenommen werden k\u00f6nne aber sie k\u00f6nnen auch mit ihren Eltern zu den normalen \u00d6ffnungszeiten der B\u00fccherei, kommen und dann neben den B\u00fcchern auch das gesamte Angebot der Kastler B\u00fccherei nutzen.<\/span><\/p>\n<p>&nbsp;<\/p>\n","protected":false},"excerpt":{"rendered":"<p>Donnerstag, 23. M\u00e4rz\u00a0 &#8211; Begeisterte Erstkl\u00e4ssler zum ersten mal gemeinsam in der B\u00fccherei Als die 22 Erstkl\u00e4ssler der Seyfried-Schweppermann \u2013 Schule Kastl zum ersten Mal im Rahmen der Schulausleihe gemeinsam mit ihrer Klassenlehrerin Frau Madeisky die Gemeindeb\u00fccherei besuchten ging es rund, viele wollte gleich eine ganze Tasche voller B\u00fccher ausleihen als g\u00e4be es bei der &hellip; <\/p>\n<p><a class=\"more-link btn\" href=\"https:\/\/gemeindebuechereikastl.de\/?p=420\">Weiterlesen<\/a><\/p>\n","protected":false},"author":1,"featured_media":424,"comment_status":"closed","ping_status":"closed","sticky":false,"template":"","format":"standard","meta":{"footnotes":""},"categories":[5],"tags":[21,23,22],"class_list":["post-420","post","type-post","status-publish","format-standard","has-post-thumbnail","hentry","category-news","tag-1-klasse","tag-buechertasche","tag-schulausleihe","item-wrap"],"_links":{"self":[{"href":"https:\/\/gemeindebuechereikastl.de\/index.php?rest_route=\/wp\/v2\/posts\/420","targetHints":{"allow":["GET"]}}],"collection":[{"href":"https:\/\/gemeindebuechereikastl.de\/index.php?rest_route=\/wp\/v2\/posts"}],"about":[{"href":"https:\/\/gemeindebuechereikastl.de\/index.php?rest_route=\/wp\/v2\/types\/post"}],"author":[{"embeddable":true,"href":"https:\/\/gemeindebuechereikastl.de\/index.php?rest_route=\/wp\/v2\/users\/1"}],"replies":[{"embeddable":true,"href":"https:\/\/gemeindebuechereikastl.de\/index.php?rest_route=%2Fwp%2Fv2%2Fcomments&post=420"}],"version-history":[{"count":4,"href":"https:\/\/gemeindebuechereikastl.de\/index.php?rest_route=\/wp\/v2\/posts\/420\/revisions"}],"predecessor-version":[{"id":428,"href":"https:\/\/gemeindebuechereikastl.de\/index.php?rest_route=\/wp\/v2\/posts\/420\/revisions\/428"}],"wp:featuredmedia":[{"embeddable":true,"href":"https:\/\/gemeindebuechereikastl.de\/index.php?rest_route=\/wp\/v2\/media\/424"}],"wp:attachment":[{"href":"https:\/\/gemeindebuechereikastl.de\/index.php?rest_route=%2Fwp%2Fv2%2Fmedia&parent=420"}],"wp:term":[{"taxonomy":"category","embeddable":true,"href":"https:\/\/gemeindebuechereikastl.de\/index.php?rest_route=%2Fwp%2Fv2%2Fcategories&post=420"},{"taxonomy":"post_tag","embeddable":true,"href":"https:\/\/gemeindebuechereikastl.de\/index.php?rest_route=%2Fwp%2Fv2%2Ftags&post=420"}],"curies":[{"name":"wp","href":"https:\/\/api.w.org\/{rel}","templated":true}]}}