{"id":4222,"date":"2023-08-16T16:32:28","date_gmt":"2023-08-16T16:32:28","guid":{"rendered":"https:\/\/gemeindebuechereikastl.de\/?p=4222"},"modified":"2023-08-17T06:46:00","modified_gmt":"2023-08-17T06:46:00","slug":"mit-unseren-e-books-around-the-world","status":"publish","type":"post","link":"https:\/\/gemeindebuechereikastl.de\/?p=4222","title":{"rendered":"Mit unseren E-Books &#8211; Around the world"},"content":{"rendered":"<h2 style=\"text-align: center;\"><span style=\"color: #ff6600;\">Around the world &#x1f30e; &#8211; unsere Onleihe ist immer dabei<\/span><\/h2>\n<p><img loading=\"lazy\" decoding=\"async\" class=\"aligncenter wp-image-4220 size-full\" src=\"https:\/\/gemeindebuechereikastl.de\/wp-content\/uploads\/2023\/08\/Leo-Reisen.jpg\" alt=\"\" width=\"1600\" height=\"1200\" srcset=\"https:\/\/gemeindebuechereikastl.de\/wp-content\/uploads\/2023\/08\/Leo-Reisen.jpg 1600w, https:\/\/gemeindebuechereikastl.de\/wp-content\/uploads\/2023\/08\/Leo-Reisen-300x225.jpg 300w, https:\/\/gemeindebuechereikastl.de\/wp-content\/uploads\/2023\/08\/Leo-Reisen-768x576.jpg 768w, https:\/\/gemeindebuechereikastl.de\/wp-content\/uploads\/2023\/08\/Leo-Reisen-1536x1152.jpg 1536w, https:\/\/gemeindebuechereikastl.de\/wp-content\/uploads\/2023\/08\/Leo-Reisen-750x563.jpg 750w\" sizes=\"auto, (max-width: 1600px) 100vw, 1600px\" \/><\/p>\n<p>Around the world &#x1f30e; &#8211; unsere Onleihe ist immer dabei. Mit einem g\u00fcltigen Ausweis der Gemeindeb\u00fccherei Kastl gibt es 24 Stunden am Tag , 7 Tage die Woche das ganze Jahr hindurch,\u00a0 ortsunabh\u00e4ngig unter <strong><a href=\"https:\/\/leo-nord.onleihe.de\/\">https:\/\/leo-nord.onleihe.de\/<\/a> <\/strong>\u00fcber 30.000 eBooks, eAudio, eMagazine und ePaper zur Ausleihe. Wir w\u00fcnschen eine sch\u00f6ne Lesezeit und sch\u00f6ne Ferien, bzw. Urlaub&#x1f9f3;<\/p>\n","protected":false},"excerpt":{"rendered":"<p>Around the world &#x1f30e; &#8211; unsere Onleihe ist immer dabei Around the world &#x1f30e; &#8211; unsere Onleihe ist immer dabei. Mit einem g\u00fcltigen Ausweis der Gemeindeb\u00fccherei Kastl gibt es 24 Stunden am Tag , 7 Tage die Woche das ganze Jahr hindurch,\u00a0 ortsunabh\u00e4ngig unter https:\/\/leo-nord.onleihe.de\/ \u00fcber 30.000 eBooks, eAudio, eMagazine und ePaper zur Ausleihe. Wir &hellip; <\/p>\n<p><a class=\"more-link btn\" href=\"https:\/\/gemeindebuechereikastl.de\/?p=4222\">Weiterlesen<\/a><\/p>\n","protected":false},"author":1,"featured_media":4220,"comment_status":"closed","ping_status":"closed","sticky":false,"template":"","format":"standard","meta":{"footnotes":""},"categories":[1],"tags":[152,511,183],"class_list":["post-4222","post","type-post","status-publish","format-standard","has-post-thumbnail","hentry","category-team","tag-ebooks","tag-feiren","tag-urlaub","item-wrap"],"_links":{"self":[{"href":"https:\/\/gemeindebuechereikastl.de\/index.php?rest_route=\/wp\/v2\/posts\/4222","targetHints":{"allow":["GET"]}}],"collection":[{"href":"https:\/\/gemeindebuechereikastl.de\/index.php?rest_route=\/wp\/v2\/posts"}],"about":[{"href":"https:\/\/gemeindebuechereikastl.de\/index.php?rest_route=\/wp\/v2\/types\/post"}],"author":[{"embeddable":true,"href":"https:\/\/gemeindebuechereikastl.de\/index.php?rest_route=\/wp\/v2\/users\/1"}],"replies":[{"embeddable":true,"href":"https:\/\/gemeindebuechereikastl.de\/index.php?rest_route=%2Fwp%2Fv2%2Fcomments&post=4222"}],"version-history":[{"count":7,"href":"https:\/\/gemeindebuechereikastl.de\/index.php?rest_route=\/wp\/v2\/posts\/4222\/revisions"}],"predecessor-version":[{"id":4234,"href":"https:\/\/gemeindebuechereikastl.de\/index.php?rest_route=\/wp\/v2\/posts\/4222\/revisions\/4234"}],"wp:featuredmedia":[{"embeddable":true,"href":"https:\/\/gemeindebuechereikastl.de\/index.php?rest_route=\/wp\/v2\/media\/4220"}],"wp:attachment":[{"href":"https:\/\/gemeindebuechereikastl.de\/index.php?rest_route=%2Fwp%2Fv2%2Fmedia&parent=4222"}],"wp:term":[{"taxonomy":"category","embeddable":true,"href":"https:\/\/gemeindebuechereikastl.de\/index.php?rest_route=%2Fwp%2Fv2%2Fcategories&post=4222"},{"taxonomy":"post_tag","embeddable":true,"href":"https:\/\/gemeindebuechereikastl.de\/index.php?rest_route=%2Fwp%2Fv2%2Ftags&post=4222"}],"curies":[{"name":"wp","href":"https:\/\/api.w.org\/{rel}","templated":true}]}}