{"id":4272,"date":"2023-09-19T13:32:46","date_gmt":"2023-09-19T13:32:46","guid":{"rendered":"https:\/\/gemeindebuechereikastl.de\/?p=4272"},"modified":"2023-09-19T15:19:42","modified_gmt":"2023-09-19T15:19:42","slug":"ganz-neu-mangas-ab-tag-der-offenen-tuer-im-sortiment-der-buecherei","status":"publish","type":"post","link":"https:\/\/gemeindebuechereikastl.de\/?p=4272","title":{"rendered":"Ganz NEU &#8211; Mangas ab &#8222;Tag der offenen T\u00fcr&#8220; im Sortiment der B\u00fccherei"},"content":{"rendered":"<h2 style=\"text-align: center;\"><span style=\"color: #ff6600;\"><strong>Entdecken Sie jetzt ganz NEU &#8222;Japanischen Comics bzw. <\/strong><\/span><span style=\"color: #ff6600;\"><strong>MANGAS&#8220; im Angebot der B\u00fccherei<\/strong><\/span><\/h2>\n<p style=\"text-align: center;\"><strong><img loading=\"lazy\" decoding=\"async\" class=\"alignleft wp-image-4276 \" src=\"https:\/\/gemeindebuechereikastl.de\/wp-content\/uploads\/2023\/09\/Team-praesentiert-die-neuen-Mangas-1603x1052.jpg\" alt=\"\" width=\"453\" height=\"297\" srcset=\"https:\/\/gemeindebuechereikastl.de\/wp-content\/uploads\/2023\/09\/Team-praesentiert-die-neuen-Mangas-1603x1052.jpg 1603w, https:\/\/gemeindebuechereikastl.de\/wp-content\/uploads\/2023\/09\/Team-praesentiert-die-neuen-Mangas-300x197.jpg 300w, https:\/\/gemeindebuechereikastl.de\/wp-content\/uploads\/2023\/09\/Team-praesentiert-die-neuen-Mangas-768x504.jpg 768w, https:\/\/gemeindebuechereikastl.de\/wp-content\/uploads\/2023\/09\/Team-praesentiert-die-neuen-Mangas-1536x1008.jpg 1536w, https:\/\/gemeindebuechereikastl.de\/wp-content\/uploads\/2023\/09\/Team-praesentiert-die-neuen-Mangas-2048x1344.jpg 2048w, https:\/\/gemeindebuechereikastl.de\/wp-content\/uploads\/2023\/09\/Team-praesentiert-die-neuen-Mangas-750x492.jpg 750w\" sizes=\"auto, (max-width: 453px) 100vw, 453px\" \/>Die Gemeindeb\u00fccherei Kastl hat ein neues Leseangebot im Bereich der Kinder- und Jugendliteratur mit japanischen Comics bzw. Mangas <\/strong><strong>geschaffen. Mit den Helden aus Fernost will das B\u00fcchereiteam die Leselust wecken und f\u00fcrs Lesen begeistern.<\/strong><\/p>\n<p>Sie hei\u00dfen Naruto, One Piece, Dragon Ball, Kitaro oder Detektiv Canon und haben eines gemeinsam: Sie sind Mangas. Sie werden in Japan als Comics bezeichnet. \u201eMangas\u201c sind bei Jugendlichen sehr beliebt und bringen sie zu einer anderen Art des Lesens. Da\u00a0 die Nachfrage nach Mangas seit Jahren gro\u00df ist, hat das Team einen Grundstock von \u00fcber 50 Mangas angeschafft.<br \/>\n<img loading=\"lazy\" decoding=\"async\" class=\" wp-image-4273 alignleft\" src=\"https:\/\/gemeindebuechereikastl.de\/wp-content\/uploads\/2023\/09\/Mangas-300x169.jpg\" alt=\"\" width=\"282\" height=\"159\" srcset=\"https:\/\/gemeindebuechereikastl.de\/wp-content\/uploads\/2023\/09\/Mangas-300x169.jpg 300w, https:\/\/gemeindebuechereikastl.de\/wp-content\/uploads\/2023\/09\/Mangas-768x432.jpg 768w, https:\/\/gemeindebuechereikastl.de\/wp-content\/uploads\/2023\/09\/Mangas-750x422.jpg 750w, https:\/\/gemeindebuechereikastl.de\/wp-content\/uploads\/2023\/09\/Mangas.jpg 1280w\" sizes=\"auto, (max-width: 282px) 100vw, 282px\" \/>In diesen Manga-Serien geht es um spannende Geschichten zwischen Gut und B\u00f6se. Es werden D\u00f6rfer gerettet und Au\u00dfenseiter zu Helden. Auch Alltagsprobleme oder Liebe sind Themen.<br \/>\nDas Eintauchen in die fantastischen Manga-Welten, die sich Kindern und Jugendlichen durch aufmerksames \u201eVon-hinten-nach-vorne-Lesen\u201c erschlie\u00dfen, f\u00f6rdert in der jungen Leserschaft au\u00dfer Konzentration auch den Wortschatz.<\/p>\n<p><img loading=\"lazy\" decoding=\"async\" class=\"wp-image-4274  alignright\" src=\"https:\/\/gemeindebuechereikastl.de\/wp-content\/uploads\/2023\/09\/Mangs-Buecherei-1567x1206.jpg\" alt=\"\" width=\"409\" height=\"314\" srcset=\"https:\/\/gemeindebuechereikastl.de\/wp-content\/uploads\/2023\/09\/Mangs-Buecherei-1567x1206.jpg 1567w, https:\/\/gemeindebuechereikastl.de\/wp-content\/uploads\/2023\/09\/Mangs-Buecherei-300x231.jpg 300w, https:\/\/gemeindebuechereikastl.de\/wp-content\/uploads\/2023\/09\/Mangs-Buecherei-768x591.jpg 768w, https:\/\/gemeindebuechereikastl.de\/wp-content\/uploads\/2023\/09\/Mangs-Buecherei-1536x1182.jpg 1536w, https:\/\/gemeindebuechereikastl.de\/wp-content\/uploads\/2023\/09\/Mangs-Buecherei-2048x1576.jpg 2048w, https:\/\/gemeindebuechereikastl.de\/wp-content\/uploads\/2023\/09\/Mangs-Buecherei-750x577.jpg 750w\" sizes=\"auto, (max-width: 409px) 100vw, 409px\" \/>In der Gemeindeb\u00fccherei soll die neue Mediengruppe der \u201eMangas\u201c nun ein fester Bestandteil der ca. 9.500 vorhandenen Medieneinheiten werden.<br \/>\nBeim Tag der offenen T\u00fcr am Sonntag, 8 Oktober werden diese zum ersten Mal der \u00d6ffentlichkeit pr\u00e4sentiert. Ab diesen Zeitpunkt k\u00f6nnen die neuen Comics auch entliehen werden.<\/p>\n<h4 style=\"text-align: center;\"><b>Infos \u00fcber die angeschaften Mangas gibt es ab sofort in unserem <a href=\"https:\/\/iopac.gemeindebuechereikastl.de\/iopac\/\">Online-Katalog<\/a>\u00a0 und hier unter dem Symbol \u201eMangas\u201c<\/b><\/h4>\n","protected":false},"excerpt":{"rendered":"<p>Entdecken Sie jetzt ganz NEU &#8222;Japanischen Comics bzw. MANGAS&#8220; im Angebot der B\u00fccherei Die Gemeindeb\u00fccherei Kastl hat ein neues Leseangebot im Bereich der Kinder- und Jugendliteratur mit japanischen Comics bzw. Mangas geschaffen. Mit den Helden aus Fernost will das B\u00fcchereiteam die Leselust wecken und f\u00fcrs Lesen begeistern. Sie hei\u00dfen Naruto, One Piece, Dragon Ball, Kitaro &hellip; <\/p>\n<p><a class=\"more-link btn\" href=\"https:\/\/gemeindebuechereikastl.de\/?p=4272\">Weiterlesen<\/a><\/p>\n","protected":false},"author":1,"featured_media":4274,"comment_status":"closed","ping_status":"closed","sticky":false,"template":"","format":"standard","meta":{"footnotes":""},"categories":[5],"tags":[520,519,85],"class_list":["post-4272","post","type-post","status-publish","format-standard","has-post-thumbnail","hentry","category-news","tag-comics","tag-mangas","tag-neue-buecher","item-wrap"],"_links":{"self":[{"href":"https:\/\/gemeindebuechereikastl.de\/index.php?rest_route=\/wp\/v2\/posts\/4272","targetHints":{"allow":["GET"]}}],"collection":[{"href":"https:\/\/gemeindebuechereikastl.de\/index.php?rest_route=\/wp\/v2\/posts"}],"about":[{"href":"https:\/\/gemeindebuechereikastl.de\/index.php?rest_route=\/wp\/v2\/types\/post"}],"author":[{"embeddable":true,"href":"https:\/\/gemeindebuechereikastl.de\/index.php?rest_route=\/wp\/v2\/users\/1"}],"replies":[{"embeddable":true,"href":"https:\/\/gemeindebuechereikastl.de\/index.php?rest_route=%2Fwp%2Fv2%2Fcomments&post=4272"}],"version-history":[{"count":9,"href":"https:\/\/gemeindebuechereikastl.de\/index.php?rest_route=\/wp\/v2\/posts\/4272\/revisions"}],"predecessor-version":[{"id":4286,"href":"https:\/\/gemeindebuechereikastl.de\/index.php?rest_route=\/wp\/v2\/posts\/4272\/revisions\/4286"}],"wp:featuredmedia":[{"embeddable":true,"href":"https:\/\/gemeindebuechereikastl.de\/index.php?rest_route=\/wp\/v2\/media\/4274"}],"wp:attachment":[{"href":"https:\/\/gemeindebuechereikastl.de\/index.php?rest_route=%2Fwp%2Fv2%2Fmedia&parent=4272"}],"wp:term":[{"taxonomy":"category","embeddable":true,"href":"https:\/\/gemeindebuechereikastl.de\/index.php?rest_route=%2Fwp%2Fv2%2Fcategories&post=4272"},{"taxonomy":"post_tag","embeddable":true,"href":"https:\/\/gemeindebuechereikastl.de\/index.php?rest_route=%2Fwp%2Fv2%2Ftags&post=4272"}],"curies":[{"name":"wp","href":"https:\/\/api.w.org\/{rel}","templated":true}]}}