{"id":4301,"date":"2023-10-03T07:53:19","date_gmt":"2023-10-03T07:53:19","guid":{"rendered":"https:\/\/gemeindebuechereikastl.de\/?p=4301"},"modified":"2023-10-03T08:55:46","modified_gmt":"2023-10-03T08:55:46","slug":"zauberei-in-der-buecherei-tag-der-offenen-tuer-am-8-oktober","status":"publish","type":"post","link":"https:\/\/gemeindebuechereikastl.de\/?p=4301","title":{"rendered":"Zauberei in der B\u00fccherei &#8211; Tag der offenen T\u00fcr am 8. Oktober"},"content":{"rendered":"<h2 style=\"text-align: center;\"><span style=\"color: #ff6600;\"><strong>Tag der offenen T\u00fcr am Sonntag, 8. Oktober von<br \/>\n13.00 bis 17.00 Uhr &#8211; Mit ca. 350 neuen B\u00fcchern<br \/>\nund Medien sowie einer zauberhaften<br \/>\nKinder-mit-mach-Zauber-Show<\/strong><\/span><\/h2>\n<p><img loading=\"lazy\" decoding=\"async\" class=\"wp-image-4302 alignleft\" src=\"https:\/\/gemeindebuechereikastl.de\/wp-content\/uploads\/2023\/10\/Zauberei-in-der-Buecherei.jpg\" alt=\"\" width=\"448\" height=\"326\" srcset=\"https:\/\/gemeindebuechereikastl.de\/wp-content\/uploads\/2023\/10\/Zauberei-in-der-Buecherei.jpg 1526w, https:\/\/gemeindebuechereikastl.de\/wp-content\/uploads\/2023\/10\/Zauberei-in-der-Buecherei-300x218.jpg 300w, https:\/\/gemeindebuechereikastl.de\/wp-content\/uploads\/2023\/10\/Zauberei-in-der-Buecherei-768x558.jpg 768w, https:\/\/gemeindebuechereikastl.de\/wp-content\/uploads\/2023\/10\/Zauberei-in-der-Buecherei-750x545.jpg 750w\" sizes=\"auto, (max-width: 448px) 100vw, 448px\" \/><\/p>\n<h4 style=\"text-align: center;\">Das B\u00fcchereiteam pr\u00e4sentiert an diesem Nachmittag allen Besuchern wieder ein<br \/>\nGro\u00dfes und Aktuelles Angebot von <b>ca. 350 neu erworbenen B\u00fcchern und Medien<\/b>, sowie die <b>neue Mediengruppe der \u201eMANGAS\u201c<\/b><\/h4>\n<p>Es wurden f\u00fcr alle Altersgruppen neue B\u00fccher angeschafft: Bilderb\u00fccher f\u00fcr die Kleinsten ab 2 Jahre, \u00fcber B\u00fccher f\u00fcr Erstleser sowie Kinder \u2013 und Jugendb\u00fccher bis hin zu Romanen und aktueller Sachliteratur f\u00fcr Kinder und Erwachsene. Bei den Erstlese\u2013 und Kinderb\u00fcchern wurden die beliebten Serien erg\u00e4nzt. Nat\u00fcrlich sind auch diverse aktuelle Roman-Bestseller dabei. Bei den Nichtbuchmedien gibt es Neues in den Bereichen der H\u00f6rb\u00fccher f\u00fcr Kinder, DVDs, Spiele und nat\u00fcrlich auch bei den Tonies. <b>Ganz Neu im Angebot der B\u00fccherei die MANGAS (Japanische Comics)<br \/>\n<\/b><b><img loading=\"lazy\" decoding=\"async\" class=\" wp-image-4291 alignleft\" src=\"https:\/\/gemeindebuechereikastl.de\/wp-content\/uploads\/2023\/09\/Buecher-Online-300x103.jpg\" alt=\"\" width=\"282\" height=\"97\" srcset=\"https:\/\/gemeindebuechereikastl.de\/wp-content\/uploads\/2023\/09\/Buecher-Online-300x103.jpg 300w, https:\/\/gemeindebuechereikastl.de\/wp-content\/uploads\/2023\/09\/Buecher-Online.jpg 538w\" sizes=\"auto, (max-width: 282px) 100vw, 282px\" \/><\/b><br \/>\n<strong>Alle neuen <\/strong><strong>B\u00fccher und Medien die beim Tag der offenen T\u00fcr am Sonntag, 8. Oktober von 13.00 bis 17.00 Uhr pr\u00e4sentiert werden, <\/strong><strong>gibt es hier in unser<\/strong><strong>en <a href=\"https:\/\/iopac.gemeindebuechereikastl.de\/iopac\/\">Online-Katalog<\/a>\u00a0unter \u201e<a href=\"https:\/\/iopac.gemeindebuechereikastl.de\/iopac\/\">Neue Titel<\/a>\u201c bereits <\/strong><strong>zum Entdecken.<\/strong><\/p>\n<p><img loading=\"lazy\" decoding=\"async\" class=\"wp-image-4304 alignright\" src=\"https:\/\/gemeindebuechereikastl.de\/wp-content\/uploads\/2023\/10\/Kuchen-1603x1032.jpg\" alt=\"\" width=\"277\" height=\"179\" srcset=\"https:\/\/gemeindebuechereikastl.de\/wp-content\/uploads\/2023\/10\/Kuchen-1603x1032.jpg 1603w, https:\/\/gemeindebuechereikastl.de\/wp-content\/uploads\/2023\/10\/Kuchen-300x193.jpg 300w, https:\/\/gemeindebuechereikastl.de\/wp-content\/uploads\/2023\/10\/Kuchen-768x494.jpg 768w, https:\/\/gemeindebuechereikastl.de\/wp-content\/uploads\/2023\/10\/Kuchen-1536x988.jpg 1536w, https:\/\/gemeindebuechereikastl.de\/wp-content\/uploads\/2023\/10\/Kuchen-2048x1318.jpg 2048w, https:\/\/gemeindebuechereikastl.de\/wp-content\/uploads\/2023\/10\/Kuchen-750x483.jpg 750w\" sizes=\"auto, (max-width: 277px) 100vw, 277px\" \/><\/p>\n<p><b>* Von 13.00 bis 17.00 Uhr bietet das Team Kaffee und selbst gebackenen Kuchen f\u00fcr alle Besucher an.<br \/>\n<\/b><b>* Kaffee und Kuchen, b<\/b><b>ei sch\u00f6nem Wetter auch im Garten der B\u00fccherei!<\/b><br \/>\n<b>* Schm\u00f6kern in den neuen B\u00fcchern w\u00e4hrend des gesamten Nachmittages erw\u00fcnscht.<\/b><b><br \/>\n<\/b><b>* Die Ausleihe der NEUEN B\u00fccher und Medien ist am &#8222;Tag der offenen T\u00fcr&#8220; ab 16.30 Uhr m\u00f6glich.<\/b><\/p>\n<h3 style=\"text-align: center;\"><b><img loading=\"lazy\" decoding=\"async\" class=\"wp-image-4303 alignleft\" src=\"https:\/\/gemeindebuechereikastl.de\/wp-content\/uploads\/2023\/10\/Zauberer-Imre-Bacsa-905x1206.jpeg\" alt=\"\" width=\"260\" height=\"346\" srcset=\"https:\/\/gemeindebuechereikastl.de\/wp-content\/uploads\/2023\/10\/Zauberer-Imre-Bacsa-905x1206.jpeg 905w, https:\/\/gemeindebuechereikastl.de\/wp-content\/uploads\/2023\/10\/Zauberer-Imre-Bacsa-225x300.jpeg 225w, https:\/\/gemeindebuechereikastl.de\/wp-content\/uploads\/2023\/10\/Zauberer-Imre-Bacsa-768x1024.jpeg 768w, https:\/\/gemeindebuechereikastl.de\/wp-content\/uploads\/2023\/10\/Zauberer-Imre-Bacsa-1152x1536.jpeg 1152w, https:\/\/gemeindebuechereikastl.de\/wp-content\/uploads\/2023\/10\/Zauberer-Imre-Bacsa-1536x2048.jpeg 1536w, https:\/\/gemeindebuechereikastl.de\/wp-content\/uploads\/2023\/10\/Zauberer-Imre-Bacsa-750x1000.jpeg 750w, https:\/\/gemeindebuechereikastl.de\/wp-content\/uploads\/2023\/10\/Zauberer-Imre-Bacsa-scaled.jpeg 1920w\" sizes=\"auto, (max-width: 260px) 100vw, 260px\" \/><\/b><\/h3>\n<h2 style=\"text-align: center;\"><strong><span style=\"color: #ff6600;\">Hokus pokus fidibus &#8211; <\/span><\/strong><strong><span style=\"color: #ff6600;\">Zauberei in der <\/span><\/strong><strong><span style=\"color: #ff6600;\">B\u00fccherei<\/span><\/strong><\/h2>\n<h3 style=\"text-align: center;\"><b>Zaubershow mit Imre Bacsa um 15.00 Uhr, <\/b><b>im <\/b><b>Obergeschoss der B\u00fccherei <\/b><b>f\u00fcr alle Kinder bzw. Altersgruppen <\/b><\/h3>\n<p style=\"text-align: center;\"><strong>Es wird eine <span style=\"color: #800000;\">\u201c<\/span><\/strong><strong><span style=\"color: #800000;\">Zauberhafte Kinder-mit-mach-Zauber-Show\u201c<\/span> <\/strong><strong>geboten. Jede Altersgruppe kann darin etwas finden, das zu ihr passt. Das Zauberprogramm ist sowohl lustig als auch magisch.\u00a0 Alle Kinder werden in das sehr lustige Programm mit einbezogen. Die Kinder werden dar\u00fcber noch lange reden. Seien Sie Teil der Magie!<br \/>\n<\/strong><span style=\"color: #800000;\"><strong>Der Unkostenbeitrag f\u00fcr die Zauber-Show betr\u00e4gt<br \/>\n3,- EUR pro Person!<\/strong><\/span><\/p>\n","protected":false},"excerpt":{"rendered":"<p>Tag der offenen T\u00fcr am Sonntag, 8. Oktober von 13.00 bis 17.00 Uhr &#8211; Mit ca. 350 neuen B\u00fcchern und Medien sowie einer zauberhaften Kinder-mit-mach-Zauber-Show Das B\u00fcchereiteam pr\u00e4sentiert an diesem Nachmittag allen Besuchern wieder ein Gro\u00dfes und Aktuelles Angebot von ca. 350 neu erworbenen B\u00fcchern und Medien, sowie die neue Mediengruppe der \u201eMANGAS\u201c Es wurden &hellip; <\/p>\n<p><a class=\"more-link btn\" href=\"https:\/\/gemeindebuechereikastl.de\/?p=4301\">Weiterlesen<\/a><\/p>\n","protected":false},"author":1,"featured_media":4302,"comment_status":"closed","ping_status":"closed","sticky":false,"template":"","format":"standard","meta":{"footnotes":""},"categories":[1],"tags":[127,522,128,519,85,521,88,523],"class_list":["post-4301","post","type-post","status-publish","format-standard","has-post-thumbnail","hentry","category-team","tag-kaffee","tag-kaffee-und-kuchen","tag-kuchen","tag-mangas","tag-neue-buecher","tag-neue-nichbuchmedien","tag-tag-der-offenen-tuer","tag-zaube","item-wrap"],"_links":{"self":[{"href":"https:\/\/gemeindebuechereikastl.de\/index.php?rest_route=\/wp\/v2\/posts\/4301","targetHints":{"allow":["GET"]}}],"collection":[{"href":"https:\/\/gemeindebuechereikastl.de\/index.php?rest_route=\/wp\/v2\/posts"}],"about":[{"href":"https:\/\/gemeindebuechereikastl.de\/index.php?rest_route=\/wp\/v2\/types\/post"}],"author":[{"embeddable":true,"href":"https:\/\/gemeindebuechereikastl.de\/index.php?rest_route=\/wp\/v2\/users\/1"}],"replies":[{"embeddable":true,"href":"https:\/\/gemeindebuechereikastl.de\/index.php?rest_route=%2Fwp%2Fv2%2Fcomments&post=4301"}],"version-history":[{"count":15,"href":"https:\/\/gemeindebuechereikastl.de\/index.php?rest_route=\/wp\/v2\/posts\/4301\/revisions"}],"predecessor-version":[{"id":4319,"href":"https:\/\/gemeindebuechereikastl.de\/index.php?rest_route=\/wp\/v2\/posts\/4301\/revisions\/4319"}],"wp:featuredmedia":[{"embeddable":true,"href":"https:\/\/gemeindebuechereikastl.de\/index.php?rest_route=\/wp\/v2\/media\/4302"}],"wp:attachment":[{"href":"https:\/\/gemeindebuechereikastl.de\/index.php?rest_route=%2Fwp%2Fv2%2Fmedia&parent=4301"}],"wp:term":[{"taxonomy":"category","embeddable":true,"href":"https:\/\/gemeindebuechereikastl.de\/index.php?rest_route=%2Fwp%2Fv2%2Fcategories&post=4301"},{"taxonomy":"post_tag","embeddable":true,"href":"https:\/\/gemeindebuechereikastl.de\/index.php?rest_route=%2Fwp%2Fv2%2Ftags&post=4301"}],"curies":[{"name":"wp","href":"https:\/\/api.w.org\/{rel}","templated":true}]}}