{"id":432,"date":"2018-03-30T16:04:55","date_gmt":"2018-03-30T16:04:55","guid":{"rendered":"http:\/\/gemeindebuechereikastl.de\/?p=432"},"modified":"2018-03-30T16:38:20","modified_gmt":"2018-03-30T16:38:20","slug":"fruehling-mit-den-kindern-von-bullerbue","status":"publish","type":"post","link":"https:\/\/gemeindebuechereikastl.de\/?p=432","title":{"rendered":"Fr\u00fchling mit den Kindern von Bullerb\u00fc"},"content":{"rendered":"<h2 style=\"text-align: center;\"><span style=\"color: #ff9900;\">Freitag, 17. M\u00e4rz\u00a0~ Vorlesenachmittag &#8211;\u00a0Fr\u00fchling<br \/>\nmit den <\/span><span style=\"color: #ff9900;\">&#8222;Kindern von Bullerb\u00fc&#8220;\u00a0<\/span><\/h2>\n<p style=\"text-align: center;\">Kinder im Alter von vier bis sieben Jahren, haben in die Gemeindeb\u00fccherei anhand des Bilderbuches &#8222;Lustiges Bullerb\u00fc&#8220; zusammen mit den B\u00fcchereimitarbeiterinnen Birgit Forster und Kathrin Fuchs den fr\u00fchlingshaften Landstrich in Schweden erkundet.<\/p>\n<p><img loading=\"lazy\" decoding=\"async\" class=\"aligncenter size-full wp-image-433\" src=\"https:\/\/gemeindebuechereikastl.de\/wp-content\/uploads\/2018\/03\/Fruehling.jpg\" alt=\"\" width=\"1024\" height=\"683\" srcset=\"https:\/\/gemeindebuechereikastl.de\/wp-content\/uploads\/2018\/03\/Fruehling.jpg 1024w, https:\/\/gemeindebuechereikastl.de\/wp-content\/uploads\/2018\/03\/Fruehling-300x200.jpg 300w, https:\/\/gemeindebuechereikastl.de\/wp-content\/uploads\/2018\/03\/Fruehling-768x512.jpg 768w\" sizes=\"auto, (max-width: 1024px) 100vw, 1024px\" \/>Manche Kinder haben sich als wahre Astrid Lindgren Spezialisten erwiesen und kannten die sieben Kinder von Bullerb\u00fc sehr gut. Das Dorf Bullerb\u00fc besteht aus nur drei H\u00f6fen, in welchen insgesamt die sieben Kinder mit ihren Eltern, deren Gesinde und einem Gro\u00dfvater wohnen: Lisa mit ihren \u00e4lteren Br\u00fcdern Lasse und Bosse, die auf dem Mittelhof wohnen, die beiden Schwestern Britta und Inga vom Nordhof, sowie Ole und die kleine Kerstin vom S\u00fcdhof.<br \/>\nIn Bullerb\u00fc werden im Fr\u00fchling viele Tierkinder geboren und das Sch\u00e4fchen Pontus muss gef\u00fcttert werden. Im Wald entsteht eine Kinderk\u00fcche und die ersten Blumenstr\u00e4u\u00dfe werden gepfl\u00fcckt. Die Jungs aus dem abgeschiedenen Bullerb\u00fc beweisen sich bei gef\u00e4hrlichen Mutproben: dem Sprung vom Schuppendach, der Ritt auf dem Stier usw. Es entstand ein lebhaftes Gespr\u00e4ch \u00fcber das wunderbar illustrierte Bilderbuch der schwedischen Nobelpreistr\u00e4gerin Astrid Lindgren\u00a0. Im Anschluss gab es ein Spiel, bei dem die Kinder Tiere aus dem Fr\u00fchlingsschlaf erwecken durften. Zusammen lernten wir Fr\u00fchlingslieder, ein Fingerspiel und bewiesen unsere Erinnerungsverm\u00f6gen bei dem Tierspiel. Die Gemeindeb\u00fccherei dankt allen Besuchern f\u00fcr den vergn\u00fcglichen, kurzweiligen Nachmittag.<\/p>\n","protected":false},"excerpt":{"rendered":"<p>Freitag, 17. M\u00e4rz\u00a0~ Vorlesenachmittag &#8211;\u00a0Fr\u00fchling mit den &#8222;Kindern von Bullerb\u00fc&#8220;\u00a0 Kinder im Alter von vier bis sieben Jahren, haben in die Gemeindeb\u00fccherei anhand des Bilderbuches &#8222;Lustiges Bullerb\u00fc&#8220; zusammen mit den B\u00fcchereimitarbeiterinnen Birgit Forster und Kathrin Fuchs den fr\u00fchlingshaften Landstrich in Schweden erkundet. Manche Kinder haben sich als wahre Astrid Lindgren Spezialisten erwiesen und kannten die &hellip; <\/p>\n<p><a class=\"more-link btn\" href=\"https:\/\/gemeindebuechereikastl.de\/?p=432\">Weiterlesen<\/a><\/p>\n","protected":false},"author":1,"featured_media":0,"comment_status":"closed","ping_status":"closed","sticky":false,"template":"","format":"standard","meta":{"footnotes":""},"categories":[5],"tags":[24,26,25],"class_list":["post-432","post","type-post","status-publish","format-standard","hentry","category-news","tag-fruehling","tag-kinder-von-bullerbue","tag-schweden","item-wrap"],"_links":{"self":[{"href":"https:\/\/gemeindebuechereikastl.de\/index.php?rest_route=\/wp\/v2\/posts\/432","targetHints":{"allow":["GET"]}}],"collection":[{"href":"https:\/\/gemeindebuechereikastl.de\/index.php?rest_route=\/wp\/v2\/posts"}],"about":[{"href":"https:\/\/gemeindebuechereikastl.de\/index.php?rest_route=\/wp\/v2\/types\/post"}],"author":[{"embeddable":true,"href":"https:\/\/gemeindebuechereikastl.de\/index.php?rest_route=\/wp\/v2\/users\/1"}],"replies":[{"embeddable":true,"href":"https:\/\/gemeindebuechereikastl.de\/index.php?rest_route=%2Fwp%2Fv2%2Fcomments&post=432"}],"version-history":[{"count":1,"href":"https:\/\/gemeindebuechereikastl.de\/index.php?rest_route=\/wp\/v2\/posts\/432\/revisions"}],"predecessor-version":[{"id":434,"href":"https:\/\/gemeindebuechereikastl.de\/index.php?rest_route=\/wp\/v2\/posts\/432\/revisions\/434"}],"wp:attachment":[{"href":"https:\/\/gemeindebuechereikastl.de\/index.php?rest_route=%2Fwp%2Fv2%2Fmedia&parent=432"}],"wp:term":[{"taxonomy":"category","embeddable":true,"href":"https:\/\/gemeindebuechereikastl.de\/index.php?rest_route=%2Fwp%2Fv2%2Fcategories&post=432"},{"taxonomy":"post_tag","embeddable":true,"href":"https:\/\/gemeindebuechereikastl.de\/index.php?rest_route=%2Fwp%2Fv2%2Ftags&post=432"}],"curies":[{"name":"wp","href":"https:\/\/api.w.org\/{rel}","templated":true}]}}