{"id":4321,"date":"2023-10-10T08:11:53","date_gmt":"2023-10-10T08:11:53","guid":{"rendered":"https:\/\/gemeindebuechereikastl.de\/?p=4321"},"modified":"2023-10-10T08:14:49","modified_gmt":"2023-10-10T08:14:49","slug":"grosses-interesse-an-den-neuen-buechern-und-medien-beim-tag-der-offenen-tuer","status":"publish","type":"post","link":"https:\/\/gemeindebuechereikastl.de\/?p=4321","title":{"rendered":"Gro\u00dfes Interesse an den neuen B\u00fcchern und Medien und dem Besuch eines Clowns beim Tag der offenen T\u00fcr"},"content":{"rendered":"<h2 style=\"text-align: center;\"><span style=\"color: #ff6600;\"><strong>Gro\u00dfer Andrang herschte beim Tag der offenen T\u00fcr in der Gemeindeb\u00fccherei Kastl mit Auftritt eines Clowns am Nachmittag f\u00fcr Kinder<\/strong> <\/span><\/h2>\n<p style=\"text-align: center;\">Bei herrlichem Herbstwetter stand die T\u00fcr der Gemeindeb\u00fccherei Kastl ganz weit offen. Drinnen ging es laut und fr\u00f6hlich zu beim Erkunden der vielen neuen B\u00fcchern und Medien, nat\u00fcrlich auch als es im Obergescho\u00df der B\u00fccherei der Clown seinen Auftritt hatte.<\/p>\n<p><img loading=\"lazy\" decoding=\"async\" class=\"aligncenter wp-image-4325 size-large\" src=\"https:\/\/gemeindebuechereikastl.de\/wp-content\/uploads\/2023\/10\/tag-der-offenen-tuer-1603x996.jpg\" alt=\"\" width=\"750\" height=\"466\" srcset=\"https:\/\/gemeindebuechereikastl.de\/wp-content\/uploads\/2023\/10\/tag-der-offenen-tuer-1603x996.jpg 1603w, https:\/\/gemeindebuechereikastl.de\/wp-content\/uploads\/2023\/10\/tag-der-offenen-tuer-300x186.jpg 300w, https:\/\/gemeindebuechereikastl.de\/wp-content\/uploads\/2023\/10\/tag-der-offenen-tuer-768x477.jpg 768w, https:\/\/gemeindebuechereikastl.de\/wp-content\/uploads\/2023\/10\/tag-der-offenen-tuer-1536x955.jpg 1536w, https:\/\/gemeindebuechereikastl.de\/wp-content\/uploads\/2023\/10\/tag-der-offenen-tuer-2048x1273.jpg 2048w, https:\/\/gemeindebuechereikastl.de\/wp-content\/uploads\/2023\/10\/tag-der-offenen-tuer-750x466.jpg 750w\" sizes=\"auto, (max-width: 750px) 100vw, 750px\" \/><\/p>\n<p>Gem\u00e4\u00df ihrem Leitspruch \u201eGemeinb\u00fccherei Kastl \u2013 Das Haus der B\u00fccher und Medienvielfalt\u201c hob das Team die Neuerwerbungen f\u00fcr die Besucher besonders hervor. Auch bot sich an diesem Tag die Gelegenheit in einigen neuen B\u00fcchern kurz zu schm\u00f6kern und auch sich \u00fcber die aktuellen Neuerscheinungen zu unterhalten.<img loading=\"lazy\" decoding=\"async\" class=\"wp-image-4324 alignright\" src=\"https:\/\/gemeindebuechereikastl.de\/wp-content\/uploads\/2023\/10\/Neue-Buecher-1603x902.jpg\" alt=\"\" width=\"389\" height=\"219\" srcset=\"https:\/\/gemeindebuechereikastl.de\/wp-content\/uploads\/2023\/10\/Neue-Buecher-1603x902.jpg 1603w, https:\/\/gemeindebuechereikastl.de\/wp-content\/uploads\/2023\/10\/Neue-Buecher-300x169.jpg 300w, https:\/\/gemeindebuechereikastl.de\/wp-content\/uploads\/2023\/10\/Neue-Buecher-768x432.jpg 768w, https:\/\/gemeindebuechereikastl.de\/wp-content\/uploads\/2023\/10\/Neue-Buecher-1536x865.jpg 1536w, https:\/\/gemeindebuechereikastl.de\/wp-content\/uploads\/2023\/10\/Neue-Buecher-2048x1153.jpg 2048w, https:\/\/gemeindebuechereikastl.de\/wp-content\/uploads\/2023\/10\/Neue-Buecher-750x422.jpg 750w\" sizes=\"auto, (max-width: 389px) 100vw, 389px\" \/><\/p>\n<p>Das B\u00fcchereiteam hat neben den aktuellen Bestsellern auch f\u00fcr alle Leser von 2 \u2013 99 Jahren wieder eine gro\u00dfartige Auswahl an neuen B\u00fcchern im Wert von \u00fcber 4500 Euro eingekauft und diese zum ersten Mal allen Leserinnen und Lesern und solche die es werden wollen vorgestellt. \u00a0Ganz neu war die Rubrik der Mangas umlagert, diese Mediengruppe ist neu in der Kastler B\u00fccherei. Auch bei den Zeitschriften gibt es zwei neue Abos mit \u201eleben &amp; erziehen\u201c und \u201eBIO &#8211; nat\u00fcrlich gesund leben\u201c.<\/p>\n<h4 style=\"text-align: center;\"><strong>Da der angek\u00fcndigte Zauberer kurzfistig abgesagt hatte, hat das Team auf die schnelle einen Clown aus dem Hut gezogen, der die Kinder mit der Geschichte der Pippilothek begeisterte.<\/strong><\/h4>\n<p><img loading=\"lazy\" decoding=\"async\" class=\"aligncenter wp-image-4322 size-large\" src=\"https:\/\/gemeindebuechereikastl.de\/wp-content\/uploads\/2023\/10\/Clown-in-der-Buecherei-1603x1088.jpg\" alt=\"\" width=\"750\" height=\"509\" srcset=\"https:\/\/gemeindebuechereikastl.de\/wp-content\/uploads\/2023\/10\/Clown-in-der-Buecherei-1603x1088.jpg 1603w, https:\/\/gemeindebuechereikastl.de\/wp-content\/uploads\/2023\/10\/Clown-in-der-Buecherei-300x204.jpg 300w, https:\/\/gemeindebuechereikastl.de\/wp-content\/uploads\/2023\/10\/Clown-in-der-Buecherei-768x521.jpg 768w, https:\/\/gemeindebuechereikastl.de\/wp-content\/uploads\/2023\/10\/Clown-in-der-Buecherei-1536x1042.jpg 1536w, https:\/\/gemeindebuechereikastl.de\/wp-content\/uploads\/2023\/10\/Clown-in-der-Buecherei-2048x1390.jpg 2048w, https:\/\/gemeindebuechereikastl.de\/wp-content\/uploads\/2023\/10\/Clown-in-der-Buecherei-750x509.jpg 750w\" sizes=\"auto, (max-width: 750px) 100vw, 750px\" \/><\/p>\n<p>Neben den neuen B\u00fcchern und Medien stand f\u00fcr die Kinder nat\u00fcrlich der Besuch des Clowns im Obergeschoss der B\u00fccherei im Vordergrund und fand die Begeisterung der \u00fcber 50 Kinder, die auf dem <img loading=\"lazy\" decoding=\"async\" class=\"alignright wp-image-4323 \" src=\"https:\/\/gemeindebuechereikastl.de\/wp-content\/uploads\/2023\/10\/clown-905x1206.jpg\" alt=\"\" width=\"295\" height=\"393\" srcset=\"https:\/\/gemeindebuechereikastl.de\/wp-content\/uploads\/2023\/10\/clown-905x1206.jpg 905w, https:\/\/gemeindebuechereikastl.de\/wp-content\/uploads\/2023\/10\/clown-225x300.jpg 225w, https:\/\/gemeindebuechereikastl.de\/wp-content\/uploads\/2023\/10\/clown-768x1024.jpg 768w, https:\/\/gemeindebuechereikastl.de\/wp-content\/uploads\/2023\/10\/clown-1152x1536.jpg 1152w, https:\/\/gemeindebuechereikastl.de\/wp-content\/uploads\/2023\/10\/clown-1536x2048.jpg 1536w, https:\/\/gemeindebuechereikastl.de\/wp-content\/uploads\/2023\/10\/clown-750x1000.jpg 750w, https:\/\/gemeindebuechereikastl.de\/wp-content\/uploads\/2023\/10\/clown-scaled.jpg 1920w\" sizes=\"auto, (max-width: 295px) 100vw, 295px\" \/>Clown warteten. Mit einem Gro\u00dfen Koffer und eine Geschichte \u00fcber eine Bibliothek betrat er das Obergescho\u00df der B\u00fccherei und wurde von den Kindern begeistert empfangen. Er hatte, das Bilderbuch \u201ePippilothek??? &#8211; Eine Bibliothek wirkt Wunder\u201c als Kamishibai im Gep\u00e4ck und anhand von Bildern wurde die Geschichte vorgelesen. In dem Buch geht es um einen hungrigen Fuchs, der nach einer Verfolgungsjagd nach einer Maus in der Bibliothek landet. Um den Fuchs auf andere Gedanken zu bringen, versorgt sie ihn mit einem Bilderbuch \u00fcber H\u00fchner und macht ihn langsam, aber sicher zu einem begeisterten B\u00fccherfreund. So soll es auch den Kindern ergehen und auf die Kastler B\u00fccherei aufmerksam zu machen. Lachsalven gab es als die Maus das Wort Pippi \u2013 Pippi &#8211; Pippilothek stammelt. Nach der Geschichte waren die Kinder gespannt was in dem Gro\u00dfen Koffer war und als der Clown diesen \u00f6ffnete kamen viel Luftballons heraus die, die Kinder mit nach Hause nehmen durften. Zum Abschluss durfte jedes Kind noch einen Griff in das Bonbon Glas der B\u00fccherei machen, um f\u00fcr den Nachhauseweg gest\u00e4rkt zu sein.<\/p>\n<p>Das Team bot den ganzen Nachmittag \u00fcber auch Kaffee und selbstgebackenen Kuchen an, dieses Angebot wurden von den Besuchern den ganzen Nachmittag \u00fcber rege genutzt. Bei den kommenden \u00d6ffnungstagen stehen die neuen B\u00fccher allen interessierten Leserinnen und Lesern zur Ausleihe zur Verf\u00fcgung. Darunter selbstverst\u00e4ndlich die vielen aktuellen Neuerwerbungen aus den Rubriken der Romane, Kinderb\u00fccher, Jugendb\u00fccher, Sachb\u00fccher, H\u00f6rb\u00fccher und die neuesten Filme auf DVD sowie die Spiele und die bei den Kindern beliebten Tonies. <img loading=\"lazy\" decoding=\"async\" class=\"wp-image-4326 size-large aligncenter\" src=\"https:\/\/gemeindebuechereikastl.de\/wp-content\/uploads\/2023\/10\/Besucher-1603x1084.jpg\" alt=\"\" width=\"750\" height=\"507\" srcset=\"https:\/\/gemeindebuechereikastl.de\/wp-content\/uploads\/2023\/10\/Besucher-1603x1084.jpg 1603w, https:\/\/gemeindebuechereikastl.de\/wp-content\/uploads\/2023\/10\/Besucher-300x203.jpg 300w, https:\/\/gemeindebuechereikastl.de\/wp-content\/uploads\/2023\/10\/Besucher-768x519.jpg 768w, https:\/\/gemeindebuechereikastl.de\/wp-content\/uploads\/2023\/10\/Besucher-1536x1039.jpg 1536w, https:\/\/gemeindebuechereikastl.de\/wp-content\/uploads\/2023\/10\/Besucher-2048x1385.jpg 2048w, https:\/\/gemeindebuechereikastl.de\/wp-content\/uploads\/2023\/10\/Besucher-750x507.jpg 750w\" sizes=\"auto, (max-width: 750px) 100vw, 750px\" \/><\/p>\n<h4 style=\"text-align: center;\"><strong>Alle neuen B\u00fccher und Medien finden Sie auch in<\/strong><strong> unser<\/strong><strong>en\u00a0<a href=\"https:\/\/iopac.gemeindebuechereikastl.de\/iopac\/\">Online-Katalog<\/a>\u00a0unter \u201e<a href=\"https:\/\/iopac.gemeindebuechereikastl.de\/iopac\/\">Neue Titel<\/a>\u201c oder bei einem Besuch in der B\u00fccherei<\/strong><strong>.<\/strong><\/h4>\n<p style=\"text-align: center;\">Das B\u00fcchereiteam zeigte sich zum Ende des Sonntages erfreut, dass dieser Tag der offenen T\u00fcr mit Clown so gut angenommen wurde. Auch positiv \u00fcberrascht war das Team von dem gro\u00dfen Ansturm und das damit verbundene Interesse am Angebot und den Veranstaltungen der Kastler B\u00fccherei. Zugleich konnte das B\u00fcchereiteam auch wieder neue Leser in der Kastler B\u00fccherei begr\u00fc\u00dfen.<\/p>\n","protected":false},"excerpt":{"rendered":"<p>Gro\u00dfer Andrang herschte beim Tag der offenen T\u00fcr in der Gemeindeb\u00fccherei Kastl mit Auftritt eines Clowns am Nachmittag f\u00fcr Kinder Bei herrlichem Herbstwetter stand die T\u00fcr der Gemeindeb\u00fccherei Kastl ganz weit offen. Drinnen ging es laut und fr\u00f6hlich zu beim Erkunden der vielen neuen B\u00fcchern und Medien, nat\u00fcrlich auch als es im Obergescho\u00df der B\u00fccherei &hellip; <\/p>\n<p><a class=\"more-link btn\" href=\"https:\/\/gemeindebuechereikastl.de\/?p=4321\">Weiterlesen<\/a><\/p>\n","protected":false},"author":1,"featured_media":4322,"comment_status":"closed","ping_status":"closed","sticky":false,"template":"","format":"standard","meta":{"footnotes":""},"categories":[5],"tags":[524,525,85,86,88],"class_list":["post-4321","post","type-post","status-publish","format-standard","has-post-thumbnail","hentry","category-news","tag-clown","tag-kindernachmittag","tag-neue-buecher","tag-neue-medien","tag-tag-der-offenen-tuer","item-wrap"],"_links":{"self":[{"href":"https:\/\/gemeindebuechereikastl.de\/index.php?rest_route=\/wp\/v2\/posts\/4321","targetHints":{"allow":["GET"]}}],"collection":[{"href":"https:\/\/gemeindebuechereikastl.de\/index.php?rest_route=\/wp\/v2\/posts"}],"about":[{"href":"https:\/\/gemeindebuechereikastl.de\/index.php?rest_route=\/wp\/v2\/types\/post"}],"author":[{"embeddable":true,"href":"https:\/\/gemeindebuechereikastl.de\/index.php?rest_route=\/wp\/v2\/users\/1"}],"replies":[{"embeddable":true,"href":"https:\/\/gemeindebuechereikastl.de\/index.php?rest_route=%2Fwp%2Fv2%2Fcomments&post=4321"}],"version-history":[{"count":4,"href":"https:\/\/gemeindebuechereikastl.de\/index.php?rest_route=\/wp\/v2\/posts\/4321\/revisions"}],"predecessor-version":[{"id":4329,"href":"https:\/\/gemeindebuechereikastl.de\/index.php?rest_route=\/wp\/v2\/posts\/4321\/revisions\/4329"}],"wp:featuredmedia":[{"embeddable":true,"href":"https:\/\/gemeindebuechereikastl.de\/index.php?rest_route=\/wp\/v2\/media\/4322"}],"wp:attachment":[{"href":"https:\/\/gemeindebuechereikastl.de\/index.php?rest_route=%2Fwp%2Fv2%2Fmedia&parent=4321"}],"wp:term":[{"taxonomy":"category","embeddable":true,"href":"https:\/\/gemeindebuechereikastl.de\/index.php?rest_route=%2Fwp%2Fv2%2Fcategories&post=4321"},{"taxonomy":"post_tag","embeddable":true,"href":"https:\/\/gemeindebuechereikastl.de\/index.php?rest_route=%2Fwp%2Fv2%2Ftags&post=4321"}],"curies":[{"name":"wp","href":"https:\/\/api.w.org\/{rel}","templated":true}]}}