{"id":4332,"date":"2023-10-17T07:34:32","date_gmt":"2023-10-17T07:34:32","guid":{"rendered":"https:\/\/gemeindebuechereikastl.de\/?p=4332"},"modified":"2023-10-17T09:07:09","modified_gmt":"2023-10-17T09:07:09","slug":"50-jahren-leitung-der-pfarr-und-gemeindebuecherei-kastl","status":"publish","type":"post","link":"https:\/\/gemeindebuechereikastl.de\/?p=4332","title":{"rendered":"50 Jahre Leitung der Pfarr- und Gemeindeb\u00fccherei Kastl"},"content":{"rendered":"<h2 style=\"text-align: center;\"><span style=\"color: #ff6600;\"><strong>Seine Leidenschaft ist die B\u00fccherei \u2013 Feierstunde f\u00fcr\u00a0 50 Jahren Leitung der Pfarr- und Gemeindeb\u00fccherei Kastl von <\/strong><\/span><span style=\"color: #ff6600;\"><strong>Georg D\u00fcrr<\/strong><\/span><\/h2>\n<p style=\"text-align: left;\"><img loading=\"lazy\" decoding=\"async\" class=\"alignleft wp-image-4333 \" src=\"https:\/\/gemeindebuechereikastl.de\/wp-content\/uploads\/2023\/10\/1.Team_.jpg\" alt=\"\" width=\"449\" height=\"311\" srcset=\"https:\/\/gemeindebuechereikastl.de\/wp-content\/uploads\/2023\/10\/1.Team_.jpg 1572w, https:\/\/gemeindebuechereikastl.de\/wp-content\/uploads\/2023\/10\/1.Team_-300x207.jpg 300w, https:\/\/gemeindebuechereikastl.de\/wp-content\/uploads\/2023\/10\/1.Team_-768x531.jpg 768w, https:\/\/gemeindebuechereikastl.de\/wp-content\/uploads\/2023\/10\/1.Team_-1536x1062.jpg 1536w, https:\/\/gemeindebuechereikastl.de\/wp-content\/uploads\/2023\/10\/1.Team_-750x519.jpg 750w\" sizes=\"auto, (max-width: 449px) 100vw, 449px\" \/>Als Georg D\u00fcrr mit 15 Jahren mit Reinhard Weigl und Michael Knei\u00dfl 1973 die 16 Quadratmeter gro\u00dfe Pfarrb\u00fccherei im Benefizium \u00fcbernahm, lag diese in einem Dornr\u00f6schenschlaf. 50 Jahre sp\u00e4ter, an seinem Ehrenabend, ist die Gemeindeb\u00fccherei Kastl eine der erfolgreichsten B\u00fcchereien in der ganzen Di\u00f6zese Eichst\u00e4tt.<\/p>\n<p style=\"text-align: left;\">Georg D\u00fcrr belegte mit ein paar wichtigen Daten seine Arbeit und die Geschichte der B\u00fccherei. Im Jahr 1974 wurde die Pfarrb\u00fccherei per Vertrag zwischen Gemeinde und Pfarrei zur heutigen Gemeindeb\u00fccherei zusammengefasst. 1978 wurde Georg D\u00fcrr alleiniger B\u00fcchereileiter, da Reinhard Weigl und Michael Knei\u00dfl beruflich aus Kastl weggingen. Das B\u00fcchereiteam bestand aus 8 Mitgliedern, heute sind es 25.<img loading=\"lazy\" decoding=\"async\" class=\"wp-image-4334 alignleft\" src=\"https:\/\/gemeindebuechereikastl.de\/wp-content\/uploads\/2023\/10\/Georg-Duerr-941x1206.jpg\" alt=\"\" width=\"189\" height=\"242\" srcset=\"https:\/\/gemeindebuechereikastl.de\/wp-content\/uploads\/2023\/10\/Georg-Duerr-941x1206.jpg 941w, https:\/\/gemeindebuechereikastl.de\/wp-content\/uploads\/2023\/10\/Georg-Duerr-234x300.jpg 234w, https:\/\/gemeindebuechereikastl.de\/wp-content\/uploads\/2023\/10\/Georg-Duerr-768x985.jpg 768w, https:\/\/gemeindebuechereikastl.de\/wp-content\/uploads\/2023\/10\/Georg-Duerr-1198x1536.jpg 1198w, https:\/\/gemeindebuechereikastl.de\/wp-content\/uploads\/2023\/10\/Georg-Duerr-1597x2048.jpg 1597w, https:\/\/gemeindebuechereikastl.de\/wp-content\/uploads\/2023\/10\/Georg-Duerr-750x962.jpg 750w, https:\/\/gemeindebuechereikastl.de\/wp-content\/uploads\/2023\/10\/Georg-Duerr-scaled.jpg 1997w\" sizes=\"auto, (max-width: 189px) 100vw, 189px\" \/><\/p>\n<p>Sein Anspruch, immer am Puls der Zeit zu sein, trieb Georg D\u00fcrr \u00fcber die Jahre an. So stellte die Gemeindeb\u00fccherei als eine der ersten auf Computer um oder verlieh E-Books. Die Meilensteine und Erfolge sind lang. Dies w\u00e4re aber ohne ein gro\u00dfartiges Team und die Unterst\u00fctzung der beiden Tr\u00e4ger, der Gemeinde und Pfarrei Kastl sowie die au\u00dfergew\u00f6hnliche Beratung durch den Sankt Michaelsbund nicht m\u00f6glich, betonte D\u00fcrr mehrmals. Er bedankte sich f\u00fcr die jahrelange Unterst\u00fctzung. Georg D\u00fcrr ist aber nicht nur B\u00fcchereileiter in Kastl, sondern auch Vorsitzender einer B\u00fccherei-Arbeitsgemeinschaft im Landkreis Amberg-Sulzbach und Referent f\u00fcr Mitarbeiterausbildung in der Di\u00f6zese Eichst\u00e4tt. Seit kurzem ist er auch im Landesvorstand des Sankt Michaelsbundes Bayern e.V. vertreten.<br \/>\nAll die Jahre machte er es der Gemeinde, Pfarrei und seinem Team nicht immer leicht, seinen Ideen und seinem Eifer zu folgen. Das wusste auch B\u00fcrgermeister Stefan Braun schmunzelnd zu berichten und gratulierte D\u00fcrr<img loading=\"lazy\" decoding=\"async\" class=\"wp-image-4335 alignright\" src=\"https:\/\/gemeindebuechereikastl.de\/wp-content\/uploads\/2023\/10\/Bgm-Team-1603x901.jpg\" alt=\"\" width=\"364\" height=\"205\" srcset=\"https:\/\/gemeindebuechereikastl.de\/wp-content\/uploads\/2023\/10\/Bgm-Team-1603x901.jpg 1603w, https:\/\/gemeindebuechereikastl.de\/wp-content\/uploads\/2023\/10\/Bgm-Team-300x169.jpg 300w, https:\/\/gemeindebuechereikastl.de\/wp-content\/uploads\/2023\/10\/Bgm-Team-768x432.jpg 768w, https:\/\/gemeindebuechereikastl.de\/wp-content\/uploads\/2023\/10\/Bgm-Team-1536x863.jpg 1536w, https:\/\/gemeindebuechereikastl.de\/wp-content\/uploads\/2023\/10\/Bgm-Team-2048x1151.jpg 2048w, https:\/\/gemeindebuechereikastl.de\/wp-content\/uploads\/2023\/10\/Bgm-Team-750x422.jpg 750w\" sizes=\"auto, (max-width: 364px) 100vw, 364px\" \/>. Er habe mit seiner B\u00fccherei 50 Jahre gemeinsam beschritten. Ein solches Engagement sei besonders. Auch deshalb sei er der Erste und nur einer von drei Tr\u00e4gern der B\u00fcrgermedaille in Silber, so das Gemeindeoberhaupt.<br \/>\nPfarrer Johannes Arweck dankte seinem <img loading=\"lazy\" decoding=\"async\" class=\"wp-image-4336 alignleft\" src=\"https:\/\/gemeindebuechereikastl.de\/wp-content\/uploads\/2023\/10\/Pfarrer-Arweck-917x1206.jpg\" alt=\"\" width=\"174\" height=\"229\" srcset=\"https:\/\/gemeindebuechereikastl.de\/wp-content\/uploads\/2023\/10\/Pfarrer-Arweck-917x1206.jpg 917w, https:\/\/gemeindebuechereikastl.de\/wp-content\/uploads\/2023\/10\/Pfarrer-Arweck-228x300.jpg 228w, https:\/\/gemeindebuechereikastl.de\/wp-content\/uploads\/2023\/10\/Pfarrer-Arweck-768x1010.jpg 768w, https:\/\/gemeindebuechereikastl.de\/wp-content\/uploads\/2023\/10\/Pfarrer-Arweck-1168x1536.jpg 1168w, https:\/\/gemeindebuechereikastl.de\/wp-content\/uploads\/2023\/10\/Pfarrer-Arweck-1557x2048.jpg 1557w, https:\/\/gemeindebuechereikastl.de\/wp-content\/uploads\/2023\/10\/Pfarrer-Arweck-750x987.jpg 750w, https:\/\/gemeindebuechereikastl.de\/wp-content\/uploads\/2023\/10\/Pfarrer-Arweck-scaled.jpg 1946w\" sizes=\"auto, (max-width: 174px) 100vw, 174px\" \/>B\u00fcchereileiter f\u00fcrs jahrzehntelange Engagement und meinte, dass die B\u00fccherei f\u00fcr Offenheit, menschliches Miteinander, Bildung und Integration steht.<br \/>\nVom Direktor des Sankt Michaelsbund Stefan E\u00df aus M\u00fcnchen gab es auch nur anerkennende Worte. Er betonte, dass der gr\u00f6\u00dfte Verdienst Georg, genannt Schorsch, gelte, aber es dennoch keine One-Man-Show sei. Ohne ein <img loading=\"lazy\" decoding=\"async\" class=\"alignright wp-image-4337 \" src=\"https:\/\/gemeindebuechereikastl.de\/wp-content\/uploads\/2023\/10\/Stefan-Ess-1603x1124.jpg\" alt=\"\" width=\"416\" height=\"292\" srcset=\"https:\/\/gemeindebuechereikastl.de\/wp-content\/uploads\/2023\/10\/Stefan-Ess-1603x1124.jpg 1603w, https:\/\/gemeindebuechereikastl.de\/wp-content\/uploads\/2023\/10\/Stefan-Ess-300x210.jpg 300w, https:\/\/gemeindebuechereikastl.de\/wp-content\/uploads\/2023\/10\/Stefan-Ess-768x539.jpg 768w, https:\/\/gemeindebuechereikastl.de\/wp-content\/uploads\/2023\/10\/Stefan-Ess-1536x1077.jpg 1536w, https:\/\/gemeindebuechereikastl.de\/wp-content\/uploads\/2023\/10\/Stefan-Ess-2048x1437.jpg 2048w, https:\/\/gemeindebuechereikastl.de\/wp-content\/uploads\/2023\/10\/Stefan-Ess-750x526.jpg 750w\" sizes=\"auto, (max-width: 416px) 100vw, 416px\" \/>funktionierendes Team w\u00e4re die Arbeit nicht m\u00f6glich. Als Anerkennung \u00fcberreichte er ein extra f\u00fcr ihn angefertigtes Kunstwerk, welches einen Engel zeigt. Unter den weit ausgebreiteten Fl\u00fcgeln ist neben verschiedenen Motiven ein Mensch mit einem gro\u00dfen Herzen zu sehen. Dieser Mensch stehe f\u00fcr ihn, so E\u00df. Di\u00f6zesanbibliothekarin Martha Gottschalk dankte D\u00fcrr f\u00fcr seine Arbeit. Er erm\u00f6gliche <img loading=\"lazy\" decoding=\"async\" class=\"alignleft wp-image-4349 \" src=\"https:\/\/gemeindebuechereikastl.de\/wp-content\/uploads\/2023\/10\/Michaels-Kneissl-1603x1163.jpg\" alt=\"\" width=\"294\" height=\"213\" srcset=\"https:\/\/gemeindebuechereikastl.de\/wp-content\/uploads\/2023\/10\/Michaels-Kneissl-1603x1163.jpg 1603w, https:\/\/gemeindebuechereikastl.de\/wp-content\/uploads\/2023\/10\/Michaels-Kneissl-300x218.jpg 300w, https:\/\/gemeindebuechereikastl.de\/wp-content\/uploads\/2023\/10\/Michaels-Kneissl-768x557.jpg 768w, https:\/\/gemeindebuechereikastl.de\/wp-content\/uploads\/2023\/10\/Michaels-Kneissl-1536x1114.jpg 1536w, https:\/\/gemeindebuechereikastl.de\/wp-content\/uploads\/2023\/10\/Michaels-Kneissl-2048x1486.jpg 2048w, https:\/\/gemeindebuechereikastl.de\/wp-content\/uploads\/2023\/10\/Michaels-Kneissl-750x544.jpg 750w\" sizes=\"auto, (max-width: 294px) 100vw, 294px\" \/>anderen Menschen durch seine Leidenschaft den Zugang zum Lesen, so Gottschalk.<\/p>\n<p>Besondere Worte kamen vom Mitstreiter der ersten Stunde, Michael Knei\u00dfl. Er lie\u00df es sich nicht nehmen seinem Freund aus Jugendtagen zu gratulieren und darauf hinzuweisen, \u201edass man mit der damaligen B\u00fccherei einen Ort f\u00fcr Geist, Seele, Herz und Gem\u00fct geschaffen hat\u201c und dass der Schorsch diesen Auftrag mit Herzblut die letzten 50 Jahre verfolgt hat. Witzige Anekdoten aus der Anfangszeit sorgten f\u00fcr viele Lacher.<\/p>\n<p>Auch das Team hatte sich mit einer Rede und positiven Attributen, deren Anfangsbuchstaben das Wort Schorsch ergaben, f\u00fcr den Einsatz bedankt. S \u2013 wie Statistik, C \u2013 wie Charisma, H \u2013 wie Hartn\u00e4ckigkeit, O\u00a0 &#8211; wie Organisation, R- wie Respekt,S &#8211; wie Sensibilit\u00e4t, C &#8211; wie Charakter und H \u2013 wie Heimatverbundenheit.<\/p>\n<p><img loading=\"lazy\" decoding=\"async\" class=\"wp-image-4338 aligncenter\" src=\"https:\/\/gemeindebuechereikastl.de\/wp-content\/uploads\/2023\/10\/Buechereiteam-1603x1076.jpg\" alt=\"\" width=\"686\" height=\"460\" srcset=\"https:\/\/gemeindebuechereikastl.de\/wp-content\/uploads\/2023\/10\/Buechereiteam-1603x1076.jpg 1603w, https:\/\/gemeindebuechereikastl.de\/wp-content\/uploads\/2023\/10\/Buechereiteam-300x201.jpg 300w, https:\/\/gemeindebuechereikastl.de\/wp-content\/uploads\/2023\/10\/Buechereiteam-768x516.jpg 768w, https:\/\/gemeindebuechereikastl.de\/wp-content\/uploads\/2023\/10\/Buechereiteam-1536x1031.jpg 1536w, https:\/\/gemeindebuechereikastl.de\/wp-content\/uploads\/2023\/10\/Buechereiteam-2048x1375.jpg 2048w, https:\/\/gemeindebuechereikastl.de\/wp-content\/uploads\/2023\/10\/Buechereiteam-750x504.jpg 750w\" sizes=\"auto, (max-width: 686px) 100vw, 686px\" \/><\/p>\n<p style=\"text-align: center;\"><strong>Ehreng\u00e4ste v. l. n. r. Vom Leitungsteam Pia Graf, Bgm Stefan Braun, Leitungsteam Christa Kastner, vom Gr\u00fcndungsteam Michael Knei\u00dfl, Regina und Georg D\u00fcrr, Direktor Michaelsbund M\u00fcnchen Stefan E\u00df, Di\u00f6zesanbibliothekarin Martha Gottschalk und Regina Weber vom Team.<\/strong><\/p>\n<p><img loading=\"lazy\" decoding=\"async\" class=\"wp-image-4339 aligncenter\" src=\"https:\/\/gemeindebuechereikastl.de\/wp-content\/uploads\/2023\/10\/Ehrengaeste-1603x1069.jpg\" alt=\"\" width=\"722\" height=\"481\" srcset=\"https:\/\/gemeindebuechereikastl.de\/wp-content\/uploads\/2023\/10\/Ehrengaeste-1603x1069.jpg 1603w, https:\/\/gemeindebuechereikastl.de\/wp-content\/uploads\/2023\/10\/Ehrengaeste-300x200.jpg 300w, https:\/\/gemeindebuechereikastl.de\/wp-content\/uploads\/2023\/10\/Ehrengaeste-768x512.jpg 768w, https:\/\/gemeindebuechereikastl.de\/wp-content\/uploads\/2023\/10\/Ehrengaeste-1536x1024.jpg 1536w, https:\/\/gemeindebuechereikastl.de\/wp-content\/uploads\/2023\/10\/Ehrengaeste-2048x1365.jpg 2048w, https:\/\/gemeindebuechereikastl.de\/wp-content\/uploads\/2023\/10\/Ehrengaeste-750x500.jpg 750w\" sizes=\"auto, (max-width: 722px) 100vw, 722px\" \/><\/p>\n","protected":false},"excerpt":{"rendered":"<p>Seine Leidenschaft ist die B\u00fccherei \u2013 Feierstunde f\u00fcr\u00a0 50 Jahren Leitung der Pfarr- und Gemeindeb\u00fccherei Kastl von Georg D\u00fcrr Als Georg D\u00fcrr mit 15 Jahren mit Reinhard Weigl und Michael Knei\u00dfl 1973 die 16 Quadratmeter gro\u00dfe Pfarrb\u00fccherei im Benefizium \u00fcbernahm, lag diese in einem Dornr\u00f6schenschlaf. 50 Jahre sp\u00e4ter, an seinem Ehrenabend, ist die Gemeindeb\u00fccherei Kastl &hellip; <\/p>\n<p><a class=\"more-link btn\" href=\"https:\/\/gemeindebuechereikastl.de\/?p=4332\">Weiterlesen<\/a><\/p>\n","protected":false},"author":1,"featured_media":4339,"comment_status":"closed","ping_status":"closed","sticky":false,"template":"","format":"standard","meta":{"footnotes":""},"categories":[5],"tags":[526,527,189],"class_list":["post-4332","post","type-post","status-publish","format-standard","has-post-thumbnail","hentry","category-news","tag-buechereileitung","tag-georg-duerr","tag-jubilaeum","item-wrap"],"_links":{"self":[{"href":"https:\/\/gemeindebuechereikastl.de\/index.php?rest_route=\/wp\/v2\/posts\/4332","targetHints":{"allow":["GET"]}}],"collection":[{"href":"https:\/\/gemeindebuechereikastl.de\/index.php?rest_route=\/wp\/v2\/posts"}],"about":[{"href":"https:\/\/gemeindebuechereikastl.de\/index.php?rest_route=\/wp\/v2\/types\/post"}],"author":[{"embeddable":true,"href":"https:\/\/gemeindebuechereikastl.de\/index.php?rest_route=\/wp\/v2\/users\/1"}],"replies":[{"embeddable":true,"href":"https:\/\/gemeindebuechereikastl.de\/index.php?rest_route=%2Fwp%2Fv2%2Fcomments&post=4332"}],"version-history":[{"count":12,"href":"https:\/\/gemeindebuechereikastl.de\/index.php?rest_route=\/wp\/v2\/posts\/4332\/revisions"}],"predecessor-version":[{"id":4352,"href":"https:\/\/gemeindebuechereikastl.de\/index.php?rest_route=\/wp\/v2\/posts\/4332\/revisions\/4352"}],"wp:featuredmedia":[{"embeddable":true,"href":"https:\/\/gemeindebuechereikastl.de\/index.php?rest_route=\/wp\/v2\/media\/4339"}],"wp:attachment":[{"href":"https:\/\/gemeindebuechereikastl.de\/index.php?rest_route=%2Fwp%2Fv2%2Fmedia&parent=4332"}],"wp:term":[{"taxonomy":"category","embeddable":true,"href":"https:\/\/gemeindebuechereikastl.de\/index.php?rest_route=%2Fwp%2Fv2%2Fcategories&post=4332"},{"taxonomy":"post_tag","embeddable":true,"href":"https:\/\/gemeindebuechereikastl.de\/index.php?rest_route=%2Fwp%2Fv2%2Ftags&post=4332"}],"curies":[{"name":"wp","href":"https:\/\/api.w.org\/{rel}","templated":true}]}}