{"id":4366,"date":"2023-10-23T07:49:37","date_gmt":"2023-10-23T07:49:37","guid":{"rendered":"https:\/\/gemeindebuechereikastl.de\/?p=4366"},"modified":"2023-10-23T08:37:28","modified_gmt":"2023-10-23T08:37:28","slug":"team-auf-informationstour-in-muenchen-unterwegs","status":"publish","type":"post","link":"https:\/\/gemeindebuechereikastl.de\/?p=4366","title":{"rendered":"Team auf Informationstour in M\u00fcnchen unterwegs"},"content":{"rendered":"<h2 style=\"text-align: center;\"><span style=\"color: #ff6600;\"><strong>Besuch des Sankt Michaelsbundes und eine F\u00fchrung durch M\u00fcnchen bei einer Infofahrt der B\u00fcchereiteams aus den Landkreisen Amberg-Sulzbach und Neumarkt<\/strong> <\/span><\/h2>\n<p style=\"text-align: center;\">Das B\u00fcchereiteam der Kastler B\u00fccherei war mit weiteren ehrenamtlichen Mitarbeiterinnen und Mitarbeiter aus den B\u00fcchereien der Landkreise Amberg-Sulzbach und Neumarkt zu einer Informationsausflug nach M\u00fcnchen aufgebrochen, um Ihre Zentrale den Sankt Michaelsbund zu besuchen und sich einige Highlights von M\u00fcnchen anzusehen.<\/p>\n<p><img loading=\"lazy\" decoding=\"async\" class=\"aligncenter wp-image-4370 \" src=\"https:\/\/gemeindebuechereikastl.de\/wp-content\/uploads\/2023\/10\/Muenchen1-1603x1101.jpg\" alt=\"\" width=\"731\" height=\"502\" srcset=\"https:\/\/gemeindebuechereikastl.de\/wp-content\/uploads\/2023\/10\/Muenchen1-1603x1101.jpg 1603w, https:\/\/gemeindebuechereikastl.de\/wp-content\/uploads\/2023\/10\/Muenchen1-300x206.jpg 300w, https:\/\/gemeindebuechereikastl.de\/wp-content\/uploads\/2023\/10\/Muenchen1-768x527.jpg 768w, https:\/\/gemeindebuechereikastl.de\/wp-content\/uploads\/2023\/10\/Muenchen1-1536x1055.jpg 1536w, https:\/\/gemeindebuechereikastl.de\/wp-content\/uploads\/2023\/10\/Muenchen1-2048x1406.jpg 2048w, https:\/\/gemeindebuechereikastl.de\/wp-content\/uploads\/2023\/10\/Muenchen1-750x515.jpg 750w\" sizes=\"auto, (max-width: 731px) 100vw, 731px\" \/><\/p>\n<p>In M\u00fcnchen abgekommen ging es direkt zum Sankt Michaelsbund, wo sie von Sabine Adolf und Regine Hummel empfangen wurden. Sie stellten den Michaelsbund kurz vor. Dieser wurde am 15. Juli 1901 vom Eichst\u00e4tter Generalvikar Dr. Georg Triller als &#8222;Katholischer Pre\u00dfverein f\u00fcr Bayern e.V.&#8220; gegr\u00fcndet. Es war sein seelsorgerliches Anliegen, gute B\u00fccher und Zeitungen in der Bev\u00f6lkerung zu verbreiten, was im Aufbau von Volksb\u00fcchereien, Lesehallen und in der Durchf\u00fchrung vielf\u00e4ltiger Bildungsveranstaltungen seinen Niederschlag fand.<img loading=\"lazy\" decoding=\"async\" class=\"wp-image-4368 alignleft\" src=\"https:\/\/gemeindebuechereikastl.de\/wp-content\/uploads\/2023\/10\/Muenchen-Team-Kastl-1603x989.jpg\" alt=\"\" width=\"529\" height=\"327\" srcset=\"https:\/\/gemeindebuechereikastl.de\/wp-content\/uploads\/2023\/10\/Muenchen-Team-Kastl-1603x989.jpg 1603w, https:\/\/gemeindebuechereikastl.de\/wp-content\/uploads\/2023\/10\/Muenchen-Team-Kastl-300x185.jpg 300w, https:\/\/gemeindebuechereikastl.de\/wp-content\/uploads\/2023\/10\/Muenchen-Team-Kastl-768x474.jpg 768w, https:\/\/gemeindebuechereikastl.de\/wp-content\/uploads\/2023\/10\/Muenchen-Team-Kastl-1536x948.jpg 1536w, https:\/\/gemeindebuechereikastl.de\/wp-content\/uploads\/2023\/10\/Muenchen-Team-Kastl-2048x1264.jpg 2048w, https:\/\/gemeindebuechereikastl.de\/wp-content\/uploads\/2023\/10\/Muenchen-Team-Kastl-750x463.jpg 750w\" sizes=\"auto, (max-width: 529px) 100vw, 529px\" \/><br \/>\nHeute betreut und unterst\u00fctzt die M\u00fcnchner B\u00fcchereizentrale bayernweit mehr als 1.000 B\u00fcchereien, darunter auch die Gemeindeb\u00fccherei Kastl bei ihrer Arbeit.Die Leistungen reichen von A-Z, von Aus- und Fortbildung bis Zuschussverwaltung. Dazu geh\u00f6ren die Unterst\u00fctzung bei allen Fragen der Bibliotheksverwaltung, Beratung beim Einsatz neuer Technologien, Entwicklung von Einrichtungskonzepten und Begleitung von Bau- und Reorganisations-ma\u00dfnahmen sowie die politische Vertretung der B\u00fcchereien nach Au\u00dfen und vieles andere mehr.<br \/>\nDanach ging es zu einer kleinen Besichtigung des Hauses mit dem Showroom. Hier warteten viele aktuelle Neuerscheinungen, Highlights und besondere Empfehlungen auf die B\u00fcchereimitarbeiter. Man kann einfach <img loading=\"lazy\" decoding=\"async\" class=\"alignright wp-image-4367 \" src=\"https:\/\/gemeindebuechereikastl.de\/wp-content\/uploads\/2023\/10\/Muenchen-Buchhandlung.jpg\" alt=\"\" width=\"432\" height=\"324\" srcset=\"https:\/\/gemeindebuechereikastl.de\/wp-content\/uploads\/2023\/10\/Muenchen-Buchhandlung.jpg 1600w, https:\/\/gemeindebuechereikastl.de\/wp-content\/uploads\/2023\/10\/Muenchen-Buchhandlung-300x225.jpg 300w, https:\/\/gemeindebuechereikastl.de\/wp-content\/uploads\/2023\/10\/Muenchen-Buchhandlung-768x576.jpg 768w, https:\/\/gemeindebuechereikastl.de\/wp-content\/uploads\/2023\/10\/Muenchen-Buchhandlung-1536x1152.jpg 1536w, https:\/\/gemeindebuechereikastl.de\/wp-content\/uploads\/2023\/10\/Muenchen-Buchhandlung-750x563.jpg 750w\" sizes=\"auto, (max-width: 432px) 100vw, 432px\" \/>in den Regalen st\u00f6bern, oder sich von den Buchberaterinnen besondere Buchtipps zeigen lassen. Im Vordergrund steht dabei die fachkundige, kundenindividuelle Beratung bei der Auswahl der Medien. Sichtung von j\u00e4hrlich \u00fcber 70.000 Neuerscheinungen am Buchmarkt und die daraus resultierenden Empfehlungen und Rezensionen unter der Ber\u00fccksichtigung aktueller Trends.\u00a0 Die liebenswerte Buchhandlung Michaelsbund im Erdgeschoss mit ihrem Sortiment findet man auf 140 qm sorgf\u00e4ltig ausgew\u00e4hlte Kinder- und Jugendb\u00fccher, Romane und Krimis, aktuelle Sachb\u00fccher, (un)religi\u00f6se Geschenkartikel, feine Papeterie, Kulinarisches, beliebte Zeitschriften und vieles mehr.<br \/>\n<img loading=\"lazy\" decoding=\"async\" class=\"wp-image-4371 alignleft\" src=\"https:\/\/gemeindebuechereikastl.de\/wp-content\/uploads\/2023\/10\/Tram.jpg\" alt=\"\" width=\"374\" height=\"249\" srcset=\"https:\/\/gemeindebuechereikastl.de\/wp-content\/uploads\/2023\/10\/Tram.jpg 400w, https:\/\/gemeindebuechereikastl.de\/wp-content\/uploads\/2023\/10\/Tram-300x200.jpg 300w\" sizes=\"auto, (max-width: 374px) 100vw, 374px\" \/><br \/>\nDiese Infofahrt wurde vom Vorsitzenden der B\u00fcchereien im Landkreis Amberg-Sulzbach, Georg D\u00fcrr, erarbeitet und druchgef\u00fchrt, er bedankte sich auch im Namen aller B\u00fcchereiteams bei den Damen vom Michaelsbund f\u00fcr die vielen Infos und die sch\u00f6ne F\u00fchrung durchs Haus.<\/p>\n<p>Am Nachmittag lernten die B\u00fcchereimitarbeiter M\u00fcnchen mit dem kultigsten aller Verkehrsmittel kennen \u2013 die Tram.\u00a0 Mit der \u00f6ffentlichen Tram fuhren sie zu verschiedenen Haltestellen, um dann die Umgebung zu Fu\u00df genauer zu erkunden. Mit der n\u00e4chsten Tram ging\u00b4s dann wieder ein St\u00fcckerl weiter. Vom Karlsplatz (Stachus) direkt unter dem Karlstor, ging es los. Die Route f\u00fchrte durch die M\u00fcnchner Altstadt am Lenbachplatz und am Promenadeplatz mit dem ber\u00fchmten Bayerischen Hof vorbei zum Max-Joseph-Platz. Hier stiegen wir aus, um die Oper ganz aus der N\u00e4he zu bewundern und spazierten dann ein St\u00fcck an der Maximilianstra\u00dfe, der teuersten Einkaufsmeile der Stadt, entlang. <img loading=\"lazy\" decoding=\"async\" class=\"alignright wp-image-4369 \" src=\"https:\/\/gemeindebuechereikastl.de\/wp-content\/uploads\/2023\/10\/Muenchen-Tram-1603x946.jpg\" alt=\"\" width=\"393\" height=\"232\" srcset=\"https:\/\/gemeindebuechereikastl.de\/wp-content\/uploads\/2023\/10\/Muenchen-Tram-1603x946.jpg 1603w, https:\/\/gemeindebuechereikastl.de\/wp-content\/uploads\/2023\/10\/Muenchen-Tram-300x177.jpg 300w, https:\/\/gemeindebuechereikastl.de\/wp-content\/uploads\/2023\/10\/Muenchen-Tram-768x453.jpg 768w, https:\/\/gemeindebuechereikastl.de\/wp-content\/uploads\/2023\/10\/Muenchen-Tram-1536x906.jpg 1536w, https:\/\/gemeindebuechereikastl.de\/wp-content\/uploads\/2023\/10\/Muenchen-Tram-2048x1209.jpg 2048w, https:\/\/gemeindebuechereikastl.de\/wp-content\/uploads\/2023\/10\/Muenchen-Tram-750x443.jpg 750w\" sizes=\"auto, (max-width: 393px) 100vw, 393px\" \/>An den Kammerspielen stiegen wir wieder in die Tram ein und fuhren \u00fcber die Isar und das beeindruckende Maximilianeum, Sitz des bayerischen Landtags, nach Haidhausen.\u00a0 Zu Fu\u00df erkundeten wir einen Teil des alten Herbergsviertels und jetzigen Trendviertels. Am Wiener Platz konnte man die gem\u00fctliche Dorfatmosph\u00e4re sp\u00fcren. Mit der Trambahn ging es dann zum Max-Weber Platz. Hier im Untergrund war eine der ersten Trambahnen, die noch mit Pferden gezogen wurde, zu sehen. Die F\u00fchrung endete wieder in der Altstadt am Karlstor.<\/p>\n","protected":false},"excerpt":{"rendered":"<p>Besuch des Sankt Michaelsbundes und eine F\u00fchrung durch M\u00fcnchen bei einer Infofahrt der B\u00fcchereiteams aus den Landkreisen Amberg-Sulzbach und Neumarkt Das B\u00fcchereiteam der Kastler B\u00fccherei war mit weiteren ehrenamtlichen Mitarbeiterinnen und Mitarbeiter aus den B\u00fcchereien der Landkreise Amberg-Sulzbach und Neumarkt zu einer Informationsausflug nach M\u00fcnchen aufgebrochen, um Ihre Zentrale den Sankt Michaelsbund zu besuchen und &hellip; <\/p>\n<p><a class=\"more-link btn\" href=\"https:\/\/gemeindebuechereikastl.de\/?p=4366\">Weiterlesen<\/a><\/p>\n","protected":false},"author":1,"featured_media":4368,"comment_status":"closed","ping_status":"closed","sticky":false,"template":"","format":"standard","meta":{"footnotes":""},"categories":[1],"tags":[64,529,531,530,326,532],"class_list":["post-4366","post","type-post","status-publish","format-standard","has-post-thumbnail","hentry","category-team","tag-buechereiteam","tag-infofahrt","tag-michaelsbund","tag-muenchen","tag-st-michaelsbund","tag-stadtfuehrung","item-wrap"],"_links":{"self":[{"href":"https:\/\/gemeindebuechereikastl.de\/index.php?rest_route=\/wp\/v2\/posts\/4366","targetHints":{"allow":["GET"]}}],"collection":[{"href":"https:\/\/gemeindebuechereikastl.de\/index.php?rest_route=\/wp\/v2\/posts"}],"about":[{"href":"https:\/\/gemeindebuechereikastl.de\/index.php?rest_route=\/wp\/v2\/types\/post"}],"author":[{"embeddable":true,"href":"https:\/\/gemeindebuechereikastl.de\/index.php?rest_route=\/wp\/v2\/users\/1"}],"replies":[{"embeddable":true,"href":"https:\/\/gemeindebuechereikastl.de\/index.php?rest_route=%2Fwp%2Fv2%2Fcomments&post=4366"}],"version-history":[{"count":6,"href":"https:\/\/gemeindebuechereikastl.de\/index.php?rest_route=\/wp\/v2\/posts\/4366\/revisions"}],"predecessor-version":[{"id":4377,"href":"https:\/\/gemeindebuechereikastl.de\/index.php?rest_route=\/wp\/v2\/posts\/4366\/revisions\/4377"}],"wp:featuredmedia":[{"embeddable":true,"href":"https:\/\/gemeindebuechereikastl.de\/index.php?rest_route=\/wp\/v2\/media\/4368"}],"wp:attachment":[{"href":"https:\/\/gemeindebuechereikastl.de\/index.php?rest_route=%2Fwp%2Fv2%2Fmedia&parent=4366"}],"wp:term":[{"taxonomy":"category","embeddable":true,"href":"https:\/\/gemeindebuechereikastl.de\/index.php?rest_route=%2Fwp%2Fv2%2Fcategories&post=4366"},{"taxonomy":"post_tag","embeddable":true,"href":"https:\/\/gemeindebuechereikastl.de\/index.php?rest_route=%2Fwp%2Fv2%2Ftags&post=4366"}],"curies":[{"name":"wp","href":"https:\/\/api.w.org\/{rel}","templated":true}]}}