{"id":4379,"date":"2023-11-01T16:48:41","date_gmt":"2023-11-01T16:48:41","guid":{"rendered":"https:\/\/gemeindebuechereikastl.de\/?p=4379"},"modified":"2023-11-03T07:59:55","modified_gmt":"2023-11-03T07:59:55","slug":"neue-buchbestseller-ab-sofort-zum-entleihen","status":"publish","type":"post","link":"https:\/\/gemeindebuechereikastl.de\/?p=4379","title":{"rendered":"Neue Buchbestseller ab sofort zum Entleihen"},"content":{"rendered":"<h2 style=\"text-align: center;\"><span style=\"color: #ff6600;\"><strong>Lang erwartete Buch Bestseller aus dem B\u00fccherherbst neu in der B\u00fccherei eingetroffen<\/strong><\/span><\/h2>\n<p style=\"text-align: center;\">Wir das B\u00fcchereiteam sind laufend bestrebt die neusten Bestseller aus dem Buch- und Medien Markt f\u00fcr sie bereitzuhalten. Erst beim &#8222;Tag der offenen T\u00fcr&#8220; Anfang\u00a0 Oktober, haben wir an die 350 neue B\u00fccher und Medien pr\u00e4sentiert. Ganz druckfrisch sind nun die neusten Bestseller f\u00fcr alle Altersgruppen bei uns eingetroffen und k\u00f6nnen ab sofort entliehen werden.<\/p>\n<h2 style=\"text-align: center;\"><span style=\"color: #ff6600;\"><strong><img loading=\"lazy\" decoding=\"async\" class=\"aligncenter wp-image-4380 size-large\" src=\"https:\/\/gemeindebuechereikastl.de\/wp-content\/uploads\/2023\/11\/Buecherherbst-23-1603x863.jpg\" alt=\"\" width=\"750\" height=\"404\" srcset=\"https:\/\/gemeindebuechereikastl.de\/wp-content\/uploads\/2023\/11\/Buecherherbst-23-1603x863.jpg 1603w, https:\/\/gemeindebuechereikastl.de\/wp-content\/uploads\/2023\/11\/Buecherherbst-23-300x162.jpg 300w, https:\/\/gemeindebuechereikastl.de\/wp-content\/uploads\/2023\/11\/Buecherherbst-23-768x414.jpg 768w, https:\/\/gemeindebuechereikastl.de\/wp-content\/uploads\/2023\/11\/Buecherherbst-23-1536x827.jpg 1536w, https:\/\/gemeindebuechereikastl.de\/wp-content\/uploads\/2023\/11\/Buecherherbst-23-2048x1103.jpg 2048w, https:\/\/gemeindebuechereikastl.de\/wp-content\/uploads\/2023\/11\/Buecherherbst-23-750x404.jpg 750w\" sizes=\"auto, (max-width: 750px) 100vw, 750px\" \/><\/strong><\/span><\/h2>\n<p>Es sind dies der neueste und zw\u00f6lfte Provinzkrimi um den niederbayerischen Polizisten Franz Eberhofer \u201e<strong>Steckerfisch Fiasko<\/strong>\u201c\u00a0 oder der dritte Band von Dirk Rossmann \u201e<strong>Das dritte Herz des Oktopus<\/strong>\u201c ein Zukunfts-Klima Thriller, oder den neuen Ken Follett \u201e<strong>Die Waffen des Lichts<\/strong>\u201c Der f\u00fcnfte Roman um die englische Stadt Kingsbridge (S\u00e4ulen der Erde, Bd.1) um die Zeit von 1792 bis 1824. Weiter gibt es f\u00fcr die gro\u00dfen und kleinen Fans den Neuen <strong>Asterix \u201eDie Weisse Iris<\/strong>\u201c<\/p>\n<p>Bei den Kindern von Tanja Stewner der 9 Teil von \u201e<strong>Alea Aquarius &#8211; Der Gesang der Wale &#8211; Teil1<\/strong>\u201c oder auch die langersehnte Fortsetzung der <strong>Tintenherztrillogie von Cornelia Funke \u201eDie Farbe der Rache<\/strong>\u201c. Auch von\u00a0 &#8222;<strong>Liselotte macht nicht mit<\/strong>&#8220; gibt es ein neues Abenteuer sowie vom <strong>kleinen Drachen Kokosnuss<\/strong> \u00fcber <strong>\u201eDie Wikinger\u201c<\/strong>. Auch neue Geschichten von der <strong>Apfelhexe Petronella Apfelmus<\/strong> und einiges andere mehr.<\/p>\n<p>Auch das Kinderspiel des Jahrs \u201e<strong>Mysterium Kids: Der Schatz von Kapit\u00e4n Buh'&#8220;<\/strong>, eine Klangvolle Schatzsuche in einer verlassenen Villa gibt es ab sofort in unserem Angebot.<\/p>\n<h4><\/h4>\n<h4 style=\"text-align: center;\"><span style=\"color: #ff0000;\"><strong>Alle Infos zu unseren Neuerwerbungen und <\/strong><\/span><span style=\"color: #ff0000;\"><strong>\u00fcber <\/strong><\/span><span style=\"color: #ff0000;\"><strong> unser gesamtes Angebot an B\u00fcchern und <\/strong><\/span><span style=\"color: #ff0000;\"><strong><img loading=\"lazy\" decoding=\"async\" class=\"size-medium wp-image-1071 alignright\" src=\"https:\/\/gemeindebuechereikastl.de\/wp-content\/uploads\/2019\/10\/Ansicht-B\u00fccherei-300x200.jpg\" alt=\"\" width=\"300\" height=\"200\" srcset=\"https:\/\/gemeindebuechereikastl.de\/wp-content\/uploads\/2019\/10\/Ansicht-B\u00fccherei-300x200.jpg 300w, https:\/\/gemeindebuechereikastl.de\/wp-content\/uploads\/2019\/10\/Ansicht-B\u00fccherei-768x512.jpg 768w, https:\/\/gemeindebuechereikastl.de\/wp-content\/uploads\/2019\/10\/Ansicht-B\u00fccherei-1024x683.jpg 1024w\" sizes=\"auto, (max-width: 300px) 100vw, 300px\" \/>Medien gibt es in unserem <a style=\"color: #ff0000;\" href=\"https:\/\/iopac.gemeindebuechereikastl.de\/\"><span style=\"color: #0000ff;\">\u00a0ONLINE-<\/span><\/a><\/strong><\/span><span style=\"color: #ff0000;\"><strong><a style=\"color: #ff0000;\" href=\"https:\/\/iopac.gemeindebuechereikastl.de\/\"><span style=\"color: #0000ff;\">KATALOG \u00a0<\/span><\/a><br \/>\n<\/strong><\/span><span style=\"color: #ff0000;\">zu entdecken.<\/span><\/h4>\n<h4 style=\"text-align: center;\"><\/h4>\n<h4 style=\"text-align: center;\"><span style=\"color: #000000;\">ODER<\/span><\/h4>\n<h4 style=\"text-align: center;\"><span style=\"color: #ff0000;\"><strong>Sie kommen einfach bei uns in der Klosterbergstr. 1, zu den \u00d6ffnungszeiten vorbei und entdecken selbst ihre Lieblingsb\u00fccher aus unserem reichhaltigen Angebot von ca. 9.500 B\u00fcchern und Medien.<\/strong><\/span><\/h4>\n","protected":false},"excerpt":{"rendered":"<p>Lang erwartete Buch Bestseller aus dem B\u00fccherherbst neu in der B\u00fccherei eingetroffen Wir das B\u00fcchereiteam sind laufend bestrebt die neusten Bestseller aus dem Buch- und Medien Markt f\u00fcr sie bereitzuhalten. Erst beim &#8222;Tag der offenen T\u00fcr&#8220; Anfang\u00a0 Oktober, haben wir an die 350 neue B\u00fccher und Medien pr\u00e4sentiert. Ganz druckfrisch sind nun die neusten Bestseller &hellip; <\/p>\n<p><a class=\"more-link btn\" href=\"https:\/\/gemeindebuechereikastl.de\/?p=4379\">Weiterlesen<\/a><\/p>\n","protected":false},"author":1,"featured_media":4380,"comment_status":"closed","ping_status":"closed","sticky":false,"template":"","format":"standard","meta":{"footnotes":""},"categories":[1],"tags":[255,85],"class_list":["post-4379","post","type-post","status-publish","format-standard","has-post-thumbnail","hentry","category-team","tag-bestseller","tag-neue-buecher","item-wrap"],"_links":{"self":[{"href":"https:\/\/gemeindebuechereikastl.de\/index.php?rest_route=\/wp\/v2\/posts\/4379","targetHints":{"allow":["GET"]}}],"collection":[{"href":"https:\/\/gemeindebuechereikastl.de\/index.php?rest_route=\/wp\/v2\/posts"}],"about":[{"href":"https:\/\/gemeindebuechereikastl.de\/index.php?rest_route=\/wp\/v2\/types\/post"}],"author":[{"embeddable":true,"href":"https:\/\/gemeindebuechereikastl.de\/index.php?rest_route=\/wp\/v2\/users\/1"}],"replies":[{"embeddable":true,"href":"https:\/\/gemeindebuechereikastl.de\/index.php?rest_route=%2Fwp%2Fv2%2Fcomments&post=4379"}],"version-history":[{"count":8,"href":"https:\/\/gemeindebuechereikastl.de\/index.php?rest_route=\/wp\/v2\/posts\/4379\/revisions"}],"predecessor-version":[{"id":4382,"href":"https:\/\/gemeindebuechereikastl.de\/index.php?rest_route=\/wp\/v2\/posts\/4379\/revisions\/4382"}],"wp:featuredmedia":[{"embeddable":true,"href":"https:\/\/gemeindebuechereikastl.de\/index.php?rest_route=\/wp\/v2\/media\/4380"}],"wp:attachment":[{"href":"https:\/\/gemeindebuechereikastl.de\/index.php?rest_route=%2Fwp%2Fv2%2Fmedia&parent=4379"}],"wp:term":[{"taxonomy":"category","embeddable":true,"href":"https:\/\/gemeindebuechereikastl.de\/index.php?rest_route=%2Fwp%2Fv2%2Fcategories&post=4379"},{"taxonomy":"post_tag","embeddable":true,"href":"https:\/\/gemeindebuechereikastl.de\/index.php?rest_route=%2Fwp%2Fv2%2Ftags&post=4379"}],"curies":[{"name":"wp","href":"https:\/\/api.w.org\/{rel}","templated":true}]}}