{"id":4390,"date":"2023-11-06T16:12:14","date_gmt":"2023-11-06T16:12:14","guid":{"rendered":"https:\/\/gemeindebuechereikastl.de\/?p=4390"},"modified":"2023-11-06T16:21:36","modified_gmt":"2023-11-06T16:21:36","slug":"herzlich-willkommen-im-monat-der-spiritualitaet","status":"publish","type":"post","link":"https:\/\/gemeindebuechereikastl.de\/?p=4390","title":{"rendered":"Herzlich Willkommen im &#8222;Monat der Spiritualit\u00e4t&#8220;"},"content":{"rendered":"<h2 style=\"text-align: center;\"><span style=\"color: #ff6600;\"><strong>Buchausstellung zum Monat der Spiritualit\u00e4t mit Buchempfehlungen rund um Glaube und Leben im Obergeschoss der B\u00fccherei<\/strong><\/span><\/h2>\n<p style=\"text-align: center;\">Der November, ein Monat, der vielleicht eher als alle anderen einl\u00e4dt, um ein wenig innezuhalten: ein bisschen Ruhe vor dem Advent, ein Durchatmen im Herbst, Zeit f\u00fcr sich, Zeit zum Weiterdenken, Zeit f\u00fcr Gott. Das katholische Medienhaus Sankt Michaelsbund in M\u00fcnchen hat den November deshalb auch zum &#8222;Monat der Spiritualit\u00e4t&#8220; ernannt und auch das Team beteiltig sich daran mit Buchempfehlungen.<\/p>\n<p><img loading=\"lazy\" decoding=\"async\" class=\"wp-image-4391 size-full alignnone\" src=\"https:\/\/gemeindebuechereikastl.de\/wp-content\/uploads\/2023\/11\/Banner_MdS_2023.jpg\" alt=\"\" width=\"1200\" height=\"300\" srcset=\"https:\/\/gemeindebuechereikastl.de\/wp-content\/uploads\/2023\/11\/Banner_MdS_2023.jpg 1200w, https:\/\/gemeindebuechereikastl.de\/wp-content\/uploads\/2023\/11\/Banner_MdS_2023-300x75.jpg 300w, https:\/\/gemeindebuechereikastl.de\/wp-content\/uploads\/2023\/11\/Banner_MdS_2023-768x192.jpg 768w, https:\/\/gemeindebuechereikastl.de\/wp-content\/uploads\/2023\/11\/Banner_MdS_2023-750x188.jpg 750w\" sizes=\"auto, (max-width: 1200px) 100vw, 1200px\" \/><\/p>\n<p>Die Ruhe eines Bergsees oder die Farbenpracht eines herbstlich-bunten Waldes lassen uns doch <img loading=\"lazy\" decoding=\"async\" class=\"alignright wp-image-4392 \" src=\"https:\/\/gemeindebuechereikastl.de\/wp-content\/uploads\/2023\/11\/Monat-2-1145x1206.jpg\" alt=\"\" width=\"382\" height=\"402\" srcset=\"https:\/\/gemeindebuechereikastl.de\/wp-content\/uploads\/2023\/11\/Monat-2-1145x1206.jpg 1145w, https:\/\/gemeindebuechereikastl.de\/wp-content\/uploads\/2023\/11\/Monat-2-285x300.jpg 285w, https:\/\/gemeindebuechereikastl.de\/wp-content\/uploads\/2023\/11\/Monat-2-768x809.jpg 768w, https:\/\/gemeindebuechereikastl.de\/wp-content\/uploads\/2023\/11\/Monat-2-1458x1536.jpg 1458w, https:\/\/gemeindebuechereikastl.de\/wp-content\/uploads\/2023\/11\/Monat-2-1945x2048.jpg 1945w, https:\/\/gemeindebuechereikastl.de\/wp-content\/uploads\/2023\/11\/Monat-2-750x790.jpg 750w, https:\/\/gemeindebuechereikastl.de\/wp-content\/uploads\/2023\/11\/Monat-2.jpg 2031w\" sizes=\"auto, (max-width: 382px) 100vw, 382px\" \/>unmittelbar mit dem in Ber\u00fchrung kommen, was <b>Sch\u00f6pfung <\/b>ist. Immer wieder l\u00e4sst uns die Sch\u00f6pfung \u00fcber ihre Wunder <b>staunen<\/b>: \u00fcber die atemberaubende Gr\u00f6\u00dfe eines Gebirgspanoramas, \u00fcber das unbegreifliche Ineinandergreifen von akustischen Schwingungen zu einer Symphonie oder \u00fcber das Wunder des neuen Lebens. So vieles gibt es in der Sch\u00f6pfung, f\u00fcr das wir <b>danken <\/b>k\u00f6nnen und m\u00f6chten, Teil davon sein zu d\u00fcrfen.\u00a0 Und in allen Zeiten \u2013 vom Alten Testament herkommend bis heute \u2013 ist es der Auftrag des Menschen, die Sch\u00f6pfung, derer Teil er ist, zu <b>bewahren<\/b>. Dabei denken wir sofort an den Umweltschutz, aber Sch\u00f6pfungsbewahrung ist vielschichtig: Auch wer sich f\u00fcr ein menschw\u00fcrdiges Leben von Menschen mit Behinderung einsetzt, wer Wissen und Kultur, Werte und Traditionen weitergibt, arbeitet an der Bewahrung der Sch\u00f6pfung mit.<\/p>\n<p style=\"text-align: center;\"><strong>Das Team hat eine kleine Auswahl mit B\u00fcchern \u00fcber das Thema des \u201eMonats der Solidarit\u00e4t\u201c f\u00fcr alle Interessierten zusammengestellt. Weitere B\u00fccher zu diesem Thema gibt es in der B\u00fccherei zu entdecken. Sie k\u00f6nnen sich bereits vorab in unserem\u00a0<a href=\"https:\/\/iopac.gemeindebuechereikastl.de\/\"> ONLINE-<\/a><a href=\"https:\/\/iopac.gemeindebuechereikastl.de\/\">KATALOG <\/a>\u00a0\u00fcber unser Angebot informieren.<br \/>\nEbenfalls gibt es E-Books zu diesem Thema auch unter<\/strong> <strong><a href=\"https:\/\/leo-nord.onleihe.de\/\">Leo Nord<\/a><\/strong>\u00a0<strong>zu entdecken.<\/strong><\/p>\n","protected":false},"excerpt":{"rendered":"<p>Buchausstellung zum Monat der Spiritualit\u00e4t mit Buchempfehlungen rund um Glaube und Leben im Obergeschoss der B\u00fccherei Der November, ein Monat, der vielleicht eher als alle anderen einl\u00e4dt, um ein wenig innezuhalten: ein bisschen Ruhe vor dem Advent, ein Durchatmen im Herbst, Zeit f\u00fcr sich, Zeit zum Weiterdenken, Zeit f\u00fcr Gott. Das katholische Medienhaus Sankt Michaelsbund &hellip; <\/p>\n<p><a class=\"more-link btn\" href=\"https:\/\/gemeindebuechereikastl.de\/?p=4390\">Weiterlesen<\/a><\/p>\n","protected":false},"author":1,"featured_media":4392,"comment_status":"closed","ping_status":"closed","sticky":false,"template":"","format":"standard","meta":{"footnotes":""},"categories":[5],"tags":[194,448,201],"class_list":["post-4390","post","type-post","status-publish","format-standard","has-post-thumbnail","hentry","category-news","tag-buchausstellung","tag-buchauswahl","tag-monat-der-spiritualitaet","item-wrap"],"_links":{"self":[{"href":"https:\/\/gemeindebuechereikastl.de\/index.php?rest_route=\/wp\/v2\/posts\/4390","targetHints":{"allow":["GET"]}}],"collection":[{"href":"https:\/\/gemeindebuechereikastl.de\/index.php?rest_route=\/wp\/v2\/posts"}],"about":[{"href":"https:\/\/gemeindebuechereikastl.de\/index.php?rest_route=\/wp\/v2\/types\/post"}],"author":[{"embeddable":true,"href":"https:\/\/gemeindebuechereikastl.de\/index.php?rest_route=\/wp\/v2\/users\/1"}],"replies":[{"embeddable":true,"href":"https:\/\/gemeindebuechereikastl.de\/index.php?rest_route=%2Fwp%2Fv2%2Fcomments&post=4390"}],"version-history":[{"count":6,"href":"https:\/\/gemeindebuechereikastl.de\/index.php?rest_route=\/wp\/v2\/posts\/4390\/revisions"}],"predecessor-version":[{"id":4399,"href":"https:\/\/gemeindebuechereikastl.de\/index.php?rest_route=\/wp\/v2\/posts\/4390\/revisions\/4399"}],"wp:featuredmedia":[{"embeddable":true,"href":"https:\/\/gemeindebuechereikastl.de\/index.php?rest_route=\/wp\/v2\/media\/4392"}],"wp:attachment":[{"href":"https:\/\/gemeindebuechereikastl.de\/index.php?rest_route=%2Fwp%2Fv2%2Fmedia&parent=4390"}],"wp:term":[{"taxonomy":"category","embeddable":true,"href":"https:\/\/gemeindebuechereikastl.de\/index.php?rest_route=%2Fwp%2Fv2%2Fcategories&post=4390"},{"taxonomy":"post_tag","embeddable":true,"href":"https:\/\/gemeindebuechereikastl.de\/index.php?rest_route=%2Fwp%2Fv2%2Ftags&post=4390"}],"curies":[{"name":"wp","href":"https:\/\/api.w.org\/{rel}","templated":true}]}}