{"id":4400,"date":"2023-11-09T09:09:17","date_gmt":"2023-11-09T09:09:17","guid":{"rendered":"https:\/\/gemeindebuechereikastl.de\/?p=4400"},"modified":"2023-11-09T14:28:06","modified_gmt":"2023-11-09T14:28:06","slug":"wir-feiern-otfried-preusslers-geschichtenschatz","status":"publish","type":"post","link":"https:\/\/gemeindebuechereikastl.de\/?p=4400","title":{"rendered":"Wir feiern Otfried Preu\u00dflers Geschichtenschatz!"},"content":{"rendered":"<h2 class=\"headline schmedline headline--2 \" style=\"text-align: center;\"><span style=\"color: #ff6600;\"><strong>Wir feiern 100 Jahre Otfried Preu\u00dfler &#8211; Buchausstellung mit seinen B\u00fcchern bei uns in der B\u00fccherei<\/strong><\/span><\/h2>\n<p style=\"text-align: center;\"><img loading=\"lazy\" decoding=\"async\" class=\"wp-image-4401 alignleft\" src=\"https:\/\/gemeindebuechereikastl.de\/wp-content\/uploads\/2023\/11\/100-Jahre-Preussler-712x1206.jpg\" alt=\"\" width=\"411\" height=\"696\" srcset=\"https:\/\/gemeindebuechereikastl.de\/wp-content\/uploads\/2023\/11\/100-Jahre-Preussler-712x1206.jpg 712w, https:\/\/gemeindebuechereikastl.de\/wp-content\/uploads\/2023\/11\/100-Jahre-Preussler-177x300.jpg 177w, https:\/\/gemeindebuechereikastl.de\/wp-content\/uploads\/2023\/11\/100-Jahre-Preussler-768x1301.jpg 768w, https:\/\/gemeindebuechereikastl.de\/wp-content\/uploads\/2023\/11\/100-Jahre-Preussler-906x1536.jpg 906w, https:\/\/gemeindebuechereikastl.de\/wp-content\/uploads\/2023\/11\/100-Jahre-Preussler-750x1271.jpg 750w, https:\/\/gemeindebuechereikastl.de\/wp-content\/uploads\/2023\/11\/100-Jahre-Preussler.jpg 1123w\" sizes=\"auto, (max-width: 411px) 100vw, 411px\" \/><\/p>\n<h4 style=\"text-align: center;\"><strong>Mit seinen zauberhaften Geschichten hat sich Otfried Preu\u00dfler in die Herzen von Generationen von Kindern hineingeschrieben.<\/strong><\/h4>\n<p style=\"text-align: center;\"><img loading=\"lazy\" decoding=\"async\" class=\"wp-image-4410 alignnone\" src=\"https:\/\/gemeindebuechereikastl.de\/wp-content\/uploads\/2023\/11\/Plakat-Preussler.jpg\" alt=\"\" width=\"282\" height=\"280\" srcset=\"https:\/\/gemeindebuechereikastl.de\/wp-content\/uploads\/2023\/11\/Plakat-Preussler.jpg 1115w, https:\/\/gemeindebuechereikastl.de\/wp-content\/uploads\/2023\/11\/Plakat-Preussler-300x298.jpg 300w, https:\/\/gemeindebuechereikastl.de\/wp-content\/uploads\/2023\/11\/Plakat-Preussler-150x150.jpg 150w, https:\/\/gemeindebuechereikastl.de\/wp-content\/uploads\/2023\/11\/Plakat-Preussler-768x763.jpg 768w, https:\/\/gemeindebuechereikastl.de\/wp-content\/uploads\/2023\/11\/Plakat-Preussler-750x745.jpg 750w\" sizes=\"auto, (max-width: 282px) 100vw, 282px\" \/><\/p>\n<p style=\"text-align: left;\">Seine unverwechselbaren und liebenswerten Figuren angefangen vom Krabat und dem\u00a0 R\u00e4uber Hotzenplotz, die kleine Hexe, das kleine Gespenst und der kleine Wassermann begeistern bis heute Kinder und Erwachsene. Zu seinem 100. Geburtstag m\u00f6chten wir mit Dir seinen einzigartigen Geschichtenschatz feiern!<\/p>\n<h4 style=\"text-align: left;\">Dazu hat das\u00a0 Team hat eine kleine Auswahl mit B\u00fcchern, CDs, DVDs und Tonies\u00a0 von Otfried Preu\u00dfler f\u00fcr alle Interessierten zusammengestellt. \u00a0Weitere B\u00fccher und Medien vom Jubilar gibt es bei uns in der B\u00fccherei zu entdecken.<\/h4>\n<h4 style=\"text-align: center;\">Infos \u00fcber seine gesamtes Repertoire, dass wir f\u00fcr sie bereithalten gibt es<br \/>\nin unserem <strong>\u00a0 <a href=\"https:\/\/iopac.gemeindebuechereikastl.de\/\">ONLINE-<\/a><a href=\"https:\/\/iopac.gemeindebuechereikastl.de\/\">KATALOG\u00a0<\/a><\/strong><\/h4>\n<h4 style=\"text-align: center;\">Ebenfalls kann man E-Books von seinen B\u00fcchern auch unter \u00a0<strong><a href=\"https:\/\/leo-nord.onleihe.de\/\">LEO NORD<\/a> aufsp\u00fcren<\/strong><\/h4>\n","protected":false},"excerpt":{"rendered":"<p>Wir feiern 100 Jahre Otfried Preu\u00dfler &#8211; Buchausstellung mit seinen B\u00fcchern bei uns in der B\u00fccherei Mit seinen zauberhaften Geschichten hat sich Otfried Preu\u00dfler in die Herzen von Generationen von Kindern hineingeschrieben. Seine unverwechselbaren und liebenswerten Figuren angefangen vom Krabat und dem\u00a0 R\u00e4uber Hotzenplotz, die kleine Hexe, das kleine Gespenst und der kleine Wassermann begeistern &hellip; <\/p>\n<p><a class=\"more-link btn\" href=\"https:\/\/gemeindebuechereikastl.de\/?p=4400\">Weiterlesen<\/a><\/p>\n","protected":false},"author":1,"featured_media":4408,"comment_status":"closed","ping_status":"closed","sticky":false,"template":"","format":"standard","meta":{"footnotes":""},"categories":[5],"tags":[194,244,533],"class_list":["post-4400","post","type-post","status-publish","format-standard","has-post-thumbnail","hentry","category-news","tag-buchausstellung","tag-geburtstag","tag-otfried-preussler","item-wrap"],"_links":{"self":[{"href":"https:\/\/gemeindebuechereikastl.de\/index.php?rest_route=\/wp\/v2\/posts\/4400","targetHints":{"allow":["GET"]}}],"collection":[{"href":"https:\/\/gemeindebuechereikastl.de\/index.php?rest_route=\/wp\/v2\/posts"}],"about":[{"href":"https:\/\/gemeindebuechereikastl.de\/index.php?rest_route=\/wp\/v2\/types\/post"}],"author":[{"embeddable":true,"href":"https:\/\/gemeindebuechereikastl.de\/index.php?rest_route=\/wp\/v2\/users\/1"}],"replies":[{"embeddable":true,"href":"https:\/\/gemeindebuechereikastl.de\/index.php?rest_route=%2Fwp%2Fv2%2Fcomments&post=4400"}],"version-history":[{"count":23,"href":"https:\/\/gemeindebuechereikastl.de\/index.php?rest_route=\/wp\/v2\/posts\/4400\/revisions"}],"predecessor-version":[{"id":4432,"href":"https:\/\/gemeindebuechereikastl.de\/index.php?rest_route=\/wp\/v2\/posts\/4400\/revisions\/4432"}],"wp:featuredmedia":[{"embeddable":true,"href":"https:\/\/gemeindebuechereikastl.de\/index.php?rest_route=\/wp\/v2\/media\/4408"}],"wp:attachment":[{"href":"https:\/\/gemeindebuechereikastl.de\/index.php?rest_route=%2Fwp%2Fv2%2Fmedia&parent=4400"}],"wp:term":[{"taxonomy":"category","embeddable":true,"href":"https:\/\/gemeindebuechereikastl.de\/index.php?rest_route=%2Fwp%2Fv2%2Fcategories&post=4400"},{"taxonomy":"post_tag","embeddable":true,"href":"https:\/\/gemeindebuechereikastl.de\/index.php?rest_route=%2Fwp%2Fv2%2Ftags&post=4400"}],"curies":[{"name":"wp","href":"https:\/\/api.w.org\/{rel}","templated":true}]}}