{"id":4447,"date":"2023-11-26T17:30:25","date_gmt":"2023-11-26T17:30:25","guid":{"rendered":"https:\/\/gemeindebuechereikastl.de\/?p=4447"},"modified":"2023-11-26T17:47:06","modified_gmt":"2023-11-26T17:47:06","slug":"informationsbesuch-des-buechereiteams-aus-vilseck","status":"publish","type":"post","link":"https:\/\/gemeindebuechereikastl.de\/?p=4447","title":{"rendered":"Informationsbesuch des B\u00fcchereiteams aus Vilseck"},"content":{"rendered":"<h2 style=\"text-align: center;\"><span style=\"color: #ff6600;\"><strong>B\u00fcchereiteam aus Vilseck zu Gast in der Gemeindeb\u00fccherei Kastl mit Fragen \u00fcber die E-Book Ausleihe und \u00fcber den Online-Katalog<\/strong><\/span><\/h2>\n<p style=\"text-align: center;\">Das Team der der Stadt- und Pfarrb\u00fccherei Vilseck war zu einem Informationsbesuch in der Gemeindeb\u00fccherei Kastl zu Gast. Sie wurden von B\u00fcchereileiter Georg D\u00fcrr begr\u00fc\u00dft, er zeigten sich erfreut \u00fcber den Besuch. Das Team hatte viele Fragen mitgebracht und B\u00fcchereileiter Georg D\u00fcrr versuchte diese so weit wie m\u00f6glich zu beantworten.<\/p>\n<p><img loading=\"lazy\" decoding=\"async\" class=\"wp-image-4448 size-large alignnone\" src=\"https:\/\/gemeindebuechereikastl.de\/wp-content\/uploads\/2023\/11\/Team-Vilseck-1603x1056.jpg\" alt=\"\" width=\"750\" height=\"494\" srcset=\"https:\/\/gemeindebuechereikastl.de\/wp-content\/uploads\/2023\/11\/Team-Vilseck-1603x1056.jpg 1603w, https:\/\/gemeindebuechereikastl.de\/wp-content\/uploads\/2023\/11\/Team-Vilseck-300x198.jpg 300w, https:\/\/gemeindebuechereikastl.de\/wp-content\/uploads\/2023\/11\/Team-Vilseck-768x506.jpg 768w, https:\/\/gemeindebuechereikastl.de\/wp-content\/uploads\/2023\/11\/Team-Vilseck-1536x1012.jpg 1536w, https:\/\/gemeindebuechereikastl.de\/wp-content\/uploads\/2023\/11\/Team-Vilseck-2048x1349.jpg 2048w, https:\/\/gemeindebuechereikastl.de\/wp-content\/uploads\/2023\/11\/Team-Vilseck-750x494.jpg 750w\" sizes=\"auto, (max-width: 750px) 100vw, 750px\" \/><\/p>\n<p>In erste Linie ging es um die E-Book Ausleihe, die sie im kommenden Jahr ebenfalls anbieten wollen und um den Online-Katalog wo alle B\u00fccher und Medien der B\u00fccherei zu finden sind. Es wurden die verschiedensten <a href=\"https:\/\/iopac.gemeindebuechereikastl.de\/iopac\/\"><img loading=\"lazy\" decoding=\"async\" class=\"size-medium wp-image-2674 alignleft\" src=\"https:\/\/gemeindebuechereikastl.de\/wp-content\/uploads\/2022\/02\/Online-Katalog-2022-1-300x187.jpg\" alt=\"\" width=\"300\" height=\"187\" srcset=\"https:\/\/gemeindebuechereikastl.de\/wp-content\/uploads\/2022\/02\/Online-Katalog-2022-1-300x187.jpg 300w, https:\/\/gemeindebuechereikastl.de\/wp-content\/uploads\/2022\/02\/Online-Katalog-2022-1-768x479.jpg 768w, https:\/\/gemeindebuechereikastl.de\/wp-content\/uploads\/2022\/02\/Online-Katalog-2022-1-1536x958.jpg 1536w, https:\/\/gemeindebuechereikastl.de\/wp-content\/uploads\/2022\/02\/Online-Katalog-2022-1-750x468.jpg 750w, https:\/\/gemeindebuechereikastl.de\/wp-content\/uploads\/2022\/02\/Online-Katalog-2022-1.jpg 1575w\" sizes=\"auto, (max-width: 300px) 100vw, 300px\" \/><\/a>Funktionen beim <a href=\"https:\/\/iopac.gemeindebuechereikastl.de\/iopac\/\"><strong>Online-Katalog<\/strong><\/a> f\u00fcr die Leser anhand des Online-Kataloges der Kastler B\u00fccherei n\u00e4her erl\u00e4utert.\u00a0 <img loading=\"lazy\" decoding=\"async\" class=\" wp-image-77 alignright\" src=\"https:\/\/gemeindebuechereikastl.de\/wp-content\/uploads\/2018\/01\/Leo-nord.jpg\" alt=\"\" width=\"135\" height=\"134\" srcset=\"https:\/\/gemeindebuechereikastl.de\/wp-content\/uploads\/2018\/01\/Leo-nord.jpg 230w, https:\/\/gemeindebuechereikastl.de\/wp-content\/uploads\/2018\/01\/Leo-nord-150x150.jpg 150w, https:\/\/gemeindebuechereikastl.de\/wp-content\/uploads\/2018\/01\/Leo-nord-60x60.jpg 60w\" sizes=\"auto, (max-width: 135px) 100vw, 135px\" \/>Ebenfalls gab es Infos \u00fcber die Plattform <a href=\"https:\/\/leo-nord.onleihe.de\/\"><strong>LEO-Nord (LEsen Online NORDbayern)<\/strong><\/a> \u00fcber diese die Ausleihe von E-Books bzw. E-Medien l\u00e4uft. Weiter konnte Sie D\u00fcrr davon \u00fcberzeugen, wie wichtig eine eigene Homepage f\u00fcr die Darstellung nach Au\u00dfen ist. Denn f\u00fcr viele Menschen gilt: Wer nicht im Netz gefunden wird \u2013 den gibt es nicht!\u00a0 Zum Abschluss des Besuches machte man noch eine kleine Runde durch die Kastler B\u00fccherei. Das Team aus Vilseck zeigten sich Interessiert vom vielf\u00e4ltigen Angebot der Kastler B\u00fccherei und bedankten sich ganz herzlich f\u00fcr die Vorstellung und Erl\u00e4uterung des Online-Kataloges und der E-Book Ausleihe unter Leo Nord.<\/p>\n","protected":false},"excerpt":{"rendered":"<p>B\u00fcchereiteam aus Vilseck zu Gast in der Gemeindeb\u00fccherei Kastl mit Fragen \u00fcber die E-Book Ausleihe und \u00fcber den Online-Katalog Das Team der der Stadt- und Pfarrb\u00fccherei Vilseck war zu einem Informationsbesuch in der Gemeindeb\u00fccherei Kastl zu Gast. Sie wurden von B\u00fcchereileiter Georg D\u00fcrr begr\u00fc\u00dft, er zeigten sich erfreut \u00fcber den Besuch. Das Team hatte viele &hellip; <\/p>\n<p><a class=\"more-link btn\" href=\"https:\/\/gemeindebuechereikastl.de\/?p=4447\">Weiterlesen<\/a><\/p>\n","protected":false},"author":1,"featured_media":4448,"comment_status":"closed","ping_status":"closed","sticky":false,"template":"","format":"standard","meta":{"footnotes":""},"categories":[1],"tags":[280,443,538],"class_list":["post-4447","post","type-post","status-publish","format-standard","has-post-thumbnail","hentry","category-team","tag-buechereibesuch","tag-information","tag-vilseck","item-wrap"],"_links":{"self":[{"href":"https:\/\/gemeindebuechereikastl.de\/index.php?rest_route=\/wp\/v2\/posts\/4447","targetHints":{"allow":["GET"]}}],"collection":[{"href":"https:\/\/gemeindebuechereikastl.de\/index.php?rest_route=\/wp\/v2\/posts"}],"about":[{"href":"https:\/\/gemeindebuechereikastl.de\/index.php?rest_route=\/wp\/v2\/types\/post"}],"author":[{"embeddable":true,"href":"https:\/\/gemeindebuechereikastl.de\/index.php?rest_route=\/wp\/v2\/users\/1"}],"replies":[{"embeddable":true,"href":"https:\/\/gemeindebuechereikastl.de\/index.php?rest_route=%2Fwp%2Fv2%2Fcomments&post=4447"}],"version-history":[{"count":4,"href":"https:\/\/gemeindebuechereikastl.de\/index.php?rest_route=\/wp\/v2\/posts\/4447\/revisions"}],"predecessor-version":[{"id":4452,"href":"https:\/\/gemeindebuechereikastl.de\/index.php?rest_route=\/wp\/v2\/posts\/4447\/revisions\/4452"}],"wp:featuredmedia":[{"embeddable":true,"href":"https:\/\/gemeindebuechereikastl.de\/index.php?rest_route=\/wp\/v2\/media\/4448"}],"wp:attachment":[{"href":"https:\/\/gemeindebuechereikastl.de\/index.php?rest_route=%2Fwp%2Fv2%2Fmedia&parent=4447"}],"wp:term":[{"taxonomy":"category","embeddable":true,"href":"https:\/\/gemeindebuechereikastl.de\/index.php?rest_route=%2Fwp%2Fv2%2Fcategories&post=4447"},{"taxonomy":"post_tag","embeddable":true,"href":"https:\/\/gemeindebuechereikastl.de\/index.php?rest_route=%2Fwp%2Fv2%2Ftags&post=4447"}],"curies":[{"name":"wp","href":"https:\/\/api.w.org\/{rel}","templated":true}]}}