{"id":4454,"date":"2023-12-02T09:49:08","date_gmt":"2023-12-02T09:49:08","guid":{"rendered":"https:\/\/gemeindebuechereikastl.de\/?p=4454"},"modified":"2023-12-02T16:24:42","modified_gmt":"2023-12-02T16:24:42","slug":"minibuch-adventskalender-fuer-kinder-waehrend-der-gesamten-adventszeit","status":"publish","type":"post","link":"https:\/\/gemeindebuechereikastl.de\/?p=4454","title":{"rendered":"Minibuch \u2013 Adventskalender f\u00fcr Kinder w\u00e4hrend der gesamten Adventszeit"},"content":{"rendered":"<h2 style=\"text-align: center;\"><span style=\"color: #ff6600;\"><strong>Ein Minibuch \u2013 Adventskalender wartet w\u00e4hrend der gesamten Adventzeit <\/strong><strong>f\u00fcr alle Kinder <\/strong><strong>in der B\u00fccherei<\/strong><\/span><\/h2>\n<p><img loading=\"lazy\" decoding=\"async\" class=\"wp-image-4455 alignleft\" src=\"https:\/\/gemeindebuechereikastl.de\/wp-content\/uploads\/2023\/12\/Adventskalender-2024-736x1206.jpg\" alt=\"\" width=\"302\" height=\"495\" srcset=\"https:\/\/gemeindebuechereikastl.de\/wp-content\/uploads\/2023\/12\/Adventskalender-2024-736x1206.jpg 736w, https:\/\/gemeindebuechereikastl.de\/wp-content\/uploads\/2023\/12\/Adventskalender-2024-183x300.jpg 183w, https:\/\/gemeindebuechereikastl.de\/wp-content\/uploads\/2023\/12\/Adventskalender-2024-768x1258.jpg 768w, https:\/\/gemeindebuechereikastl.de\/wp-content\/uploads\/2023\/12\/Adventskalender-2024-937x1536.jpg 937w, https:\/\/gemeindebuechereikastl.de\/wp-content\/uploads\/2023\/12\/Adventskalender-2024-1250x2048.jpg 1250w, https:\/\/gemeindebuechereikastl.de\/wp-content\/uploads\/2023\/12\/Adventskalender-2024-750x1229.jpg 750w, https:\/\/gemeindebuechereikastl.de\/wp-content\/uploads\/2023\/12\/Adventskalender-2024-scaled.jpg 1562w\" sizes=\"auto, (max-width: 302px) 100vw, 302px\" \/><\/p>\n<p>F\u00fcr alle Kinder, die w\u00e4hrend der Adventszeit in die B\u00fccherei kommen gibt es wieder eine kleine \u00dcberraschung in Form eines Adventskalenders <strong>&#8222;<\/strong><span id=\"productTitle\" class=\"a-size-extra-large celwidget\" data-csa-c-id=\"7pf47z-5jhemf-omo09p-viwubw\" data-cel-widget=\"productTitle\"><strong>Weihnachten in aller Welt: Adventskalender mit 24 B\u00fcchlein&#8220;<\/strong> f<\/span>\u00fcr die Kinder zum \u00d6ffnen in der B\u00fccherei.<\/p>\n<p><strong>24 Geschichten erz\u00e4hlen, wie Kinder in 24 nahen oder fernen L\u00e4ndern Advent und das Weihnachtsfest feiern. Dabei kommen die verschiedensten Br\u00e4uche zur Sprache &#8211; was man sich schenkt, wie der Weihnachtsmann hei\u00dft und wann die Bescherung stattfindet, ob es ein Krippenspiel gibt, was man an Weihnachten isst oder anzieht, ob man in Schnee oder Hitze feiert, eher besinnlich oder laut und fr\u00f6hlich . . .<\/strong><\/p>\n<h2><strong><img loading=\"lazy\" decoding=\"async\" class=\"wp-image-3487 alignright\" src=\"https:\/\/gemeindebuechereikastl.de\/wp-content\/uploads\/2022\/12\/Adventskalender-300x212.png\" sizes=\"auto, (max-width: 278px) 100vw, 278px\" srcset=\"https:\/\/gemeindebuechereikastl.de\/wp-content\/uploads\/2022\/12\/Adventskalender-300x212.png 300w, https:\/\/gemeindebuechereikastl.de\/wp-content\/uploads\/2022\/12\/Adventskalender-768x543.png 768w, https:\/\/gemeindebuechereikastl.de\/wp-content\/uploads\/2022\/12\/Adventskalender-750x530.png 750w, https:\/\/gemeindebuechereikastl.de\/wp-content\/uploads\/2022\/12\/Adventskalender.png 1280w\" alt=\"\" width=\"224\" height=\"159\" \/><\/strong><\/h2>\n<p>Jeweils die ersten Kinder, die zu den \u00d6ffnungszeiten in die Gemeindeb\u00fccherei kommen, d\u00fcrfen jeweils ein Fernster des Adventskalenders \u00f6ffnen und das darin enthaltene Minibuch mit nach Hause nehmen. Am Dienstag und Donnerstag d\u00fcrfen die ersten beiden Kinder, jeweils ein T\u00fcrchen \u00f6ffnen und die B\u00fcchlein mitnehmen, am Sonntag sind es dann die drei ersten Kinder.<\/p>\n<h3 style=\"text-align: center;\"><span style=\"color: #ff0000;\"><img loading=\"lazy\" decoding=\"async\" class=\"alignleft wp-image-4457 \" src=\"https:\/\/gemeindebuechereikastl.de\/wp-content\/uploads\/2023\/12\/Weihnachten-Kinder-804x1206.jpg\" alt=\"\" width=\"217\" height=\"326\" srcset=\"https:\/\/gemeindebuechereikastl.de\/wp-content\/uploads\/2023\/12\/Weihnachten-Kinder-804x1206.jpg 804w, https:\/\/gemeindebuechereikastl.de\/wp-content\/uploads\/2023\/12\/Weihnachten-Kinder-200x300.jpg 200w, https:\/\/gemeindebuechereikastl.de\/wp-content\/uploads\/2023\/12\/Weihnachten-Kinder-768x1152.jpg 768w, https:\/\/gemeindebuechereikastl.de\/wp-content\/uploads\/2023\/12\/Weihnachten-Kinder-1024x1536.jpg 1024w, https:\/\/gemeindebuechereikastl.de\/wp-content\/uploads\/2023\/12\/Weihnachten-Kinder-1365x2048.jpg 1365w, https:\/\/gemeindebuechereikastl.de\/wp-content\/uploads\/2023\/12\/Weihnachten-Kinder-750x1125.jpg 750w, https:\/\/gemeindebuechereikastl.de\/wp-content\/uploads\/2023\/12\/Weihnachten-Kinder-scaled.jpg 1706w\" sizes=\"auto, (max-width: 217px) 100vw, 217px\" \/><img loading=\"lazy\" decoding=\"async\" class=\"alignright wp-image-4456 \" src=\"https:\/\/gemeindebuechereikastl.de\/wp-content\/uploads\/2023\/12\/Weihnachten-Erwachsene-896x1206.jpg\" alt=\"\" width=\"238\" height=\"320\" srcset=\"https:\/\/gemeindebuechereikastl.de\/wp-content\/uploads\/2023\/12\/Weihnachten-Erwachsene-896x1206.jpg 896w, https:\/\/gemeindebuechereikastl.de\/wp-content\/uploads\/2023\/12\/Weihnachten-Erwachsene-223x300.jpg 223w, https:\/\/gemeindebuechereikastl.de\/wp-content\/uploads\/2023\/12\/Weihnachten-Erwachsene-768x1034.jpg 768w, https:\/\/gemeindebuechereikastl.de\/wp-content\/uploads\/2023\/12\/Weihnachten-Erwachsene-1141x1536.jpg 1141w, https:\/\/gemeindebuechereikastl.de\/wp-content\/uploads\/2023\/12\/Weihnachten-Erwachsene-1521x2048.jpg 1521w, https:\/\/gemeindebuechereikastl.de\/wp-content\/uploads\/2023\/12\/Weihnachten-Erwachsene-750x1010.jpg 750w, https:\/\/gemeindebuechereikastl.de\/wp-content\/uploads\/2023\/12\/Weihnachten-Erwachsene-scaled.jpg 1901w\" sizes=\"auto, (max-width: 238px) 100vw, 238px\" \/>Weiter kann man<br \/>\nin unseren beiden <\/span><br \/>\n<span style=\"color: #ff0000;\">Weihnachts \u2013 Buch<br \/>\n\u2013 Ausstellungen <\/span><br \/>\n<span style=\"color: #ff0000;\">(Kinder EG und<br \/>\nErwachsene OG)<br \/>\nviele nachdenkliche. besinnliche, interessante und sch\u00f6ne, <\/span><br \/>\n<span style=\"color: #ff0000;\"><strong>Weihnachtsb\u00fccher<br \/>\nentdecken und ausleihen.<\/strong><\/span><\/h3>\n<p>&nbsp;<\/p>\n","protected":false},"excerpt":{"rendered":"<p>Ein Minibuch \u2013 Adventskalender wartet w\u00e4hrend der gesamten Adventzeit f\u00fcr alle Kinder in der B\u00fccherei F\u00fcr alle Kinder, die w\u00e4hrend der Adventszeit in die B\u00fccherei kommen gibt es wieder eine kleine \u00dcberraschung in Form eines Adventskalenders &#8222;Weihnachten in aller Welt: Adventskalender mit 24 B\u00fcchlein&#8220; f\u00fcr die Kinder zum \u00d6ffnen in der B\u00fccherei. 24 Geschichten erz\u00e4hlen, &hellip; <\/p>\n<p><a class=\"more-link btn\" href=\"https:\/\/gemeindebuechereikastl.de\/?p=4454\">Weiterlesen<\/a><\/p>\n","protected":false},"author":1,"featured_media":4455,"comment_status":"closed","ping_status":"closed","sticky":false,"template":"","format":"standard","meta":{"footnotes":""},"categories":[1],"tags":[286,91,194,410,411],"class_list":["post-4454","post","type-post","status-publish","format-standard","has-post-thumbnail","hentry","category-team","tag-advent","tag-adventskalender","tag-buchausstellung","tag-weihanchten","tag-weihnachtsbuecher","item-wrap"],"_links":{"self":[{"href":"https:\/\/gemeindebuechereikastl.de\/index.php?rest_route=\/wp\/v2\/posts\/4454","targetHints":{"allow":["GET"]}}],"collection":[{"href":"https:\/\/gemeindebuechereikastl.de\/index.php?rest_route=\/wp\/v2\/posts"}],"about":[{"href":"https:\/\/gemeindebuechereikastl.de\/index.php?rest_route=\/wp\/v2\/types\/post"}],"author":[{"embeddable":true,"href":"https:\/\/gemeindebuechereikastl.de\/index.php?rest_route=\/wp\/v2\/users\/1"}],"replies":[{"embeddable":true,"href":"https:\/\/gemeindebuechereikastl.de\/index.php?rest_route=%2Fwp%2Fv2%2Fcomments&post=4454"}],"version-history":[{"count":5,"href":"https:\/\/gemeindebuechereikastl.de\/index.php?rest_route=\/wp\/v2\/posts\/4454\/revisions"}],"predecessor-version":[{"id":4473,"href":"https:\/\/gemeindebuechereikastl.de\/index.php?rest_route=\/wp\/v2\/posts\/4454\/revisions\/4473"}],"wp:featuredmedia":[{"embeddable":true,"href":"https:\/\/gemeindebuechereikastl.de\/index.php?rest_route=\/wp\/v2\/media\/4455"}],"wp:attachment":[{"href":"https:\/\/gemeindebuechereikastl.de\/index.php?rest_route=%2Fwp%2Fv2%2Fmedia&parent=4454"}],"wp:term":[{"taxonomy":"category","embeddable":true,"href":"https:\/\/gemeindebuechereikastl.de\/index.php?rest_route=%2Fwp%2Fv2%2Fcategories&post=4454"},{"taxonomy":"post_tag","embeddable":true,"href":"https:\/\/gemeindebuechereikastl.de\/index.php?rest_route=%2Fwp%2Fv2%2Ftags&post=4454"}],"curies":[{"name":"wp","href":"https:\/\/api.w.org\/{rel}","templated":true}]}}