{"id":4462,"date":"2023-12-02T11:33:17","date_gmt":"2023-12-02T11:33:17","guid":{"rendered":"https:\/\/gemeindebuechereikastl.de\/?p=4462"},"modified":"2023-12-12T08:59:31","modified_gmt":"2023-12-12T08:59:31","slug":"weihnachts-buch-ausstellungen-fuer-kinder-und-erwachsene-mit-vielen-besinnlichen-nachdenklichen-interessanten-und-lustigen-weihnachtsbuecher","status":"publish","type":"post","link":"https:\/\/gemeindebuechereikastl.de\/?p=4462","title":{"rendered":"Weihnachts\u2013Buch\u2013Ausstellungen mit vielen besinnlichen, nachdenklichen, interessanten und lustigen Weihnachtsb\u00fcchern"},"content":{"rendered":"<h2 style=\"text-align: center;\"><span style=\"color: #ff6600;\"><strong>Gro\u00dfe Auswahl an B\u00fcchern in unseren beiden Weihnachts \u2013 Buch \u2013 Ausstellungen im EG f\u00fcr Kinder und im OG f\u00fcr Erwachsene. Mit vielen besinnlichen, nachdenklichen <\/strong><\/span><span style=\"color: #ff6600;\"><strong> und <\/strong><\/span><span style=\"color: #ff6600;\"><strong>interessanten Weihnachtsb\u00fcchern, die <\/strong><strong>warten entdeckt und mitgenommen zu werden<\/strong><\/span><\/h2>\n<h2 style=\"text-align: center;\"><strong><img loading=\"lazy\" decoding=\"async\" class=\"wp-image-4458 alignnone\" src=\"https:\/\/gemeindebuechereikastl.de\/wp-content\/uploads\/2023\/12\/20231201_154751-1603x1202.jpg\" alt=\"\" width=\"627\" height=\"470\" srcset=\"https:\/\/gemeindebuechereikastl.de\/wp-content\/uploads\/2023\/12\/20231201_154751-1603x1202.jpg 1603w, https:\/\/gemeindebuechereikastl.de\/wp-content\/uploads\/2023\/12\/20231201_154751-300x225.jpg 300w, https:\/\/gemeindebuechereikastl.de\/wp-content\/uploads\/2023\/12\/20231201_154751-768x576.jpg 768w, https:\/\/gemeindebuechereikastl.de\/wp-content\/uploads\/2023\/12\/20231201_154751-1536x1152.jpg 1536w, https:\/\/gemeindebuechereikastl.de\/wp-content\/uploads\/2023\/12\/20231201_154751-2048x1536.jpg 2048w, https:\/\/gemeindebuechereikastl.de\/wp-content\/uploads\/2023\/12\/20231201_154751-750x563.jpg 750w\" sizes=\"auto, (max-width: 627px) 100vw, 627px\" \/><\/strong><\/h2>\n<p>Auf den ersten Blick erscheint es nicht unbedingt originell, was sich das Team der Gemeindeb\u00fccherei Kastl f\u00fcr ihren Thementisch im Dezember ausgedacht hat: Weihnachten, das Fest der Liebe! Umso erstaunlicher ist die Vielfalt, die den Lesern unter diesem Motto geboten wird.<img loading=\"lazy\" decoding=\"async\" class=\"alignleft wp-image-4465 \" src=\"https:\/\/gemeindebuechereikastl.de\/wp-content\/uploads\/2023\/12\/Weihnachten-Kinder-2-1023x1206.jpg\" alt=\"\" width=\"309\" height=\"365\" srcset=\"https:\/\/gemeindebuechereikastl.de\/wp-content\/uploads\/2023\/12\/Weihnachten-Kinder-2-1023x1206.jpg 1023w, https:\/\/gemeindebuechereikastl.de\/wp-content\/uploads\/2023\/12\/Weihnachten-Kinder-2-255x300.jpg 255w, https:\/\/gemeindebuechereikastl.de\/wp-content\/uploads\/2023\/12\/Weihnachten-Kinder-2-768x905.jpg 768w, https:\/\/gemeindebuechereikastl.de\/wp-content\/uploads\/2023\/12\/Weihnachten-Kinder-2-1303x1536.jpg 1303w, https:\/\/gemeindebuechereikastl.de\/wp-content\/uploads\/2023\/12\/Weihnachten-Kinder-2-1738x2048.jpg 1738w, https:\/\/gemeindebuechereikastl.de\/wp-content\/uploads\/2023\/12\/Weihnachten-Kinder-2-750x884.jpg 750w\" sizes=\"auto, (max-width: 309px) 100vw, 309px\" \/><\/p>\n<p>Wenn die Tage immer k\u00fcrzer werden und der Winter schlie\u00dflich an die T\u00fcr klopft, ist sie sofort da: die Vorfreude auf Weihnachten. Schon basteln alle eifrig und suchen nach Geschenken. Zur richtigen<\/p>\n<p>Einstimmung auf den Advent haben wir unsern Bestand durchforstet und f\u00fcr jedes Alter die sch\u00f6nsten Weihnachtsb\u00fccher zusammengetragen. F\u00fcr die Kinder gibt es im Erdgeschoss die gro\u00dfe Palette an Weihnachtsb\u00fcchern zu sehen und zum Ausleihen.<\/p>\n<p><img loading=\"lazy\" decoding=\"async\" class=\"alignright wp-image-4456 \" src=\"https:\/\/gemeindebuechereikastl.de\/wp-content\/uploads\/2023\/12\/Weihnachten-Erwachsene-896x1206.jpg\" alt=\"\" width=\"274\" height=\"369\" srcset=\"https:\/\/gemeindebuechereikastl.de\/wp-content\/uploads\/2023\/12\/Weihnachten-Erwachsene-896x1206.jpg 896w, https:\/\/gemeindebuechereikastl.de\/wp-content\/uploads\/2023\/12\/Weihnachten-Erwachsene-223x300.jpg 223w, https:\/\/gemeindebuechereikastl.de\/wp-content\/uploads\/2023\/12\/Weihnachten-Erwachsene-768x1034.jpg 768w, https:\/\/gemeindebuechereikastl.de\/wp-content\/uploads\/2023\/12\/Weihnachten-Erwachsene-1141x1536.jpg 1141w, https:\/\/gemeindebuechereikastl.de\/wp-content\/uploads\/2023\/12\/Weihnachten-Erwachsene-1521x2048.jpg 1521w, https:\/\/gemeindebuechereikastl.de\/wp-content\/uploads\/2023\/12\/Weihnachten-Erwachsene-750x1010.jpg 750w, https:\/\/gemeindebuechereikastl.de\/wp-content\/uploads\/2023\/12\/Weihnachten-Erwachsene-scaled.jpg 1901w\" sizes=\"auto, (max-width: 274px) 100vw, 274px\" \/>Da liegen stimmungsvolle Romane bereit, um an langen Winterabenden das Herz zu erw\u00e4rmen. Hinzu kommen Sachb\u00fccher, die dem unersch\u00f6pflichen Thema aus den verschiedensten Blickwinkeln auf den Grund gehen. Und auch die die Einsamkeit ist nicht vergessen, setzt doch gerade zur Weihnachtszeit<strong>\u00a0das<\/strong>\u00a0Alleinsein manchen besonders heftig zu.<\/p>\n<p>Unsere Buchempfehlungen wollen Sie dabei intensiv begleiten: mit besinnlicher, die Weihnachtsbotschaft <img loading=\"lazy\" decoding=\"async\" class=\"wp-image-4463 alignleft\" src=\"https:\/\/gemeindebuechereikastl.de\/wp-content\/uploads\/2023\/12\/20231202_113501-1603x1202.jpg\" alt=\"\" width=\"368\" height=\"276\" srcset=\"https:\/\/gemeindebuechereikastl.de\/wp-content\/uploads\/2023\/12\/20231202_113501-1603x1202.jpg 1603w, https:\/\/gemeindebuechereikastl.de\/wp-content\/uploads\/2023\/12\/20231202_113501-300x225.jpg 300w, https:\/\/gemeindebuechereikastl.de\/wp-content\/uploads\/2023\/12\/20231202_113501-768x576.jpg 768w, https:\/\/gemeindebuechereikastl.de\/wp-content\/uploads\/2023\/12\/20231202_113501-1536x1152.jpg 1536w, https:\/\/gemeindebuechereikastl.de\/wp-content\/uploads\/2023\/12\/20231202_113501-2048x1536.jpg 2048w, https:\/\/gemeindebuechereikastl.de\/wp-content\/uploads\/2023\/12\/20231202_113501-750x563.jpg 750w\" sizes=\"auto, (max-width: 368px) 100vw, 368px\" \/>\u00fcberbringender Lekt\u00fcre zur Advents- und Weihnachtszeit, mit kreativen Gestaltungsvorschl\u00e4gen f\u00fcr ein festliches Zuhause.<\/p>\n<h4 style=\"text-align: center;\"><span style=\"color: #ff0000;\"><strong>Weiteren interessanten Lesestoff zu \u201eAdvent\u201c und \u201eWeihnachten\u201c findet man auch noch in unserem\u00a0<span style=\"color: #800080;\"><a style=\"color: #800080;\" href=\"https:\/\/iopac.gemeindebuechereikastl.de\/iopac\/\">ONLINE-KATALOG<\/a><\/span>\u00a0 oder bei einem Besuch in der B\u00fccherei.<br \/>\n<\/strong><\/span><\/h4>\n<h4 style=\"text-align: center;\"><span style=\"color: #ff0000;\"><strong>Ebenfalls viele interesannte B\u00fccher dazu, gibt es auch bei<\/strong><strong> unseren E-Books unter den Rubriken <\/strong><\/span>&#8222;An die Pl\u00e4tzchen&#8230; fertig, los!&#8220; oder &#8222;Der erste Schnee ist da &#8211; Zeit f\u00fcr unsere Winterromane&#8220; <span style=\"color: #ff0000;\">alles und weiteres mehr, auf\u00a0 <strong><span style=\"color: #800080;\"><a style=\"color: #800080;\" href=\"http:\/\/www.leo-nord.de\/\">www.leo-nord.de\u00a0<\/a><\/span><\/strong><\/span><span style=\"color: #ff0000;\"><strong>zu entdecken !!<\/strong><\/span><\/h4>\n","protected":false},"excerpt":{"rendered":"<p>Gro\u00dfe Auswahl an B\u00fcchern in unseren beiden Weihnachts \u2013 Buch \u2013 Ausstellungen im EG f\u00fcr Kinder und im OG f\u00fcr Erwachsene. Mit vielen besinnlichen, nachdenklichen und interessanten Weihnachtsb\u00fcchern, die warten entdeckt und mitgenommen zu werden Auf den ersten Blick erscheint es nicht unbedingt originell, was sich das Team der Gemeindeb\u00fccherei Kastl f\u00fcr ihren Thementisch im &hellip; <\/p>\n<p><a class=\"more-link btn\" href=\"https:\/\/gemeindebuechereikastl.de\/?p=4462\">Weiterlesen<\/a><\/p>\n","protected":false},"author":1,"featured_media":4458,"comment_status":"closed","ping_status":"closed","sticky":false,"template":"","format":"standard","meta":{"footnotes":""},"categories":[5],"tags":[286,194,409,144,138],"class_list":["post-4462","post","type-post","status-publish","format-standard","has-post-thumbnail","hentry","category-news","tag-advent","tag-buchausstellung","tag-e-books","tag-leo-nord","tag-weihnachten","item-wrap"],"_links":{"self":[{"href":"https:\/\/gemeindebuechereikastl.de\/index.php?rest_route=\/wp\/v2\/posts\/4462","targetHints":{"allow":["GET"]}}],"collection":[{"href":"https:\/\/gemeindebuechereikastl.de\/index.php?rest_route=\/wp\/v2\/posts"}],"about":[{"href":"https:\/\/gemeindebuechereikastl.de\/index.php?rest_route=\/wp\/v2\/types\/post"}],"author":[{"embeddable":true,"href":"https:\/\/gemeindebuechereikastl.de\/index.php?rest_route=\/wp\/v2\/users\/1"}],"replies":[{"embeddable":true,"href":"https:\/\/gemeindebuechereikastl.de\/index.php?rest_route=%2Fwp%2Fv2%2Fcomments&post=4462"}],"version-history":[{"count":8,"href":"https:\/\/gemeindebuechereikastl.de\/index.php?rest_route=\/wp\/v2\/posts\/4462\/revisions"}],"predecessor-version":[{"id":4491,"href":"https:\/\/gemeindebuechereikastl.de\/index.php?rest_route=\/wp\/v2\/posts\/4462\/revisions\/4491"}],"wp:featuredmedia":[{"embeddable":true,"href":"https:\/\/gemeindebuechereikastl.de\/index.php?rest_route=\/wp\/v2\/media\/4458"}],"wp:attachment":[{"href":"https:\/\/gemeindebuechereikastl.de\/index.php?rest_route=%2Fwp%2Fv2%2Fmedia&parent=4462"}],"wp:term":[{"taxonomy":"category","embeddable":true,"href":"https:\/\/gemeindebuechereikastl.de\/index.php?rest_route=%2Fwp%2Fv2%2Fcategories&post=4462"},{"taxonomy":"post_tag","embeddable":true,"href":"https:\/\/gemeindebuechereikastl.de\/index.php?rest_route=%2Fwp%2Fv2%2Ftags&post=4462"}],"curies":[{"name":"wp","href":"https:\/\/api.w.org\/{rel}","templated":true}]}}