{"id":4485,"date":"2023-12-12T08:56:12","date_gmt":"2023-12-12T08:56:12","guid":{"rendered":"https:\/\/gemeindebuechereikastl.de\/?p=4485"},"modified":"2023-12-12T19:19:05","modified_gmt":"2023-12-12T19:19:05","slug":"bilderbuchkino-fuer-kinder-mit-dem-kleinen-gespenst","status":"publish","type":"post","link":"https:\/\/gemeindebuechereikastl.de\/?p=4485","title":{"rendered":"Bilderbuchkino f\u00fcr Kinder mit dem kleinen Gespenst"},"content":{"rendered":"<p><img loading=\"lazy\" decoding=\"async\" class=\"wp-image-4486 alignleft\" src=\"https:\/\/gemeindebuechereikastl.de\/wp-content\/uploads\/2023\/12\/kleine-Gespenst.jpg\" alt=\"\" width=\"234\" height=\"296\" srcset=\"https:\/\/gemeindebuechereikastl.de\/wp-content\/uploads\/2023\/12\/kleine-Gespenst.jpg 692w, https:\/\/gemeindebuechereikastl.de\/wp-content\/uploads\/2023\/12\/kleine-Gespenst-237x300.jpg 237w\" sizes=\"auto, (max-width: 234px) 100vw, 234px\" \/><\/p>\n<h2 style=\"text-align: center;\"><span style=\"color: #ff6600;\"><strong>Vorlesezeit mit dem Bilderbuchkino &#8222;Das kleine Gespenst&#8220; am Samstag, 16. Dezember <\/strong><\/span><span style=\"color: #ff6600;\"><strong>um 10.00 Uhr in der B\u00fccherei<br \/>\n<\/strong><\/span><\/h2>\n<p>Am kommenden Samstag, 16. Dezember um 10.00 Uhr ist es wieder soweit die n\u00e4chste Vorlesezeit in der B\u00fccherei steht an. Es gibt an diesem Samstag, das Bilderbuchkino <strong>&#8222;Das kleine Gespenst &#8211; Tohuwabohu auf Burg Eulenstein&#8220; <\/strong>zu h\u00f6ren und zu sehen!<\/p>\n<p>In der Burg des St\u00e4dtchens Eulenstein treibt das kleine Gespenst lustigen Unfug. P\u00fcnktlich um Mitternacht schl\u00fcpft das kleine Gespenst aus seiner Truhe und geistert durch das Schloss. Im Burgmuseum bestaunt es die Sch\u00e4tze. Es bleibt nicht beim Anschauen. Das wei\u00dfe, federleichte Wesen nimmt die Ausstellungsst\u00fccke in die Hand und spielt mit ihnen. Danach legt es sie wieder zur\u00fcck, leider nicht an ihren richtigen Platz. Das bleibt nicht unentdeckt.<img loading=\"lazy\" decoding=\"async\" class=\"alignright wp-image-4487 \" src=\"https:\/\/gemeindebuechereikastl.de\/wp-content\/uploads\/2023\/12\/Vorelsezeit-23-24-Neu-841x1206.jpg\" alt=\"\" width=\"229\" height=\"329\" srcset=\"https:\/\/gemeindebuechereikastl.de\/wp-content\/uploads\/2023\/12\/Vorelsezeit-23-24-Neu-841x1206.jpg 841w, https:\/\/gemeindebuechereikastl.de\/wp-content\/uploads\/2023\/12\/Vorelsezeit-23-24-Neu-209x300.jpg 209w, https:\/\/gemeindebuechereikastl.de\/wp-content\/uploads\/2023\/12\/Vorelsezeit-23-24-Neu-768x1101.jpg 768w, https:\/\/gemeindebuechereikastl.de\/wp-content\/uploads\/2023\/12\/Vorelsezeit-23-24-Neu-1072x1536.jpg 1072w, https:\/\/gemeindebuechereikastl.de\/wp-content\/uploads\/2023\/12\/Vorelsezeit-23-24-Neu-750x1075.jpg 750w, https:\/\/gemeindebuechereikastl.de\/wp-content\/uploads\/2023\/12\/Vorelsezeit-23-24-Neu.jpg 1195w\" sizes=\"auto, (max-width: 229px) 100vw, 229px\" \/><\/p>\n<p>Mit seinen\u00a0<strong>zauberhaften Geschichten<\/strong>\u00a0hat sich\u00a0<strong><a href=\"https:\/\/www.thienemann-esslinger.de\/autor\/otfried-preussler-48\">Otfried Preu\u00dfler<\/a><\/strong>\u00a0in die Herzen von Generationen von Kindern hineingeschrieben. Seine unverwechselbaren und liebenswerten Figuren wie der\u00a0<a href=\"https:\/\/www.thienemann-esslinger.de\/buchhelden\/raeuber-hotzenplotz\">R\u00e4uber Hotzenplotz<\/a>, die\u00a0<a href=\"https:\/\/www.thienemann-esslinger.de\/buchhelden\/die-kleine-hexe\">kleine Hexe<\/a>, das\u00a0<a href=\"https:\/\/www.thienemann-esslinger.de\/buchhelden\/das-kleine-gespenst\">kleine Gespenst<\/a>\u00a0und der\u00a0<a href=\"https:\/\/www.thienemann-esslinger.de\/buchhelden\/der-kleine-wassermann\">kleine Wassermann<\/a>\u00a0begeistern bis heute Kinder und Erwachsene. Zu seinem\u00a0<strong>100. Geburtstag\u00a0<\/strong>m\u00f6chten wir mit Dir seinen einzigartigen <strong>Geschichtenschatz\u00a0<\/strong>feiern!<br \/>\nDarum gibt es f\u00fcr alle Kinder das Bilderbuchkino <strong>&#8222;Das kleine Gespenst &#8211; Tohuwabohu auf Burg Eulenstein&#8220; um 10.00 Uhr in der B\u00fccherei zu h\u00f6ren und zu sehen!<\/strong><\/p>\n<p><strong>Die n\u00e4chste Vorlesezeit ist dann am Samstag, 20. Januar um 10.00 Uhr in der B\u00fccherei.<\/strong><\/p>\n","protected":false},"excerpt":{"rendered":"<p>Vorlesezeit mit dem Bilderbuchkino &#8222;Das kleine Gespenst&#8220; am Samstag, 16. Dezember um 10.00 Uhr in der B\u00fccherei Am kommenden Samstag, 16. Dezember um 10.00 Uhr ist es wieder soweit die n\u00e4chste Vorlesezeit in der B\u00fccherei steht an. Es gibt an diesem Samstag, das Bilderbuchkino &#8222;Das kleine Gespenst &#8211; Tohuwabohu auf Burg Eulenstein&#8220; zu h\u00f6ren und &hellip; <\/p>\n<p><a class=\"more-link btn\" href=\"https:\/\/gemeindebuechereikastl.de\/?p=4485\">Weiterlesen<\/a><\/p>\n","protected":false},"author":1,"featured_media":4486,"comment_status":"closed","ping_status":"closed","sticky":false,"template":"","format":"standard","meta":{"footnotes":""},"categories":[5],"tags":[540,539,534,173],"class_list":["post-4485","post","type-post","status-publish","format-standard","has-post-thumbnail","hentry","category-news","tag-bilderbuchkino","tag-gespenst","tag-vorlesefest","tag-vorlesezeit","item-wrap"],"_links":{"self":[{"href":"https:\/\/gemeindebuechereikastl.de\/index.php?rest_route=\/wp\/v2\/posts\/4485","targetHints":{"allow":["GET"]}}],"collection":[{"href":"https:\/\/gemeindebuechereikastl.de\/index.php?rest_route=\/wp\/v2\/posts"}],"about":[{"href":"https:\/\/gemeindebuechereikastl.de\/index.php?rest_route=\/wp\/v2\/types\/post"}],"author":[{"embeddable":true,"href":"https:\/\/gemeindebuechereikastl.de\/index.php?rest_route=\/wp\/v2\/users\/1"}],"replies":[{"embeddable":true,"href":"https:\/\/gemeindebuechereikastl.de\/index.php?rest_route=%2Fwp%2Fv2%2Fcomments&post=4485"}],"version-history":[{"count":6,"href":"https:\/\/gemeindebuechereikastl.de\/index.php?rest_route=\/wp\/v2\/posts\/4485\/revisions"}],"predecessor-version":[{"id":4494,"href":"https:\/\/gemeindebuechereikastl.de\/index.php?rest_route=\/wp\/v2\/posts\/4485\/revisions\/4494"}],"wp:featuredmedia":[{"embeddable":true,"href":"https:\/\/gemeindebuechereikastl.de\/index.php?rest_route=\/wp\/v2\/media\/4486"}],"wp:attachment":[{"href":"https:\/\/gemeindebuechereikastl.de\/index.php?rest_route=%2Fwp%2Fv2%2Fmedia&parent=4485"}],"wp:term":[{"taxonomy":"category","embeddable":true,"href":"https:\/\/gemeindebuechereikastl.de\/index.php?rest_route=%2Fwp%2Fv2%2Fcategories&post=4485"},{"taxonomy":"post_tag","embeddable":true,"href":"https:\/\/gemeindebuechereikastl.de\/index.php?rest_route=%2Fwp%2Fv2%2Ftags&post=4485"}],"curies":[{"name":"wp","href":"https:\/\/api.w.org\/{rel}","templated":true}]}}