{"id":4532,"date":"2024-01-06T15:38:04","date_gmt":"2024-01-06T15:38:04","guid":{"rendered":"https:\/\/gemeindebuechereikastl.de\/?p=4532"},"modified":"2024-01-06T15:40:12","modified_gmt":"2024-01-06T15:40:12","slug":"lesestoff-fuer-kalte-tage-in-der-buecherei","status":"publish","type":"post","link":"https:\/\/gemeindebuechereikastl.de\/?p=4532","title":{"rendered":"Lesestoff f\u00fcr Kalte Tage in der B\u00fccherei"},"content":{"rendered":"<h2 style=\"text-align: center;\"><span style=\"color: #ff6600;\"><strong>Eine gro\u00dfe Auswahl an fabelhaftem Lesestoff f\u00fcr Kalte Tage finden sie bei uns in der Gemeindeb\u00fccherei<\/strong><\/span><\/h2>\n<p><img loading=\"lazy\" decoding=\"async\" class=\"wp-image-4533 aligncenter\" src=\"https:\/\/gemeindebuechereikastl.de\/wp-content\/uploads\/2024\/01\/Lesestoff-1177x1206.jpg\" alt=\"\" width=\"695\" height=\"712\" srcset=\"https:\/\/gemeindebuechereikastl.de\/wp-content\/uploads\/2024\/01\/Lesestoff-1177x1206.jpg 1177w, https:\/\/gemeindebuechereikastl.de\/wp-content\/uploads\/2024\/01\/Lesestoff-293x300.jpg 293w, https:\/\/gemeindebuechereikastl.de\/wp-content\/uploads\/2024\/01\/Lesestoff-768x787.jpg 768w, https:\/\/gemeindebuechereikastl.de\/wp-content\/uploads\/2024\/01\/Lesestoff-1499x1536.jpg 1499w, https:\/\/gemeindebuechereikastl.de\/wp-content\/uploads\/2024\/01\/Lesestoff-1999x2048.jpg 1999w, https:\/\/gemeindebuechereikastl.de\/wp-content\/uploads\/2024\/01\/Lesestoff-750x768.jpg 750w\" sizes=\"auto, (max-width: 695px) 100vw, 695px\" \/><\/p>\n<p>Was gibt es Sch\u00f6neres, als sich an einem Winterabend mit einem guten Buch auf die Couch zu verziehen und in fremde, abenteuerliche und abwechslungsreiche Welten abzutauchen? Der Winter hat bereits begonnen und somit auch wieder die Zeit im Jahr, zu der man vermehrt liest. Die Leseexpertinnen vom B\u00fcchereiteam <img loading=\"lazy\" decoding=\"async\" class=\"alignleft wp-image-4534 \" src=\"https:\/\/gemeindebuechereikastl.de\/wp-content\/uploads\/2024\/01\/Obergeschoss-1603x1000.jpg\" alt=\"\" width=\"314\" height=\"196\" srcset=\"https:\/\/gemeindebuechereikastl.de\/wp-content\/uploads\/2024\/01\/Obergeschoss-1603x1000.jpg 1603w, https:\/\/gemeindebuechereikastl.de\/wp-content\/uploads\/2024\/01\/Obergeschoss-300x187.jpg 300w, https:\/\/gemeindebuechereikastl.de\/wp-content\/uploads\/2024\/01\/Obergeschoss-768x479.jpg 768w, https:\/\/gemeindebuechereikastl.de\/wp-content\/uploads\/2024\/01\/Obergeschoss-1536x959.jpg 1536w, https:\/\/gemeindebuechereikastl.de\/wp-content\/uploads\/2024\/01\/Obergeschoss-2048x1278.jpg 2048w, https:\/\/gemeindebuechereikastl.de\/wp-content\/uploads\/2024\/01\/Obergeschoss-750x468.jpg 750w\" sizes=\"auto, (max-width: 314px) 100vw, 314px\" \/>haben eine kleine Ausstellung mit lesenswerten B\u00fcchern f\u00fcr Sie zusammengestellt. Neben diesen gibt es nat\u00fcrlich noch weitere viele gro\u00dfartige B\u00fccher bei uns in der B\u00fccherei zum Entdecken.<\/p>\n<p><strong>Kommen sie einfach zu unseren \u00d6ffnungszeiten vorbei und entdecken ihr Lieblingsbuch. Sie k\u00f6nnen sich auch hier auf unserer Homepage vorab in unserem <a href=\"https:\/\/iopac.gemeindebuechereikastl.de\/iopac\/\"><span style=\"color: #800000;\">Online-Katalog<\/span><\/a> informieren. <\/strong><a href=\"https:\/\/leo-nord.onleihe.de\/\"><img loading=\"lazy\" decoding=\"async\" class=\"wp-image-77 alignright\" src=\"https:\/\/gemeindebuechereikastl.de\/wp-content\/uploads\/2018\/01\/Leo-nord.jpg\" alt=\"\" width=\"84\" height=\"83\" srcset=\"https:\/\/gemeindebuechereikastl.de\/wp-content\/uploads\/2018\/01\/Leo-nord.jpg 230w, https:\/\/gemeindebuechereikastl.de\/wp-content\/uploads\/2018\/01\/Leo-nord-150x150.jpg 150w, https:\/\/gemeindebuechereikastl.de\/wp-content\/uploads\/2018\/01\/Leo-nord-60x60.jpg 60w\" sizes=\"auto, (max-width: 84px) 100vw, 84px\" \/><\/a><\/p>\n<p><strong>Auch die M\u00f6glichkeit seine Lieblingsb\u00fccher als E-Book zu lesen, besteht bei uns in der B\u00fccherei unter <a href=\"https:\/\/leo-nord.onleihe.de\/\"><span style=\"color: #ff0000;\">LEO-NORD<\/span><\/a>. F\u00fcr alle Leserinnen und Leser der Gemeindeb\u00fccherei Kastl ist dieser Service kostenlos!<\/strong><\/p>\n<p>&nbsp;<\/p>\n","protected":false},"excerpt":{"rendered":"<p>Eine gro\u00dfe Auswahl an fabelhaftem Lesestoff f\u00fcr Kalte Tage finden sie bei uns in der Gemeindeb\u00fccherei Was gibt es Sch\u00f6neres, als sich an einem Winterabend mit einem guten Buch auf die Couch zu verziehen und in fremde, abenteuerliche und abwechslungsreiche Welten abzutauchen? Der Winter hat bereits begonnen und somit auch wieder die Zeit im Jahr, &hellip; <\/p>\n<p><a class=\"more-link btn\" href=\"https:\/\/gemeindebuechereikastl.de\/?p=4532\">Weiterlesen<\/a><\/p>\n","protected":false},"author":1,"featured_media":4533,"comment_status":"closed","ping_status":"closed","sticky":false,"template":"","format":"standard","meta":{"footnotes":""},"categories":[5],"tags":[11,544,162],"class_list":["post-4532","post","type-post","status-publish","format-standard","has-post-thumbnail","hentry","category-news","tag-buecherei","tag-kalte-tage","tag-lesestoff","item-wrap"],"_links":{"self":[{"href":"https:\/\/gemeindebuechereikastl.de\/index.php?rest_route=\/wp\/v2\/posts\/4532","targetHints":{"allow":["GET"]}}],"collection":[{"href":"https:\/\/gemeindebuechereikastl.de\/index.php?rest_route=\/wp\/v2\/posts"}],"about":[{"href":"https:\/\/gemeindebuechereikastl.de\/index.php?rest_route=\/wp\/v2\/types\/post"}],"author":[{"embeddable":true,"href":"https:\/\/gemeindebuechereikastl.de\/index.php?rest_route=\/wp\/v2\/users\/1"}],"replies":[{"embeddable":true,"href":"https:\/\/gemeindebuechereikastl.de\/index.php?rest_route=%2Fwp%2Fv2%2Fcomments&post=4532"}],"version-history":[{"count":3,"href":"https:\/\/gemeindebuechereikastl.de\/index.php?rest_route=\/wp\/v2\/posts\/4532\/revisions"}],"predecessor-version":[{"id":4537,"href":"https:\/\/gemeindebuechereikastl.de\/index.php?rest_route=\/wp\/v2\/posts\/4532\/revisions\/4537"}],"wp:featuredmedia":[{"embeddable":true,"href":"https:\/\/gemeindebuechereikastl.de\/index.php?rest_route=\/wp\/v2\/media\/4533"}],"wp:attachment":[{"href":"https:\/\/gemeindebuechereikastl.de\/index.php?rest_route=%2Fwp%2Fv2%2Fmedia&parent=4532"}],"wp:term":[{"taxonomy":"category","embeddable":true,"href":"https:\/\/gemeindebuechereikastl.de\/index.php?rest_route=%2Fwp%2Fv2%2Fcategories&post=4532"},{"taxonomy":"post_tag","embeddable":true,"href":"https:\/\/gemeindebuechereikastl.de\/index.php?rest_route=%2Fwp%2Fv2%2Ftags&post=4532"}],"curies":[{"name":"wp","href":"https:\/\/api.w.org\/{rel}","templated":true}]}}