{"id":4547,"date":"2024-01-17T15:17:49","date_gmt":"2024-01-17T15:17:49","guid":{"rendered":"https:\/\/gemeindebuechereikastl.de\/?p=4547"},"modified":"2024-01-17T15:22:07","modified_gmt":"2024-01-17T15:22:07","slug":"vorlesezeit-mit-dem-maerchen-peterchens-mondfahrt","status":"publish","type":"post","link":"https:\/\/gemeindebuechereikastl.de\/?p=4547","title":{"rendered":"Vorlesezeit mit dem M\u00e4rchen &#8211; Peterchens Mondfahrt"},"content":{"rendered":"<h2 style=\"text-align: center;\"><span style=\"color: #ff6600;\"><strong>Die Geschichte von &#8222;Peterchens Mondfahrt&#8220; ist f\u00fcr alle Kinder ab 4 Jahren bei der Vorlesezeit am Samstag, 20. Januar ab 10.00 Uhr in der Kastler B\u00fccherei zu erleben<img loading=\"lazy\" decoding=\"async\" class=\"alignleft wp-image-4548 size-full\" src=\"https:\/\/gemeindebuechereikastl.de\/wp-content\/uploads\/2024\/01\/Peterchens.jpg\" alt=\"\" width=\"352\" height=\"500\" srcset=\"https:\/\/gemeindebuechereikastl.de\/wp-content\/uploads\/2024\/01\/Peterchens.jpg 352w, https:\/\/gemeindebuechereikastl.de\/wp-content\/uploads\/2024\/01\/Peterchens-211x300.jpg 211w\" sizes=\"auto, (max-width: 352px) 100vw, 352px\" \/><\/strong><\/span><\/h2>\n<p>Die Abenteuer von Peter, Anneliese und Maik\u00e4fer Sumsemann haben schon unz\u00e4hlige Kinder verzaubert.<\/p>\n<p>Peterchens Mondfahrt ist ein Kinderbuchklassiker und ein M\u00e4rchen f\u00fcr Kinder von Gerdt von Bassewitz. Es handelt von den Abenteuern des Maik\u00e4fers Herrn Sumsemann, der zusammen mit den Menschenkindern Peter und Anneliese zum Mond fliegt, um von dort sein verlorengegangenes sechstes Beinchen zu holen.<\/p>\n<p>Ob der Maik\u00e4fer Sumsemann es schafft zum Mond zu fliegen und sein sechstes Bein zu holen und welche Abenteuer die drei erleben k\u00f6nnen alle Kinder ab 4 Jahren bei der Lesezeit in der Gemeindeb\u00fccherei erleben.<\/p>\n<p><strong>Die Lesezeit am Samstag, 20. Januar beginnt um 10.00 Uhr in der B\u00fccherei und Gabi Klett-Gahnem wird als Lesepatin die Geschichte von Peterchens Mondfahrt erz\u00e4hlen. Der Eintritt ist frei. <\/strong><\/p>\n","protected":false},"excerpt":{"rendered":"<p>Die Geschichte von &#8222;Peterchens Mondfahrt&#8220; ist f\u00fcr alle Kinder ab 4 Jahren bei der Vorlesezeit am Samstag, 20. Januar ab 10.00 Uhr in der Kastler B\u00fccherei zu erleben Die Abenteuer von Peter, Anneliese und Maik\u00e4fer Sumsemann haben schon unz\u00e4hlige Kinder verzaubert. Peterchens Mondfahrt ist ein Kinderbuchklassiker und ein M\u00e4rchen f\u00fcr Kinder von Gerdt von Bassewitz. &hellip; <\/p>\n<p><a class=\"more-link btn\" href=\"https:\/\/gemeindebuechereikastl.de\/?p=4547\">Weiterlesen<\/a><\/p>\n","protected":false},"author":1,"featured_media":4548,"comment_status":"closed","ping_status":"closed","sticky":false,"template":"","format":"standard","meta":{"footnotes":""},"categories":[5],"tags":[381,240,546,80,173],"class_list":["post-4547","post","type-post","status-publish","format-standard","has-post-thumbnail","hentry","category-news","tag-kinderbuch","tag-maerchen","tag-peterchens-mondfahrt","tag-vorlesen","tag-vorlesezeit","item-wrap"],"_links":{"self":[{"href":"https:\/\/gemeindebuechereikastl.de\/index.php?rest_route=\/wp\/v2\/posts\/4547","targetHints":{"allow":["GET"]}}],"collection":[{"href":"https:\/\/gemeindebuechereikastl.de\/index.php?rest_route=\/wp\/v2\/posts"}],"about":[{"href":"https:\/\/gemeindebuechereikastl.de\/index.php?rest_route=\/wp\/v2\/types\/post"}],"author":[{"embeddable":true,"href":"https:\/\/gemeindebuechereikastl.de\/index.php?rest_route=\/wp\/v2\/users\/1"}],"replies":[{"embeddable":true,"href":"https:\/\/gemeindebuechereikastl.de\/index.php?rest_route=%2Fwp%2Fv2%2Fcomments&post=4547"}],"version-history":[{"count":4,"href":"https:\/\/gemeindebuechereikastl.de\/index.php?rest_route=\/wp\/v2\/posts\/4547\/revisions"}],"predecessor-version":[{"id":4552,"href":"https:\/\/gemeindebuechereikastl.de\/index.php?rest_route=\/wp\/v2\/posts\/4547\/revisions\/4552"}],"wp:featuredmedia":[{"embeddable":true,"href":"https:\/\/gemeindebuechereikastl.de\/index.php?rest_route=\/wp\/v2\/media\/4548"}],"wp:attachment":[{"href":"https:\/\/gemeindebuechereikastl.de\/index.php?rest_route=%2Fwp%2Fv2%2Fmedia&parent=4547"}],"wp:term":[{"taxonomy":"category","embeddable":true,"href":"https:\/\/gemeindebuechereikastl.de\/index.php?rest_route=%2Fwp%2Fv2%2Fcategories&post=4547"},{"taxonomy":"post_tag","embeddable":true,"href":"https:\/\/gemeindebuechereikastl.de\/index.php?rest_route=%2Fwp%2Fv2%2Ftags&post=4547"}],"curies":[{"name":"wp","href":"https:\/\/api.w.org\/{rel}","templated":true}]}}