{"id":4558,"date":"2024-02-11T15:09:30","date_gmt":"2024-02-11T15:09:30","guid":{"rendered":"https:\/\/gemeindebuechereikastl.de\/?p=4558"},"modified":"2024-02-11T15:29:43","modified_gmt":"2024-02-11T15:29:43","slug":"wolfgang-krebs-bei-den-lebenslinien-am-12-febraur-um-22-00-uhr-im-br-fernsehen-und-am-18-oktober-bei-uns","status":"publish","type":"post","link":"https:\/\/gemeindebuechereikastl.de\/?p=4558","title":{"rendered":"Wolfgang Krebs bei den \u201eLebenslinien\u201c am 12. Febraur um 22.00 Uhr im BR Fernsehen und am 18. Oktober bei uns!"},"content":{"rendered":"<h2 style=\"text-align: center;\"><span style=\"color: #ff6600;\"><strong>Wolfgang Krebs \u00b7 Stoiber, Seehofer, S\u00f6der bei den \u201eLebenslinien\u201c am Montag, 12. Februar um 22.00 Uhr im BR und wir treffen Sie alle am 18. Oktober um 20.00 bei uns <\/strong><\/span><span style=\"color: #ff6600;\"><strong>in Kastl<\/strong><\/span><\/h2>\n<p><img loading=\"lazy\" decoding=\"async\" class=\"wp-image-4559 aligncenter\" src=\"https:\/\/gemeindebuechereikastl.de\/wp-content\/uploads\/2024\/02\/Wolfgang-Krebs.jpg\" alt=\"\" width=\"704\" height=\"483\" srcset=\"https:\/\/gemeindebuechereikastl.de\/wp-content\/uploads\/2024\/02\/Wolfgang-Krebs.jpg 930w, https:\/\/gemeindebuechereikastl.de\/wp-content\/uploads\/2024\/02\/Wolfgang-Krebs-300x206.jpg 300w, https:\/\/gemeindebuechereikastl.de\/wp-content\/uploads\/2024\/02\/Wolfgang-Krebs-768x527.jpg 768w, https:\/\/gemeindebuechereikastl.de\/wp-content\/uploads\/2024\/02\/Wolfgang-Krebs-750x515.jpg 750w\" sizes=\"auto, (max-width: 704px) 100vw, 704px\" \/><\/p>\n<p>Edmund S., Ministerpr\u00e4sident des ehemaligen Bayern, hat es schon immer gewusst: Bayern, das beste\u00a0 Bundesland von allen, legt sich mehr ins Zeug als alle anderen zusammen! Und was hat es davon? Es finanziert die anderen mit! Immer wieder hat er davon getr\u00e4umt, Bayern selbst\u00e4ndig zu machen. Bayern als das England der Bundesrepublik! Weg von Rest-Deutschland! Sense mit dem F\u00f6deralismus! \u201eBavaria first\u201c. Der Traum wird Wahrheit. Zumindest als Illusion.<\/p>\n<p>Wer sitzt im Kabinett, wie ist das Verh\u00e4ltnis zu den befreundeten Staaten \u00d6sterreich und Baden-W\u00fcrttemberg? Wird man am Ende des Abends und des Traumes sagen: Ach ja, das w\u00e4re sch\u00f6n! Oder doch vielmehr: Gott sei Dank nur ein Traum.<\/p>\n<h4 style=\"text-align: center;\"><span style=\"color: #ff0000;\"><strong>Wolfgang Krebs ist mit seinem neuen Kabarett-Programm &#8222;Bavaria first&#8220; am Freitag,<br \/>\n18. Oktober bei uns in Kastl zu Gast. Der Kartenvorverkauf beginnt am 1. September &#8211; Es sind keine Vorreservierungen m\u00f6glich!<\/strong><\/span><\/h4>\n<h4><span style=\"color: #800000;\"><strong><a href=\"https:\/\/ardmediathek.de\/video\/Y3JpZDovL2JyLmRlL3ZpZGVvLzRmZjc0YzBjLTMwZDItNDk2Yy1iNGQ3LTUwYTQxMDFmNDYxZA\"><img loading=\"lazy\" decoding=\"async\" class=\"alignleft wp-image-4560 \" src=\"https:\/\/gemeindebuechereikastl.de\/wp-content\/uploads\/2024\/02\/Lebenslinnien.jpg\" alt=\"\" width=\"236\" height=\"243\" srcset=\"https:\/\/gemeindebuechereikastl.de\/wp-content\/uploads\/2024\/02\/Lebenslinnien.jpg 309w, https:\/\/gemeindebuechereikastl.de\/wp-content\/uploads\/2024\/02\/Lebenslinnien-292x300.jpg 292w\" sizes=\"auto, (max-width: 236px) 100vw, 236px\" \/><\/a><\/strong><\/span><\/h4>\n<h4 style=\"text-align: center;\"><span style=\"color: #800000;\">Das BR Fernsehen zeigt den Werdegang des bekannten Kabarettisten in der Senderreihe &#8222;Lebenslinien&#8220;<\/span><\/h4>\n<h4 style=\"text-align: center;\"><span style=\"color: #800000;\"><strong> &#8222;Wolfgang Krebs \u2013 Stoiber, Seehofer, S\u00f6der und ich&#8220; am<br \/>\n12. Februar um 22.00 Uhr im BR<br \/>\n<\/strong><\/span><\/h4>\n<h4 style=\"text-align: center;\"><span style=\"color: #800000;\"><a style=\"color: #800000;\" href=\"https:\/\/ardmediathek.de\/video\/Y3JpZDovL2JyLmRlL3ZpZGVvLzRmZjc0YzBjLTMwZDItNDk2Yy1iNGQ3LTUwYTQxMDFmNDYxZA\"><strong><span style=\"color: #ff0000;\">Die Sendung ist nach der Ausstrahlung 12 Monate lang in der ARD Mediathek unter diesem Link zu finden.\u00a0<\/span><\/strong><\/a><\/span><\/h4>\n","protected":false},"excerpt":{"rendered":"<p>Wolfgang Krebs \u00b7 Stoiber, Seehofer, S\u00f6der bei den \u201eLebenslinien\u201c am Montag, 12. Februar um 22.00 Uhr im BR und wir treffen Sie alle am 18. Oktober um 20.00 bei uns in Kastl Edmund S., Ministerpr\u00e4sident des ehemaligen Bayern, hat es schon immer gewusst: Bayern, das beste\u00a0 Bundesland von allen, legt sich mehr ins Zeug als &hellip; <\/p>\n<p><a class=\"more-link btn\" href=\"https:\/\/gemeindebuechereikastl.de\/?p=4558\">Weiterlesen<\/a><\/p>\n","protected":false},"author":1,"featured_media":4559,"comment_status":"closed","ping_status":"closed","sticky":false,"template":"","format":"standard","meta":{"footnotes":""},"categories":[5],"tags":[549,550,548],"class_list":["post-4558","post","type-post","status-publish","format-standard","has-post-thumbnail","hentry","category-news","tag-kabarettist","tag-lebenslinien","tag-wolfagan-krebs","item-wrap"],"_links":{"self":[{"href":"https:\/\/gemeindebuechereikastl.de\/index.php?rest_route=\/wp\/v2\/posts\/4558","targetHints":{"allow":["GET"]}}],"collection":[{"href":"https:\/\/gemeindebuechereikastl.de\/index.php?rest_route=\/wp\/v2\/posts"}],"about":[{"href":"https:\/\/gemeindebuechereikastl.de\/index.php?rest_route=\/wp\/v2\/types\/post"}],"author":[{"embeddable":true,"href":"https:\/\/gemeindebuechereikastl.de\/index.php?rest_route=\/wp\/v2\/users\/1"}],"replies":[{"embeddable":true,"href":"https:\/\/gemeindebuechereikastl.de\/index.php?rest_route=%2Fwp%2Fv2%2Fcomments&post=4558"}],"version-history":[{"count":5,"href":"https:\/\/gemeindebuechereikastl.de\/index.php?rest_route=\/wp\/v2\/posts\/4558\/revisions"}],"predecessor-version":[{"id":4565,"href":"https:\/\/gemeindebuechereikastl.de\/index.php?rest_route=\/wp\/v2\/posts\/4558\/revisions\/4565"}],"wp:featuredmedia":[{"embeddable":true,"href":"https:\/\/gemeindebuechereikastl.de\/index.php?rest_route=\/wp\/v2\/media\/4559"}],"wp:attachment":[{"href":"https:\/\/gemeindebuechereikastl.de\/index.php?rest_route=%2Fwp%2Fv2%2Fmedia&parent=4558"}],"wp:term":[{"taxonomy":"category","embeddable":true,"href":"https:\/\/gemeindebuechereikastl.de\/index.php?rest_route=%2Fwp%2Fv2%2Fcategories&post=4558"},{"taxonomy":"post_tag","embeddable":true,"href":"https:\/\/gemeindebuechereikastl.de\/index.php?rest_route=%2Fwp%2Fv2%2Ftags&post=4558"}],"curies":[{"name":"wp","href":"https:\/\/api.w.org\/{rel}","templated":true}]}}