{"id":4580,"date":"2024-02-21T08:18:14","date_gmt":"2024-02-21T08:18:14","guid":{"rendered":"https:\/\/gemeindebuechereikastl.de\/?p=4580"},"modified":"2024-02-21T08:21:27","modified_gmt":"2024-02-21T08:21:27","slug":"intersierte-kinder-bei-der-vorleszeit-mit-dem-fisch-swimmy","status":"publish","type":"post","link":"https:\/\/gemeindebuechereikastl.de\/?p=4580","title":{"rendered":"Intersierte Kinder bei der Vorleszeit mit dem Fisch Swimmy"},"content":{"rendered":"<h2 style=\"text-align: center;\"><span style=\"color: #ff6600;\"><strong>Die Kinder waren bei der Vorlesezeit mit Lesepatin Monika Breunig und der Geschichte vom Fisch Swimmy begeistert<\/strong><\/span><\/h2>\n<p><img loading=\"lazy\" decoding=\"async\" class=\"aligncenter wp-image-4581 \" src=\"https:\/\/gemeindebuechereikastl.de\/wp-content\/uploads\/2024\/02\/Swimmy-1-1603x902.jpg\" alt=\"\" width=\"693\" height=\"390\" srcset=\"https:\/\/gemeindebuechereikastl.de\/wp-content\/uploads\/2024\/02\/Swimmy-1-1603x902.jpg 1603w, https:\/\/gemeindebuechereikastl.de\/wp-content\/uploads\/2024\/02\/Swimmy-1-300x169.jpg 300w, https:\/\/gemeindebuechereikastl.de\/wp-content\/uploads\/2024\/02\/Swimmy-1-768x432.jpg 768w, https:\/\/gemeindebuechereikastl.de\/wp-content\/uploads\/2024\/02\/Swimmy-1-1536x865.jpg 1536w, https:\/\/gemeindebuechereikastl.de\/wp-content\/uploads\/2024\/02\/Swimmy-1-2048x1153.jpg 2048w, https:\/\/gemeindebuechereikastl.de\/wp-content\/uploads\/2024\/02\/Swimmy-1-750x422.jpg 750w\" sizes=\"auto, (max-width: 693px) 100vw, 693px\" \/><\/p>\n<p>Viele Kinder waren bei der Geschichte von &#8222;Swimmy&#8220; bei der Vorlesezeit im Februar in der Kastler B\u00fccherei begeistert.\u00a0 Der Klassiker von Leo Lionni: Swimmy, der kleine Fisch, als gro\u00dfer Retter in der Not! &#8222;Kommt mit ins gro\u00dfe Meer!&#8220;, ruft Swimmy den kleinen roten Fischen zu. &#8222;Ich will euch viele Wunder zeigen!&#8220;<\/p>\n<p><img loading=\"lazy\" decoding=\"async\" class=\"alignright wp-image-4567 \" src=\"https:\/\/gemeindebuechereikastl.de\/wp-content\/uploads\/2024\/02\/swimmy-909x1206.jpg\" alt=\"\" width=\"225\" height=\"298\" srcset=\"https:\/\/gemeindebuechereikastl.de\/wp-content\/uploads\/2024\/02\/swimmy-909x1206.jpg 909w, https:\/\/gemeindebuechereikastl.de\/wp-content\/uploads\/2024\/02\/swimmy-226x300.jpg 226w, https:\/\/gemeindebuechereikastl.de\/wp-content\/uploads\/2024\/02\/swimmy-768x1019.jpg 768w, https:\/\/gemeindebuechereikastl.de\/wp-content\/uploads\/2024\/02\/swimmy-750x995.jpg 750w, https:\/\/gemeindebuechereikastl.de\/wp-content\/uploads\/2024\/02\/swimmy.jpg 945w\" sizes=\"auto, (max-width: 225px) 100vw, 225px\" \/>Der winzige, aber kluge Fisch Swimmy will ins gro\u00dfe Meer hinaus. Denn dort warten die Wunder! Die kleinen roten Fische aber haben Angst vor den riesigen Fischen dort drau\u00dfen. Swimmy \u00fcberlegt und \u00fcberlegt. Und endlich hat er eine Idee. &#8222;Ich hab&#8217;s!&#8220;, ruft er fr\u00f6hlich. &#8222;Lasst uns etwas ausprobieren.&#8220;<\/p>\n<p>Wie der kluge Fisch Swimmy dies macht und was f\u00fcr eine Idee ist, die er es auszuprobieren will, konnten die Kinder mit der 3. B\u00fcrgermeisterin Monika Breunig als Lesepaten erleben.<\/p>\n<p>Sie erz\u00e4hlte und zeigt auch immer wieder Bilder des sch\u00f6nen Buches. Fazit ist, &#8222;Ich hab&#8217;s!&#8220;, ruft er fr\u00f6hlich. &#8222;Lasst uns etwas ausprobieren.&#8220; Und schon bald schwimmt der Schwarm kleiner Fische in Form eines Riesenfisches in das weite Meer hinaus. Und wirklich &#8211; die Riesenfische wagen nicht, in ihre N\u00e4he zu kommen. Und so schwimmen noch heute viele kleine Fische, getarnt als Riesenfisch, gl\u00fccklich durch das Meer. Nach dem Vorlesen konnten die Kinder noch Bilder von der Geschichte ausmalen und auch mit nach Hause nehmen.<\/p>\n<p style=\"text-align: center;\"><strong><span style=\"color: #800000;\">Bei der n\u00e4chsten Vorlesezeit am 16. M\u00e4rz gibt es ein Kamishibai Theater mit dem Bilderbuch \u201cWie Findus zu Petterson kam\u201c aus der Feder von Sven Nordquist zu h\u00f6ren und zu sehen<\/span><\/strong><\/p>\n","protected":false},"excerpt":{"rendered":"<p>Die Kinder waren bei der Vorlesezeit mit Lesepatin Monika Breunig und der Geschichte vom Fisch Swimmy begeistert Viele Kinder waren bei der Geschichte von &#8222;Swimmy&#8220; bei der Vorlesezeit im Februar in der Kastler B\u00fccherei begeistert.\u00a0 Der Klassiker von Leo Lionni: Swimmy, der kleine Fisch, als gro\u00dfer Retter in der Not! &#8222;Kommt mit ins gro\u00dfe Meer!&#8220;, &hellip; <\/p>\n<p><a class=\"more-link btn\" href=\"https:\/\/gemeindebuechereikastl.de\/?p=4580\">Weiterlesen<\/a><\/p>\n","protected":false},"author":1,"featured_media":4581,"comment_status":"closed","ping_status":"closed","sticky":false,"template":"","format":"standard","meta":{"footnotes":""},"categories":[5],"tags":[83,553,551,173],"class_list":["post-4580","post","type-post","status-publish","format-standard","has-post-thumbnail","hentry","category-news","tag-bilderbuch","tag-monika-breunig","tag-swimmy","tag-vorlesezeit","item-wrap"],"_links":{"self":[{"href":"https:\/\/gemeindebuechereikastl.de\/index.php?rest_route=\/wp\/v2\/posts\/4580","targetHints":{"allow":["GET"]}}],"collection":[{"href":"https:\/\/gemeindebuechereikastl.de\/index.php?rest_route=\/wp\/v2\/posts"}],"about":[{"href":"https:\/\/gemeindebuechereikastl.de\/index.php?rest_route=\/wp\/v2\/types\/post"}],"author":[{"embeddable":true,"href":"https:\/\/gemeindebuechereikastl.de\/index.php?rest_route=\/wp\/v2\/users\/1"}],"replies":[{"embeddable":true,"href":"https:\/\/gemeindebuechereikastl.de\/index.php?rest_route=%2Fwp%2Fv2%2Fcomments&post=4580"}],"version-history":[{"count":2,"href":"https:\/\/gemeindebuechereikastl.de\/index.php?rest_route=\/wp\/v2\/posts\/4580\/revisions"}],"predecessor-version":[{"id":4583,"href":"https:\/\/gemeindebuechereikastl.de\/index.php?rest_route=\/wp\/v2\/posts\/4580\/revisions\/4583"}],"wp:featuredmedia":[{"embeddable":true,"href":"https:\/\/gemeindebuechereikastl.de\/index.php?rest_route=\/wp\/v2\/media\/4581"}],"wp:attachment":[{"href":"https:\/\/gemeindebuechereikastl.de\/index.php?rest_route=%2Fwp%2Fv2%2Fmedia&parent=4580"}],"wp:term":[{"taxonomy":"category","embeddable":true,"href":"https:\/\/gemeindebuechereikastl.de\/index.php?rest_route=%2Fwp%2Fv2%2Fcategories&post=4580"},{"taxonomy":"post_tag","embeddable":true,"href":"https:\/\/gemeindebuechereikastl.de\/index.php?rest_route=%2Fwp%2Fv2%2Ftags&post=4580"}],"curies":[{"name":"wp","href":"https:\/\/api.w.org\/{rel}","templated":true}]}}