{"id":4596,"date":"2024-03-02T10:32:42","date_gmt":"2024-03-02T10:32:42","guid":{"rendered":"https:\/\/gemeindebuechereikastl.de\/?p=4596"},"modified":"2024-03-02T10:45:52","modified_gmt":"2024-03-02T10:45:52","slug":"rueckblick-und-zukunft-themen-bei-der-kuratoriumssizung-in-der-buecherei","status":"publish","type":"post","link":"https:\/\/gemeindebuechereikastl.de\/?p=4596","title":{"rendered":"R\u00fcckblick und Zukunft waren Themen bei der Kuratoriumssitzung in der B\u00fccherei"},"content":{"rendered":"<h2 style=\"text-align: center;\"><span style=\"color: #ff6600;\"><strong>Bei der j\u00e4hrlichen Kuratoriumssitzung Information \u00fcber Kastler B\u00fcchereiarbeit &#8211; Beratung \u00fcber neuen Vertrag zwischen Gemeinde und Pfarrei f\u00fcr die Zukunft der Gemeindeb\u00fccherei Kastl<\/strong><\/span><\/h2>\n<p style=\"text-align: center;\">Von einem gro\u00dfarteigenen Einsatz des B\u00fcchereiteams mit \u00fcber 3500 ehrenamtlichen Stunden im Jahr 2023 konnten B\u00fcchereileiter Georg D\u00fcrr und Christa Kastner vom Leitungsteam der Gemeindeb\u00fccherei Kastl in der Kuratoriumssitzung mit den Vertretern der beiden Tr\u00e4ger der B\u00fccherei, Pfarrer Johannes Arweck und B\u00fcrgermeister Stefan Braun berichten. Da in K\u00fcrze auch ein neuer Vertrag f\u00fcr die weitere Zukunft der Kastler B\u00fccherei ausgearbeitet werden muss, war auch Di\u00f6zesanbibliothekarin Martha Gottschalk zu Gast.<\/p>\n<p><img loading=\"lazy\" decoding=\"async\" class=\"wp-image-4597 alignnone\" src=\"https:\/\/gemeindebuechereikastl.de\/wp-content\/uploads\/2024\/03\/Kuratoriumssitzung-Kastl-1603x1101.jpg\" alt=\"\" width=\"737\" height=\"506\" srcset=\"https:\/\/gemeindebuechereikastl.de\/wp-content\/uploads\/2024\/03\/Kuratoriumssitzung-Kastl-1603x1101.jpg 1603w, https:\/\/gemeindebuechereikastl.de\/wp-content\/uploads\/2024\/03\/Kuratoriumssitzung-Kastl-300x206.jpg 300w, https:\/\/gemeindebuechereikastl.de\/wp-content\/uploads\/2024\/03\/Kuratoriumssitzung-Kastl-768x528.jpg 768w, https:\/\/gemeindebuechereikastl.de\/wp-content\/uploads\/2024\/03\/Kuratoriumssitzung-Kastl-1536x1055.jpg 1536w, https:\/\/gemeindebuechereikastl.de\/wp-content\/uploads\/2024\/03\/Kuratoriumssitzung-Kastl-2048x1407.jpg 2048w, https:\/\/gemeindebuechereikastl.de\/wp-content\/uploads\/2024\/03\/Kuratoriumssitzung-Kastl-750x515.jpg 750w\" sizes=\"auto, (max-width: 737px) 100vw, 737px\" \/><\/p>\n<p style=\"text-align: left;\">Auch konnte D\u00fcrr wieder von einem erfolgreichen B\u00fcchereijahr berichten. Summarisch konnte man im vergangenen Jahr an die 5700 Besucher in der B\u00fccherei und bei den Veranstaltungen der B\u00fccherei begr\u00fc\u00dfen und nochmals fast 95.000 Zugriffe auf die Homepage der B\u00fccherei konnten gez\u00e4hlt werden. Zu der gro\u00dfen Zahl der Benutzer kamen 74 neue Leser dazu. Allen Interessenten stehen in der Kastler B\u00fccherei 9613 B\u00fccher und Medien in der B\u00fccherei selbst und nochmals fast 30.000 <img loading=\"lazy\" decoding=\"async\" class=\"wp-image-4602 alignleft\" src=\"https:\/\/gemeindebuechereikastl.de\/wp-content\/uploads\/2024\/03\/Besuch-Clown-1603x1134.jpg\" alt=\"\" width=\"281\" height=\"199\" srcset=\"https:\/\/gemeindebuechereikastl.de\/wp-content\/uploads\/2024\/03\/Besuch-Clown-1603x1134.jpg 1603w, https:\/\/gemeindebuechereikastl.de\/wp-content\/uploads\/2024\/03\/Besuch-Clown-300x212.jpg 300w, https:\/\/gemeindebuechereikastl.de\/wp-content\/uploads\/2024\/03\/Besuch-Clown-768x543.jpg 768w, https:\/\/gemeindebuechereikastl.de\/wp-content\/uploads\/2024\/03\/Besuch-Clown-1536x1087.jpg 1536w, https:\/\/gemeindebuechereikastl.de\/wp-content\/uploads\/2024\/03\/Besuch-Clown-2048x1449.jpg 2048w, https:\/\/gemeindebuechereikastl.de\/wp-content\/uploads\/2024\/03\/Besuch-Clown-750x531.jpg 750w\" sizes=\"auto, (max-width: 281px) 100vw, 281px\" \/>E-Books virtuell im Onleihe Verbund Leo Nord zur Verf\u00fcgung.<\/p>\n<p style=\"text-align: left;\"><span style=\"color: #333333;\">Nicht nur von gro\u00dfartigen Zahlen wie die \u00fcber 16.600 Entleihungen, sondern auch von gro\u00dfartigen Veranstaltungen wurde berichten. Waren dies die die b<\/span><span style=\"color: #333333;\">eiden Leserfahrten zu den Luisenburg Festspie<\/span><span style=\"color: #333333;\">len die Teilnahme am Feuerw<\/span><span style=\"color: #333333;\">ehrfest mit Verkaufsstand und B\u00fccherflohmarkt, sowie auch die monatlichen Lesezeiten f\u00fcr Kinder in der B\u00fccherei und der Tag der offenen mit einem Besuch eines Clowns am Nachmittag. Das gro\u00dfe Highlight 2023 war das <\/span><img loading=\"lazy\" decoding=\"async\" class=\"wp-image-4080 alignright\" src=\"https:\/\/gemeindebuechereikastl.de\/wp-content\/uploads\/2023\/06\/Konzert-Monika-Drasch-1603x902.jpg\" alt=\"\" width=\"319\" height=\"179\" srcset=\"https:\/\/gemeindebuechereikastl.de\/wp-content\/uploads\/2023\/06\/Konzert-Monika-Drasch-1603x902.jpg 1603w, https:\/\/gemeindebuechereikastl.de\/wp-content\/uploads\/2023\/06\/Konzert-Monika-Drasch-300x169.jpg 300w, https:\/\/gemeindebuechereikastl.de\/wp-content\/uploads\/2023\/06\/Konzert-Monika-Drasch-768x432.jpg 768w, https:\/\/gemeindebuechereikastl.de\/wp-content\/uploads\/2023\/06\/Konzert-Monika-Drasch-1536x865.jpg 1536w, https:\/\/gemeindebuechereikastl.de\/wp-content\/uploads\/2023\/06\/Konzert-Monika-Drasch-2048x1153.jpg 2048w, https:\/\/gemeindebuechereikastl.de\/wp-content\/uploads\/2023\/06\/Konzert-Monika-Drasch-750x422.jpg 750w\" sizes=\"auto, (max-width: 319px) 100vw, 319px\" \/><span style=\"color: #333333;\">Konzert mit Monika Drasch im \u00fcbervollen Pfarrgarten und der Ehrenaben<\/span><span style=\"color: #333333;\">d f\u00fcr B\u00fcchereileiter Georg D\u00fcrr der seit \u00fcber 50. Jahre die Geschicke der Kastler B\u00fccherei ehrenamtlich leitet. <\/span><\/p>\n<p style=\"text-align: left;\">Bei der Vorschau f\u00fcr 2024 stehen die Aktionen zum<br \/>\n50-j\u00e4hrigen Jubil\u00e4um der Gemeindeb\u00fccherei im Vorderg<img loading=\"lazy\" decoding=\"async\" class=\"wp-image-4598 alignleft\" src=\"https:\/\/gemeindebuechereikastl.de\/wp-content\/uploads\/2024\/03\/Logo-50-Jahre.jpg\" alt=\"\" width=\"199\" height=\"238\" srcset=\"https:\/\/gemeindebuechereikastl.de\/wp-content\/uploads\/2024\/03\/Logo-50-Jahre.jpg 803w, https:\/\/gemeindebuechereikastl.de\/wp-content\/uploads\/2024\/03\/Logo-50-Jahre-250x300.jpg 250w, https:\/\/gemeindebuechereikastl.de\/wp-content\/uploads\/2024\/03\/Logo-50-Jahre-768x920.jpg 768w, https:\/\/gemeindebuechereikastl.de\/wp-content\/uploads\/2024\/03\/Logo-50-Jahre-750x899.jpg 750w\" sizes=\"auto, (max-width: 199px) 100vw, 199px\" \/>rund. Aus der seit 1920 bestehenden Pfarrb\u00fccherei Kastl wurde 1974 durch einen Vertrag von Pfarrei und Gemeinde die Gemeindeb\u00fccherei, die ab diesen Zeitpunkt gemeinsam als Gemeindeb\u00fccherei Kastl gef\u00fchrt wird. Die vielf\u00e4ltigen Aktionen zum Jubil\u00e4um stehen unter dem Motto \u201e50 Jahre Gemeindeb\u00fccherei Kastl \u2013 Von der kleinsten B\u00fccherei Bayerns 1974 zu eine der Vorzeigeb\u00fcchereien in der Di\u00f6zese Eichst\u00e4tt 2024\u201c.<\/p>\n<p style=\"text-align: left;\">Zum Ende der Kuratoriumssitzung bedankten sich Pfarrer Johannes Arweck und B\u00fcrgermeister Stefan Braun beim B\u00fcchereiteam f\u00fcr die gro\u00dfartige, ehrenamtliche Arbeit, die in der Pfarr- und Gemeindeb\u00fccherei Kastl f\u00fcr die Bev\u00f6lkerung geleistet wurde. Auch Di\u00f6zesanbibliothekarin Martha Gottschalk betonte die Bedeutung der Kastler B\u00fccherei und den unerm\u00fcdlichen Einsatz des Teams auch auf Di\u00f6zesanebene.<\/p>\n","protected":false},"excerpt":{"rendered":"<p>Bei der j\u00e4hrlichen Kuratoriumssitzung Information \u00fcber Kastler B\u00fcchereiarbeit &#8211; Beratung \u00fcber neuen Vertrag zwischen Gemeinde und Pfarrei f\u00fcr die Zukunft der Gemeindeb\u00fccherei Kastl Von einem gro\u00dfarteigenen Einsatz des B\u00fcchereiteams mit \u00fcber 3500 ehrenamtlichen Stunden im Jahr 2023 konnten B\u00fcchereileiter Georg D\u00fcrr und Christa Kastner vom Leitungsteam der Gemeindeb\u00fccherei Kastl in der Kuratoriumssitzung mit den Vertretern &hellip; <\/p>\n<p><a class=\"more-link btn\" href=\"https:\/\/gemeindebuechereikastl.de\/?p=4596\">Weiterlesen<\/a><\/p>\n","protected":false},"author":1,"featured_media":4597,"comment_status":"closed","ping_status":"closed","sticky":false,"template":"","format":"standard","meta":{"footnotes":""},"categories":[1],"tags":[189,321,557],"class_list":["post-4596","post","type-post","status-publish","format-standard","has-post-thumbnail","hentry","category-team","tag-jubilaeum","tag-kuratoriumssitzung","tag-rechenschaftsbericht","item-wrap"],"_links":{"self":[{"href":"https:\/\/gemeindebuechereikastl.de\/index.php?rest_route=\/wp\/v2\/posts\/4596","targetHints":{"allow":["GET"]}}],"collection":[{"href":"https:\/\/gemeindebuechereikastl.de\/index.php?rest_route=\/wp\/v2\/posts"}],"about":[{"href":"https:\/\/gemeindebuechereikastl.de\/index.php?rest_route=\/wp\/v2\/types\/post"}],"author":[{"embeddable":true,"href":"https:\/\/gemeindebuechereikastl.de\/index.php?rest_route=\/wp\/v2\/users\/1"}],"replies":[{"embeddable":true,"href":"https:\/\/gemeindebuechereikastl.de\/index.php?rest_route=%2Fwp%2Fv2%2Fcomments&post=4596"}],"version-history":[{"count":4,"href":"https:\/\/gemeindebuechereikastl.de\/index.php?rest_route=\/wp\/v2\/posts\/4596\/revisions"}],"predecessor-version":[{"id":4604,"href":"https:\/\/gemeindebuechereikastl.de\/index.php?rest_route=\/wp\/v2\/posts\/4596\/revisions\/4604"}],"wp:featuredmedia":[{"embeddable":true,"href":"https:\/\/gemeindebuechereikastl.de\/index.php?rest_route=\/wp\/v2\/media\/4597"}],"wp:attachment":[{"href":"https:\/\/gemeindebuechereikastl.de\/index.php?rest_route=%2Fwp%2Fv2%2Fmedia&parent=4596"}],"wp:term":[{"taxonomy":"category","embeddable":true,"href":"https:\/\/gemeindebuechereikastl.de\/index.php?rest_route=%2Fwp%2Fv2%2Fcategories&post=4596"},{"taxonomy":"post_tag","embeddable":true,"href":"https:\/\/gemeindebuechereikastl.de\/index.php?rest_route=%2Fwp%2Fv2%2Ftags&post=4596"}],"curies":[{"name":"wp","href":"https:\/\/api.w.org\/{rel}","templated":true}]}}