{"id":4606,"date":"2024-03-03T16:56:31","date_gmt":"2024-03-03T16:56:31","guid":{"rendered":"https:\/\/gemeindebuechereikastl.de\/?p=4606"},"modified":"2024-03-03T17:04:07","modified_gmt":"2024-03-03T17:04:07","slug":"die-schoensten-buchempfehlungen-fuer-kinder-ueber-ostern","status":"publish","type":"post","link":"https:\/\/gemeindebuechereikastl.de\/?p=4606","title":{"rendered":"Die sch\u00f6nsten Buchempfehlungen \u00fcber Ostern f\u00fcr Kinder"},"content":{"rendered":"<h2 style=\"text-align: center;\"><span style=\"color: #ff6600;\"><strong>Auswahl an sch\u00f6nen B\u00fcchern f\u00fcr Kinder \u00fcber Ostern<br \/>\nim Erdgeschoss<\/strong><\/span><\/h2>\n<p><img loading=\"lazy\" decoding=\"async\" class=\"alignleft wp-image-4608 \" src=\"https:\/\/gemeindebuechereikastl.de\/wp-content\/uploads\/2024\/03\/Osterausstellung-699x1206.jpg\" alt=\"\" width=\"328\" height=\"566\" srcset=\"https:\/\/gemeindebuechereikastl.de\/wp-content\/uploads\/2024\/03\/Osterausstellung-699x1206.jpg 699w, https:\/\/gemeindebuechereikastl.de\/wp-content\/uploads\/2024\/03\/Osterausstellung-174x300.jpg 174w, https:\/\/gemeindebuechereikastl.de\/wp-content\/uploads\/2024\/03\/Osterausstellung-768x1325.jpg 768w, https:\/\/gemeindebuechereikastl.de\/wp-content\/uploads\/2024\/03\/Osterausstellung-891x1536.jpg 891w, https:\/\/gemeindebuechereikastl.de\/wp-content\/uploads\/2024\/03\/Osterausstellung-1187x2048.jpg 1187w, https:\/\/gemeindebuechereikastl.de\/wp-content\/uploads\/2024\/03\/Osterausstellung-750x1294.jpg 750w, https:\/\/gemeindebuechereikastl.de\/wp-content\/uploads\/2024\/03\/Osterausstellung-scaled.jpg 1484w\" sizes=\"auto, (max-width: 328px) 100vw, 328px\" \/><\/p>\n<p>Die sch\u00f6nsten Buchempfehlungen f\u00fcr Kinder \u00fcber die Osterzeit! Ostern ist das \u00e4lteste und h\u00f6chste Fest im Kirchenjahr. Christen wie Nicht-Christen verbinden mit dem Osterfest die Freude auf den Fr\u00fchling, W\u00e4rme und Licht. Wir haben f\u00fcr Sie die besten Kinderb\u00fccher \u00fcber die Ostergeschichte sowie spirituelle Begleiter f\u00fcr und \u00fcber diese besondere Zeit zusammengestellt.<\/p>\n<p>Zu den speziellen saisonalen B\u00fcchern geh\u00f6ren bei uns in der B\u00fccherei vor allem die Osterb\u00fccher. Auch f\u00fcr nicht-religi\u00f6se Kinder sind die Geschichten \u00fcber das Osterfest oder den Osterhasen eine Bereicherung.<\/p>\n<p><img loading=\"lazy\" decoding=\"async\" class=\"wp-image-2827 alignright\" src=\"https:\/\/gemeindebuechereikastl.de\/wp-content\/uploads\/2022\/04\/Osterhasen-300x261.jpg\" alt=\"\" width=\"238\" height=\"207\" srcset=\"https:\/\/gemeindebuechereikastl.de\/wp-content\/uploads\/2022\/04\/Osterhasen-300x261.jpg 300w, https:\/\/gemeindebuechereikastl.de\/wp-content\/uploads\/2022\/04\/Osterhasen-1388x1206.jpg 1388w, https:\/\/gemeindebuechereikastl.de\/wp-content\/uploads\/2022\/04\/Osterhasen-768x667.jpg 768w, https:\/\/gemeindebuechereikastl.de\/wp-content\/uploads\/2022\/04\/Osterhasen-1536x1335.jpg 1536w, https:\/\/gemeindebuechereikastl.de\/wp-content\/uploads\/2022\/04\/Osterhasen-750x652.jpg 750w, https:\/\/gemeindebuechereikastl.de\/wp-content\/uploads\/2022\/04\/Osterhasen.jpg 1574w\" sizes=\"auto, (max-width: 238px) 100vw, 238px\" \/><\/p>\n<p>Das Team hat eine gro\u00dfartige Auswahl an Osterb\u00fcchern f\u00fcr Kinder zusammengestellt und diese werden in der Osterausstellung im Eingangsbereich mit einer einzigartigen Deko pr\u00e4sentiert.<\/p>\n<h4 style=\"text-align: center;\">Weitere Osterb\u00fccher f\u00fcr Kinder und auch f\u00fcr Erwachsene gibt es bei uns in der B\u00fccherei zu finden. Infos dar\u00fcber vorab in unserem <span style=\"color: #800000;\"><strong><a style=\"color: #800000;\" href=\"https:\/\/iopac.gemeindebuechereikastl.de\/\">Online-Katalog<\/a><\/strong><\/span> und eine gro\u00dfe Auswahl an Osterb\u00fcchern kann man auch den E-Books unter <strong><a href=\"https:\/\/leo-nord.onleihe.de\/\"><span style=\"color: #800000;\">www.leo-nord.de<\/span> <\/a><\/strong>entdecken.<\/h4>\n","protected":false},"excerpt":{"rendered":"<p>Auswahl an sch\u00f6nen B\u00fcchern f\u00fcr Kinder \u00fcber Ostern im Erdgeschoss Die sch\u00f6nsten Buchempfehlungen f\u00fcr Kinder \u00fcber die Osterzeit! Ostern ist das \u00e4lteste und h\u00f6chste Fest im Kirchenjahr. Christen wie Nicht-Christen verbinden mit dem Osterfest die Freude auf den Fr\u00fchling, W\u00e4rme und Licht. Wir haben f\u00fcr Sie die besten Kinderb\u00fccher \u00fcber die Ostergeschichte sowie spirituelle Begleiter &hellip; <\/p>\n<p><a class=\"more-link btn\" href=\"https:\/\/gemeindebuechereikastl.de\/?p=4606\">Weiterlesen<\/a><\/p>\n","protected":false},"author":1,"featured_media":4608,"comment_status":"closed","ping_status":"closed","sticky":false,"template":"","format":"standard","meta":{"footnotes":""},"categories":[5],"tags":[194,448,90,29],"class_list":["post-4606","post","type-post","status-publish","format-standard","has-post-thumbnail","hentry","category-news","tag-buchausstellung","tag-buchauswahl","tag-kinder","tag-ostern","item-wrap"],"_links":{"self":[{"href":"https:\/\/gemeindebuechereikastl.de\/index.php?rest_route=\/wp\/v2\/posts\/4606","targetHints":{"allow":["GET"]}}],"collection":[{"href":"https:\/\/gemeindebuechereikastl.de\/index.php?rest_route=\/wp\/v2\/posts"}],"about":[{"href":"https:\/\/gemeindebuechereikastl.de\/index.php?rest_route=\/wp\/v2\/types\/post"}],"author":[{"embeddable":true,"href":"https:\/\/gemeindebuechereikastl.de\/index.php?rest_route=\/wp\/v2\/users\/1"}],"replies":[{"embeddable":true,"href":"https:\/\/gemeindebuechereikastl.de\/index.php?rest_route=%2Fwp%2Fv2%2Fcomments&post=4606"}],"version-history":[{"count":5,"href":"https:\/\/gemeindebuechereikastl.de\/index.php?rest_route=\/wp\/v2\/posts\/4606\/revisions"}],"predecessor-version":[{"id":4613,"href":"https:\/\/gemeindebuechereikastl.de\/index.php?rest_route=\/wp\/v2\/posts\/4606\/revisions\/4613"}],"wp:featuredmedia":[{"embeddable":true,"href":"https:\/\/gemeindebuechereikastl.de\/index.php?rest_route=\/wp\/v2\/media\/4608"}],"wp:attachment":[{"href":"https:\/\/gemeindebuechereikastl.de\/index.php?rest_route=%2Fwp%2Fv2%2Fmedia&parent=4606"}],"wp:term":[{"taxonomy":"category","embeddable":true,"href":"https:\/\/gemeindebuechereikastl.de\/index.php?rest_route=%2Fwp%2Fv2%2Fcategories&post=4606"},{"taxonomy":"post_tag","embeddable":true,"href":"https:\/\/gemeindebuechereikastl.de\/index.php?rest_route=%2Fwp%2Fv2%2Ftags&post=4606"}],"curies":[{"name":"wp","href":"https:\/\/api.w.org\/{rel}","templated":true}]}}