{"id":4614,"date":"2024-03-05T09:18:21","date_gmt":"2024-03-05T09:18:21","guid":{"rendered":"https:\/\/gemeindebuechereikastl.de\/?p=4614"},"modified":"2024-03-05T09:19:08","modified_gmt":"2024-03-05T09:19:08","slug":"fastenzeit-fuer-koerper-und-seele-buchausstellung-imog","status":"publish","type":"post","link":"https:\/\/gemeindebuechereikastl.de\/?p=4614","title":{"rendered":"Fastenzeit f\u00fcr K\u00f6rper und Seele &#8211; Buchausstellung imOG"},"content":{"rendered":"<h2 style=\"text-align: center;\"><span style=\"color: #ff6600;\">Buchauswahl zum Thema &#8222;Fastenzeit f\u00fcr K\u00f6rper und Seele&#8220; im OG der B\u00fccherei<\/span><\/h2>\n<h3 style=\"text-align: center;\">Fasten bedeutet R\u00fcckbesinnung \u2013 sich vom Alltag zur\u00fcckziehen, zur Ruhe kommen. Eine Kur f\u00fcr K\u00f6rper, Geist und Seele.<\/h3>\n<p><img loading=\"lazy\" decoding=\"async\" class=\"aligncenter wp-image-4615 \" src=\"https:\/\/gemeindebuechereikastl.de\/wp-content\/uploads\/2024\/03\/fastenzeit-920x1206.jpg\" alt=\"\" width=\"698\" height=\"915\" srcset=\"https:\/\/gemeindebuechereikastl.de\/wp-content\/uploads\/2024\/03\/fastenzeit-920x1206.jpg 920w, https:\/\/gemeindebuechereikastl.de\/wp-content\/uploads\/2024\/03\/fastenzeit-229x300.jpg 229w, https:\/\/gemeindebuechereikastl.de\/wp-content\/uploads\/2024\/03\/fastenzeit-768x1007.jpg 768w, https:\/\/gemeindebuechereikastl.de\/wp-content\/uploads\/2024\/03\/fastenzeit-1171x1536.jpg 1171w, https:\/\/gemeindebuechereikastl.de\/wp-content\/uploads\/2024\/03\/fastenzeit-1562x2048.jpg 1562w, https:\/\/gemeindebuechereikastl.de\/wp-content\/uploads\/2024\/03\/fastenzeit-750x983.jpg 750w, https:\/\/gemeindebuechereikastl.de\/wp-content\/uploads\/2024\/03\/fastenzeit-scaled.jpg 1952w\" sizes=\"auto, (max-width: 698px) 100vw, 698px\" \/><\/p>\n<p>Das k\u00f6nnen Gr\u00fcnde sein, zu fasten. Fasten betrifft den ganzen Menschen, d.h. K\u00f6rper, Geist und Seele. Und: Richtiges Fasten geschieht in einem zeitlich begrenzten Rahmen. Wer fastet, will nicht nur abnehmen. Der Fastende sucht Reinigung und Erneuerung von K\u00f6rper und Seele. Damit das Fasten jedoch auch spirituell gelingt, m\u00fcssen einige Regeln beachtet werden. So kann die Enthaltsamkeit zu einem gelingenden Beten mit Leib und Seele werden.<\/p>\n<p><strong>Auch gibt es weitere B\u00fccher zu entdecken die nicht in der Ausstellung sind. Bei unseren Sachb\u00fcchern im Bereich GESUNDHEIT und RELIGION und auch auf <a href=\"https:\/\/gemeindebuechereikastl.de\/?page_id=76\">LEO NORD (E-Books)<\/a>\u00a0gibt es weitere interessante B\u00fccher \u00fcber dieses Thema zu entdecken.<\/strong><\/p>\n<h4 style=\"text-align: center;\"><strong>Kommen Sie vorbei und entdecken weitere interessante B\u00fccher zum Thema FASTEN oder Sie informieren sich vorab in unseren <a href=\"https:\/\/iopac.gemeindebuechereikastl.de\/\">Online-Katalog<\/a>\u00a0!<\/strong><\/h4>\n","protected":false},"excerpt":{"rendered":"<p>Buchauswahl zum Thema &#8222;Fastenzeit f\u00fcr K\u00f6rper und Seele&#8220; im OG der B\u00fccherei Fasten bedeutet R\u00fcckbesinnung \u2013 sich vom Alltag zur\u00fcckziehen, zur Ruhe kommen. Eine Kur f\u00fcr K\u00f6rper, Geist und Seele. Das k\u00f6nnen Gr\u00fcnde sein, zu fasten. Fasten betrifft den ganzen Menschen, d.h. K\u00f6rper, Geist und Seele. Und: Richtiges Fasten geschieht in einem zeitlich begrenzten Rahmen. &hellip; <\/p>\n<p><a class=\"more-link btn\" href=\"https:\/\/gemeindebuechereikastl.de\/?p=4614\">Weiterlesen<\/a><\/p>\n","protected":false},"author":1,"featured_media":4615,"comment_status":"closed","ping_status":"closed","sticky":false,"template":"","format":"standard","meta":{"footnotes":""},"categories":[5],"tags":[194,558],"class_list":["post-4614","post","type-post","status-publish","format-standard","has-post-thumbnail","hentry","category-news","tag-buchausstellung","tag-fasten","item-wrap"],"_links":{"self":[{"href":"https:\/\/gemeindebuechereikastl.de\/index.php?rest_route=\/wp\/v2\/posts\/4614","targetHints":{"allow":["GET"]}}],"collection":[{"href":"https:\/\/gemeindebuechereikastl.de\/index.php?rest_route=\/wp\/v2\/posts"}],"about":[{"href":"https:\/\/gemeindebuechereikastl.de\/index.php?rest_route=\/wp\/v2\/types\/post"}],"author":[{"embeddable":true,"href":"https:\/\/gemeindebuechereikastl.de\/index.php?rest_route=\/wp\/v2\/users\/1"}],"replies":[{"embeddable":true,"href":"https:\/\/gemeindebuechereikastl.de\/index.php?rest_route=%2Fwp%2Fv2%2Fcomments&post=4614"}],"version-history":[{"count":2,"href":"https:\/\/gemeindebuechereikastl.de\/index.php?rest_route=\/wp\/v2\/posts\/4614\/revisions"}],"predecessor-version":[{"id":4617,"href":"https:\/\/gemeindebuechereikastl.de\/index.php?rest_route=\/wp\/v2\/posts\/4614\/revisions\/4617"}],"wp:featuredmedia":[{"embeddable":true,"href":"https:\/\/gemeindebuechereikastl.de\/index.php?rest_route=\/wp\/v2\/media\/4615"}],"wp:attachment":[{"href":"https:\/\/gemeindebuechereikastl.de\/index.php?rest_route=%2Fwp%2Fv2%2Fmedia&parent=4614"}],"wp:term":[{"taxonomy":"category","embeddable":true,"href":"https:\/\/gemeindebuechereikastl.de\/index.php?rest_route=%2Fwp%2Fv2%2Fcategories&post=4614"},{"taxonomy":"post_tag","embeddable":true,"href":"https:\/\/gemeindebuechereikastl.de\/index.php?rest_route=%2Fwp%2Fv2%2Ftags&post=4614"}],"curies":[{"name":"wp","href":"https:\/\/api.w.org\/{rel}","templated":true}]}}