{"id":4618,"date":"2024-03-05T09:52:52","date_gmt":"2024-03-05T09:52:52","guid":{"rendered":"https:\/\/gemeindebuechereikastl.de\/?p=4618"},"modified":"2024-03-05T16:52:57","modified_gmt":"2024-03-05T16:52:57","slug":"vorlesezeit-mit-petterson-und-findus-in-der-buecherei","status":"publish","type":"post","link":"https:\/\/gemeindebuechereikastl.de\/?p=4618","title":{"rendered":"Vorlesezeit mit Petterson und Findus in der B\u00fccherei"},"content":{"rendered":"<h2 class=\"product-title no-brandTitle\" style=\"text-align: center;\"><span style=\"color: #ff6600;\">&#8222;Wie Findus zu Pettersson kam&#8220; <strong class=\"product-subtitle\">Die Geschichte von Kater Findus und dem alten Pettersson als Erz\u00e4hltheater<\/strong><\/span><strong><span style=\"color: #ff6600;\"> f\u00fcr alle Kinder ab 4 Jahren bei der Vorlesezeit am Samstag, 16. M\u00e4rz ab 10.00 Uhr in der Gemeindeb\u00fccherei<\/span><br \/>\n<\/strong><\/h2>\n<p><img loading=\"lazy\" decoding=\"async\" class=\"aligncenter wp-image-4619 \" src=\"https:\/\/gemeindebuechereikastl.de\/wp-content\/uploads\/2024\/03\/Kamishibai-Petterosn.pub_-1603x844.jpg\" alt=\"\" width=\"725\" height=\"382\" srcset=\"https:\/\/gemeindebuechereikastl.de\/wp-content\/uploads\/2024\/03\/Kamishibai-Petterosn.pub_-1603x844.jpg 1603w, https:\/\/gemeindebuechereikastl.de\/wp-content\/uploads\/2024\/03\/Kamishibai-Petterosn.pub_-300x158.jpg 300w, https:\/\/gemeindebuechereikastl.de\/wp-content\/uploads\/2024\/03\/Kamishibai-Petterosn.pub_-768x404.jpg 768w, https:\/\/gemeindebuechereikastl.de\/wp-content\/uploads\/2024\/03\/Kamishibai-Petterosn.pub_-1536x808.jpg 1536w, https:\/\/gemeindebuechereikastl.de\/wp-content\/uploads\/2024\/03\/Kamishibai-Petterosn.pub_-750x395.jpg 750w, https:\/\/gemeindebuechereikastl.de\/wp-content\/uploads\/2024\/03\/Kamishibai-Petterosn.pub_.jpg 1674w\" sizes=\"auto, (max-width: 725px) 100vw, 725px\" \/>Eines Tages brachte die Nachbarin dem alten, einsamen Pettersson einen Karton mit der Aufschrift &#8222;Findus &#8211; gr\u00fcne Erbsen&#8220;. Darin sa\u00df ein winziges K\u00e4tzchen. Wie Kater Findus das gem\u00e4chliche Leben des alten Mannes auf den Kopf stellte, wie er zu seiner gr\u00fcnen Hose kam und reden lernte, erz\u00e4hlt Sven Nordqvist in seiner ber\u00fchmten Geschichte. Die fantastische Erz\u00e4hlung \u00fcber einen quirligen Kater Findus, der dem alten Pettersson wieder Lebensfreude bringt, werden Kinder gebannt verfolgen. So wird die Freude an B\u00fcchern und Geschichten und die Lust am Sprechen und Nacherz\u00e4hlen gef\u00f6rdert!<img loading=\"lazy\" decoding=\"async\" class=\"wp-image-4620 alignright\" src=\"https:\/\/gemeindebuechereikastl.de\/wp-content\/uploads\/2024\/03\/petterson-und-findus.jpg\" alt=\"\" width=\"242\" height=\"340\" srcset=\"https:\/\/gemeindebuechereikastl.de\/wp-content\/uploads\/2024\/03\/petterson-und-findus.jpg 710w, https:\/\/gemeindebuechereikastl.de\/wp-content\/uploads\/2024\/03\/petterson-und-findus-213x300.jpg 213w\" sizes=\"auto, (max-width: 242px) 100vw, 242px\" \/><\/p>\n<p>In &#8222;Wie Findus zu Pettersson kam&#8220; von Sven Nordqvist beginnt die ber\u00fchrende Geschichte einer au\u00dfergew\u00f6hnlichen Freundschaft. Eines Tages erh\u00e4lt der alte Pettersson von seiner Nachbarin Beda Andersson einen Pappkarton, der eigentlich gr\u00fcne Erbsen enthielt, nun aber ein kleines K\u00e4tzchen beherbergt. Dieses Geschenk bringt neues Leben in Petterssons einsame Existenz. Der Kater, den er Findus nennt, w\u00e4chst schnell zu einem sprechenden, hoseverlangenden Begleiter heran. Ihre Abenteuer beginnen mit kleinen Erkundungstouren und dem t\u00e4glichen Miteinander, das den Alltag des alten Mannes bereichert und ver\u00e4ndert. Als Findus eines Tages w\u00e4hrend einer Erkundung verschwindet, steht Pettersson vor der Herausforderung, seinen kleinen Freund wiederzufinden. Die Suche f\u00fchrt durch verschiedene Winkel des Gartens und offenbart die tiefe Verbundenheit zwischen Mensch und Tier.<\/p>\n<h4 style=\"text-align: center;\"><span style=\"color: #800000;\">\u00a0Diese <strong>bezaubernde Bilderbuchgeschichte \u00fcber Petterson und Findus f\u00fcr das Kamishibai-Erz\u00e4hltheater gibt es mit der Lesepatin Goretti Mayer <\/strong><strong>am Samstag, 16. M\u00e4rz um 10.00 Uhr f\u00fcr alle Kinder ab 4 Jahren in der B\u00fccherei zu h\u00f6ren und zu sehen.<\/strong><\/span><\/h4>\n","protected":false},"excerpt":{"rendered":"<p>&#8222;Wie Findus zu Pettersson kam&#8220; Die Geschichte von Kater Findus und dem alten Pettersson als Erz\u00e4hltheater f\u00fcr alle Kinder ab 4 Jahren bei der Vorlesezeit am Samstag, 16. M\u00e4rz ab 10.00 Uhr in der Gemeindeb\u00fccherei Eines Tages brachte die Nachbarin dem alten, einsamen Pettersson einen Karton mit der Aufschrift &#8222;Findus &#8211; gr\u00fcne Erbsen&#8220;. Darin sa\u00df &hellip; <\/p>\n<p><a class=\"more-link btn\" href=\"https:\/\/gemeindebuechereikastl.de\/?p=4618\">Weiterlesen<\/a><\/p>\n","protected":false},"author":1,"featured_media":4619,"comment_status":"closed","ping_status":"closed","sticky":false,"template":"","format":"standard","meta":{"footnotes":""},"categories":[5],"tags":[83,11,560,559,415,173],"class_list":["post-4618","post","type-post","status-publish","format-standard","has-post-thumbnail","hentry","category-news","tag-bilderbuch","tag-buecherei","tag-erzaehltheater","tag-kamishibai","tag-petterson-und-findus","tag-vorlesezeit","item-wrap"],"_links":{"self":[{"href":"https:\/\/gemeindebuechereikastl.de\/index.php?rest_route=\/wp\/v2\/posts\/4618","targetHints":{"allow":["GET"]}}],"collection":[{"href":"https:\/\/gemeindebuechereikastl.de\/index.php?rest_route=\/wp\/v2\/posts"}],"about":[{"href":"https:\/\/gemeindebuechereikastl.de\/index.php?rest_route=\/wp\/v2\/types\/post"}],"author":[{"embeddable":true,"href":"https:\/\/gemeindebuechereikastl.de\/index.php?rest_route=\/wp\/v2\/users\/1"}],"replies":[{"embeddable":true,"href":"https:\/\/gemeindebuechereikastl.de\/index.php?rest_route=%2Fwp%2Fv2%2Fcomments&post=4618"}],"version-history":[{"count":6,"href":"https:\/\/gemeindebuechereikastl.de\/index.php?rest_route=\/wp\/v2\/posts\/4618\/revisions"}],"predecessor-version":[{"id":4626,"href":"https:\/\/gemeindebuechereikastl.de\/index.php?rest_route=\/wp\/v2\/posts\/4618\/revisions\/4626"}],"wp:featuredmedia":[{"embeddable":true,"href":"https:\/\/gemeindebuechereikastl.de\/index.php?rest_route=\/wp\/v2\/media\/4619"}],"wp:attachment":[{"href":"https:\/\/gemeindebuechereikastl.de\/index.php?rest_route=%2Fwp%2Fv2%2Fmedia&parent=4618"}],"wp:term":[{"taxonomy":"category","embeddable":true,"href":"https:\/\/gemeindebuechereikastl.de\/index.php?rest_route=%2Fwp%2Fv2%2Fcategories&post=4618"},{"taxonomy":"post_tag","embeddable":true,"href":"https:\/\/gemeindebuechereikastl.de\/index.php?rest_route=%2Fwp%2Fv2%2Ftags&post=4618"}],"curies":[{"name":"wp","href":"https:\/\/api.w.org\/{rel}","templated":true}]}}