{"id":462,"date":"2018-04-19T18:35:13","date_gmt":"2018-04-19T18:35:13","guid":{"rendered":"http:\/\/gemeindebuechereikastl.de\/?p=462"},"modified":"2018-04-19T18:48:01","modified_gmt":"2018-04-19T18:48:01","slug":"die-haeschenschule-aus-omas-buecherschrank","status":"publish","type":"post","link":"https:\/\/gemeindebuechereikastl.de\/?p=462","title":{"rendered":"\u201eDie H\u00e4schenschule&#8220; aus Omas B\u00fccherschrank"},"content":{"rendered":"<h2 style=\"text-align: center;\"><span style=\"color: #ff6600;\">Freitag, 13. April\u00a0~ Lustige Kinderschar bekam \u201eDie H\u00e4schenschule&#8220; aus Omas B\u00fccherschrank\u00a0zu h\u00f6ren.\u00a0<\/span><\/h2>\n<h2 style=\"text-align: left;\"><span style=\"color: #ff6600;\"><img loading=\"lazy\" decoding=\"async\" class=\"wp-image-464 aligncenter\" src=\"https:\/\/gemeindebuechereikastl.de\/wp-content\/uploads\/2018\/04\/H\u00e4schenschule.jpg\" alt=\"\" width=\"665\" height=\"448\" srcset=\"https:\/\/gemeindebuechereikastl.de\/wp-content\/uploads\/2018\/04\/H\u00e4schenschule.jpg 5487w, https:\/\/gemeindebuechereikastl.de\/wp-content\/uploads\/2018\/04\/H\u00e4schenschule-300x202.jpg 300w, https:\/\/gemeindebuechereikastl.de\/wp-content\/uploads\/2018\/04\/H\u00e4schenschule-768x517.jpg 768w, https:\/\/gemeindebuechereikastl.de\/wp-content\/uploads\/2018\/04\/H\u00e4schenschule-1024x689.jpg 1024w\" sizes=\"auto, (max-width: 665px) 100vw, 665px\" \/><\/span><\/h2>\n<p><span style=\"color: #333333; font-family: 'Helvetica',sans-serif; font-size: 10.5pt;\">Mit Fingerspiele und Gesang begann der Vorlesenachmittag mit der H\u00e4schenschule in den R\u00e4umen der Gemeindeb\u00fccherei. Es hatte sich wieder eine lustige Kinderschar in der Kastler B\u00fccherei eingefunden.<br \/>\n<\/span><span style=\"color: #333333; font-family: 'Helvetica',sans-serif; font-size: 10.5pt;\">Rund um einen Forsythienzweig haben die Kinder mit den Mitarbeiterinnen Birgit Forster und Kathrin Fuchs Fr\u00fchlingsblumen erkundet: von orangen Krokussen, blauen Hyazinthen und Schneegl\u00f6ckchen war die Rede. Zwischen all diesen Blumen kam schlie\u00dflich ein H\u00e4schen angekoppelt, das die Kinder zum Mitsingen und zum Fingerspiel angeregt hat. <a href=\"https:\/\/gemeindebuechereikastl.de\/wp-content\/uploads\/2018\/04\/hasenschule.bmp\"><img loading=\"lazy\" decoding=\"async\" class=\"wp-image-469 alignleft\" src=\"https:\/\/gemeindebuechereikastl.de\/wp-content\/uploads\/2018\/04\/hasenschule.bmp\" alt=\"\" width=\"209\" height=\"226\" \/><\/a><\/span><span style=\"color: #333333; font-family: 'Helvetica',sans-serif; font-size: 10.5pt;\">Schlie\u00dflich durfte das H\u00e4schen sich mit dem Kohlblatttaschentuch das N\u00e4schen putzen und mit Hasenhans und Hasengretchen in die Schule gehen. Hier wechselte das Fingerspiel zum bekannten Bilderbuch \u201edie H\u00e4schenschule\u201c von Albert Sixtus und Fritz Koch-Gotha. Dieses Bilderbuch wird bald 100 Jahre und wird seit Generationen gern gelesen. Es erz\u00e4hlt in Versform vom Hasenleben und ber\u00fchrt durch seine einf\u00fchlsamen Bilder. Vor allem das Erscheinen des bedrohlichen Fuchses, der den Hasen nach dem Leben trachtet, ist f\u00fcr viele Kindergartenkinder schon Aufregung genug. Der literarische Kindernachmittag schloss mit dem Gedicht \u201edie Tulpe\u201c von Josef Guggenmos. Hier kam noch Tanz, Theater und Bewegung mit ins Spiel. F\u00fcr die ehrenamtlichen Mitarbeiter war es eine Freude das nat\u00fcrliche Interesse und Engagement der Kinder zu sehen: Alles in allem war es wieder ein vergn\u00fcglicher Nachmittag mit begeisterten Kastler Kindern. <\/span><\/p>\n","protected":false},"excerpt":{"rendered":"<p>Freitag, 13. April\u00a0~ Lustige Kinderschar bekam \u201eDie H\u00e4schenschule&#8220; aus Omas B\u00fccherschrank\u00a0zu h\u00f6ren.\u00a0 Mit Fingerspiele und Gesang begann der Vorlesenachmittag mit der H\u00e4schenschule in den R\u00e4umen der Gemeindeb\u00fccherei. Es hatte sich wieder eine lustige Kinderschar in der Kastler B\u00fccherei eingefunden. Rund um einen Forsythienzweig haben die Kinder mit den Mitarbeiterinnen Birgit Forster und Kathrin Fuchs Fr\u00fchlingsblumen &hellip; <\/p>\n<p><a class=\"more-link btn\" href=\"https:\/\/gemeindebuechereikastl.de\/?p=462\">Weiterlesen<\/a><\/p>\n","protected":false},"author":1,"featured_media":0,"comment_status":"closed","ping_status":"closed","sticky":false,"template":"","format":"standard","meta":{"footnotes":""},"categories":[5],"tags":[33,31,35,32,34,36,37],"class_list":["post-462","post","type-post","status-publish","format-standard","hentry","category-news","tag-forsythien","tag-guggenmos","tag-hasen","tag-hyazinten","tag-schneegloeckchen","tag-tanz","tag-theater","item-wrap"],"_links":{"self":[{"href":"https:\/\/gemeindebuechereikastl.de\/index.php?rest_route=\/wp\/v2\/posts\/462","targetHints":{"allow":["GET"]}}],"collection":[{"href":"https:\/\/gemeindebuechereikastl.de\/index.php?rest_route=\/wp\/v2\/posts"}],"about":[{"href":"https:\/\/gemeindebuechereikastl.de\/index.php?rest_route=\/wp\/v2\/types\/post"}],"author":[{"embeddable":true,"href":"https:\/\/gemeindebuechereikastl.de\/index.php?rest_route=\/wp\/v2\/users\/1"}],"replies":[{"embeddable":true,"href":"https:\/\/gemeindebuechereikastl.de\/index.php?rest_route=%2Fwp%2Fv2%2Fcomments&post=462"}],"version-history":[{"count":6,"href":"https:\/\/gemeindebuechereikastl.de\/index.php?rest_route=\/wp\/v2\/posts\/462\/revisions"}],"predecessor-version":[{"id":471,"href":"https:\/\/gemeindebuechereikastl.de\/index.php?rest_route=\/wp\/v2\/posts\/462\/revisions\/471"}],"wp:attachment":[{"href":"https:\/\/gemeindebuechereikastl.de\/index.php?rest_route=%2Fwp%2Fv2%2Fmedia&parent=462"}],"wp:term":[{"taxonomy":"category","embeddable":true,"href":"https:\/\/gemeindebuechereikastl.de\/index.php?rest_route=%2Fwp%2Fv2%2Fcategories&post=462"},{"taxonomy":"post_tag","embeddable":true,"href":"https:\/\/gemeindebuechereikastl.de\/index.php?rest_route=%2Fwp%2Fv2%2Ftags&post=462"}],"curies":[{"name":"wp","href":"https:\/\/api.w.org\/{rel}","templated":true}]}}