{"id":4628,"date":"2024-03-11T13:56:05","date_gmt":"2024-03-11T13:56:05","guid":{"rendered":"https:\/\/gemeindebuechereikastl.de\/?p=4628"},"modified":"2024-03-14T15:21:30","modified_gmt":"2024-03-14T15:21:30","slug":"umgestaltung-des-obergeschosses-der-buecherei-im-bereich-der-romane","status":"publish","type":"post","link":"https:\/\/gemeindebuechereikastl.de\/?p=4628","title":{"rendered":"Umgestaltung des Obergeschosses der B\u00fccherei im Bereich der Romane"},"content":{"rendered":"<h2 style=\"text-align: center;\"><span style=\"color: #ff6600;\"><strong>Bei der Umgestaltung des <\/strong><\/span><span style=\"color: #ff6600;\"><strong>Romanb<\/strong><\/span><span style=\"color: #ff6600;\"><strong>ereiches im OG wurde eine neue Leserecke und ein Regal f\u00fcr alle neuen und aktuellen Romane eingerichtet<\/strong><\/span><\/h2>\n<p><img loading=\"lazy\" decoding=\"async\" class=\"wp-image-4629 size-large aligncenter\" src=\"https:\/\/gemeindebuechereikastl.de\/wp-content\/uploads\/2024\/03\/sitzecke-1603x902.jpg\" alt=\"\" width=\"750\" height=\"422\" srcset=\"https:\/\/gemeindebuechereikastl.de\/wp-content\/uploads\/2024\/03\/sitzecke-1603x902.jpg 1603w, https:\/\/gemeindebuechereikastl.de\/wp-content\/uploads\/2024\/03\/sitzecke-300x169.jpg 300w, https:\/\/gemeindebuechereikastl.de\/wp-content\/uploads\/2024\/03\/sitzecke-768x432.jpg 768w, https:\/\/gemeindebuechereikastl.de\/wp-content\/uploads\/2024\/03\/sitzecke-1536x865.jpg 1536w, https:\/\/gemeindebuechereikastl.de\/wp-content\/uploads\/2024\/03\/sitzecke-2048x1153.jpg 2048w, https:\/\/gemeindebuechereikastl.de\/wp-content\/uploads\/2024\/03\/sitzecke-750x422.jpg 750w\" sizes=\"auto, (max-width: 750px) 100vw, 750px\" \/><\/p>\n<p>Nach dem bei der Renovierung der B\u00fccherei im Herbst 2021 wurde das Outfit im Erdgeschoss Leserfreundlicher gestaltet, dies fand bei den Lesern ein sehr gro\u00dfes Echo. Das Team hat sich auf Initiative und Mithilfe der Di\u00f6zesanbibliothekarin Martha Gottschalk entschlossen auch Obergeschoss auch etwas umzustellen damit die Leser die vielen aktuellen und gro\u00dfartigen Romane noch schneller und leichter finden. Infolgedessen wurde bei den Romanen eine kleine Leserecke geschaffen, um eventuell die B\u00fccher in Ruhe auszuw\u00e4hlen oder auch mit anderen Lesern in Gespr\u00e4ch zu kommen.<\/p>\n<p><img loading=\"lazy\" decoding=\"async\" class=\"wp-image-4630 alignright\" src=\"https:\/\/gemeindebuechereikastl.de\/wp-content\/uploads\/2024\/03\/neue-Romane-726x1206.jpg\" alt=\"\" width=\"315\" height=\"523\" srcset=\"https:\/\/gemeindebuechereikastl.de\/wp-content\/uploads\/2024\/03\/neue-Romane-726x1206.jpg 726w, https:\/\/gemeindebuechereikastl.de\/wp-content\/uploads\/2024\/03\/neue-Romane-181x300.jpg 181w, https:\/\/gemeindebuechereikastl.de\/wp-content\/uploads\/2024\/03\/neue-Romane-768x1276.jpg 768w, https:\/\/gemeindebuechereikastl.de\/wp-content\/uploads\/2024\/03\/neue-Romane-925x1536.jpg 925w, https:\/\/gemeindebuechereikastl.de\/wp-content\/uploads\/2024\/03\/neue-Romane-1233x2048.jpg 1233w, https:\/\/gemeindebuechereikastl.de\/wp-content\/uploads\/2024\/03\/neue-Romane-750x1246.jpg 750w, https:\/\/gemeindebuechereikastl.de\/wp-content\/uploads\/2024\/03\/neue-Romane-scaled.jpg 1541w\" sizes=\"auto, (max-width: 315px) 100vw, 315px\" \/><\/p>\n<p>Neben der Leserecke wurde ein ganzes Buchregal so umgebaut das hier alle neu angeschafften Romane eines Jahres einen Platz finden und es so f\u00fcr die Leser noch \u00fcbersichtlicher ist, was das Team an neuen und aktuellen Romanen erworben hat. Es sind hier jeweils die Roman Novit\u00e4ten des aktuellen Jahres zu finden. <img loading=\"lazy\" decoding=\"async\" class=\"wp-image-4631 alignleft\" src=\"https:\/\/gemeindebuechereikastl.de\/wp-content\/uploads\/2024\/03\/uns-mag-keiner-1603x1086.jpg\" alt=\"\" width=\"353\" height=\"239\" srcset=\"https:\/\/gemeindebuechereikastl.de\/wp-content\/uploads\/2024\/03\/uns-mag-keiner-1603x1086.jpg 1603w, https:\/\/gemeindebuechereikastl.de\/wp-content\/uploads\/2024\/03\/uns-mag-keiner-300x203.jpg 300w, https:\/\/gemeindebuechereikastl.de\/wp-content\/uploads\/2024\/03\/uns-mag-keiner-768x520.jpg 768w, https:\/\/gemeindebuechereikastl.de\/wp-content\/uploads\/2024\/03\/uns-mag-keiner-1536x1041.jpg 1536w, https:\/\/gemeindebuechereikastl.de\/wp-content\/uploads\/2024\/03\/uns-mag-keiner-2048x1387.jpg 2048w, https:\/\/gemeindebuechereikastl.de\/wp-content\/uploads\/2024\/03\/uns-mag-keiner-750x508.jpg 750w\" sizes=\"auto, (max-width: 353px) 100vw, 353px\" \/><\/p>\n<p>&nbsp;<\/p>\n<p>&nbsp;<\/p>\n<p>&nbsp;<\/p>\n<p>&nbsp;<\/p>\n<p>&nbsp;<\/p>\n<p>&nbsp;<\/p>\n<p>Bei der Durchsicht der B\u00fccherregale stellt das Team immer wieder fest, das gro\u00dfartige Romane nicht entliehen wurden. Um diese den Lesern besser empfehlen zu k\u00f6nnen sind jene auf zwei Regalbrettern unter dem Leitwort <strong>\u201eUns mag keiner\u201c <\/strong>ausgestellt.<\/p>\n<p><img loading=\"lazy\" decoding=\"async\" class=\"aligncenter wp-image-4648 size-full\" src=\"https:\/\/gemeindebuechereikastl.de\/wp-content\/uploads\/2024\/03\/voher-nachher.jpg\" alt=\"\" width=\"1581\" height=\"587\" srcset=\"https:\/\/gemeindebuechereikastl.de\/wp-content\/uploads\/2024\/03\/voher-nachher.jpg 1581w, https:\/\/gemeindebuechereikastl.de\/wp-content\/uploads\/2024\/03\/voher-nachher-300x111.jpg 300w, https:\/\/gemeindebuechereikastl.de\/wp-content\/uploads\/2024\/03\/voher-nachher-768x285.jpg 768w, https:\/\/gemeindebuechereikastl.de\/wp-content\/uploads\/2024\/03\/voher-nachher-1536x570.jpg 1536w, https:\/\/gemeindebuechereikastl.de\/wp-content\/uploads\/2024\/03\/voher-nachher-750x278.jpg 750w\" sizes=\"auto, (max-width: 1581px) 100vw, 1581px\" \/><\/p>\n","protected":false},"excerpt":{"rendered":"<p>Bei der Umgestaltung des Romanbereiches im OG wurde eine neue Leserecke und ein Regal f\u00fcr alle neuen und aktuellen Romane eingerichtet Nach dem bei der Renovierung der B\u00fccherei im Herbst 2021 wurde das Outfit im Erdgeschoss Leserfreundlicher gestaltet, dies fand bei den Lesern ein sehr gro\u00dfes Echo. Das Team hat sich auf Initiative und Mithilfe &hellip; <\/p>\n<p><a class=\"more-link btn\" href=\"https:\/\/gemeindebuechereikastl.de\/?p=4628\">Weiterlesen<\/a><\/p>\n","protected":false},"author":1,"featured_media":4629,"comment_status":"closed","ping_status":"closed","sticky":false,"template":"","format":"standard","meta":{"footnotes":""},"categories":[5],"tags":[563,564,561,562,565],"class_list":["post-4628","post","type-post","status-publish","format-standard","has-post-thumbnail","hentry","category-news","tag-leserecke","tag-neue-romane","tag-obergeschoss","tag-umgestaltung","tag-uns-mag-keiner","item-wrap"],"_links":{"self":[{"href":"https:\/\/gemeindebuechereikastl.de\/index.php?rest_route=\/wp\/v2\/posts\/4628","targetHints":{"allow":["GET"]}}],"collection":[{"href":"https:\/\/gemeindebuechereikastl.de\/index.php?rest_route=\/wp\/v2\/posts"}],"about":[{"href":"https:\/\/gemeindebuechereikastl.de\/index.php?rest_route=\/wp\/v2\/types\/post"}],"author":[{"embeddable":true,"href":"https:\/\/gemeindebuechereikastl.de\/index.php?rest_route=\/wp\/v2\/users\/1"}],"replies":[{"embeddable":true,"href":"https:\/\/gemeindebuechereikastl.de\/index.php?rest_route=%2Fwp%2Fv2%2Fcomments&post=4628"}],"version-history":[{"count":12,"href":"https:\/\/gemeindebuechereikastl.de\/index.php?rest_route=\/wp\/v2\/posts\/4628\/revisions"}],"predecessor-version":[{"id":4649,"href":"https:\/\/gemeindebuechereikastl.de\/index.php?rest_route=\/wp\/v2\/posts\/4628\/revisions\/4649"}],"wp:featuredmedia":[{"embeddable":true,"href":"https:\/\/gemeindebuechereikastl.de\/index.php?rest_route=\/wp\/v2\/media\/4629"}],"wp:attachment":[{"href":"https:\/\/gemeindebuechereikastl.de\/index.php?rest_route=%2Fwp%2Fv2%2Fmedia&parent=4628"}],"wp:term":[{"taxonomy":"category","embeddable":true,"href":"https:\/\/gemeindebuechereikastl.de\/index.php?rest_route=%2Fwp%2Fv2%2Fcategories&post=4628"},{"taxonomy":"post_tag","embeddable":true,"href":"https:\/\/gemeindebuechereikastl.de\/index.php?rest_route=%2Fwp%2Fv2%2Ftags&post=4628"}],"curies":[{"name":"wp","href":"https:\/\/api.w.org\/{rel}","templated":true}]}}