{"id":4668,"date":"2024-04-07T07:54:15","date_gmt":"2024-04-07T07:54:15","guid":{"rendered":"https:\/\/gemeindebuechereikastl.de\/?p=4668"},"modified":"2024-04-08T07:46:44","modified_gmt":"2024-04-08T07:46:44","slug":"neue-dvds-fuer-alle-altersgruppen-in-der-buecherei-eingetroffen","status":"publish","type":"post","link":"https:\/\/gemeindebuechereikastl.de\/?p=4668","title":{"rendered":"Neue DVDs f\u00fcr alle Altersgruppen in der B\u00fccherei eingetroffen"},"content":{"rendered":"<h2 style=\"text-align: center;\"><strong><span style=\"color: #ff6600;\">Neue DVDs f\u00fcr Kinder, Familein und Erwachsene gibt es ab sofort in der B\u00fccherei zum Entleihen<\/span><\/strong><\/h2>\n<p align=\"center\"><strong>In der B\u00fccherei stehen wieder einige neue, interessante und auch lustige und unterhaltsame DVDs f\u00fcr Kinder, Erwachsene und f\u00fcr die ganze Familie zum Mitnehmen bereit.<\/strong><\/p>\n<p><img loading=\"lazy\" decoding=\"async\" class=\"wp-image-4670 size-large aligncenter\" src=\"https:\/\/gemeindebuechereikastl.de\/wp-content\/uploads\/2024\/04\/DVDs-Fruehjahr-2024-1603x1202.jpg\" alt=\"\" width=\"750\" height=\"562\" srcset=\"https:\/\/gemeindebuechereikastl.de\/wp-content\/uploads\/2024\/04\/DVDs-Fruehjahr-2024-1603x1202.jpg 1603w, https:\/\/gemeindebuechereikastl.de\/wp-content\/uploads\/2024\/04\/DVDs-Fruehjahr-2024-300x225.jpg 300w, https:\/\/gemeindebuechereikastl.de\/wp-content\/uploads\/2024\/04\/DVDs-Fruehjahr-2024-768x576.jpg 768w, https:\/\/gemeindebuechereikastl.de\/wp-content\/uploads\/2024\/04\/DVDs-Fruehjahr-2024-1536x1152.jpg 1536w, https:\/\/gemeindebuechereikastl.de\/wp-content\/uploads\/2024\/04\/DVDs-Fruehjahr-2024-2048x1536.jpg 2048w, https:\/\/gemeindebuechereikastl.de\/wp-content\/uploads\/2024\/04\/DVDs-Fruehjahr-2024-750x563.jpg 750w\" sizes=\"auto, (max-width: 750px) 100vw, 750px\" \/><\/p>\n<p><strong>Bei den Erwachsenen:\u00a0<\/strong>Der neue Eberhofer Krimi \u201c<span class=\"a-size-large product-title-word-break\">Rehragout-Rendezvous&#8220;, <\/span><span class=\"a-size-large product-title-word-break\">Die Tribute von Panem &#8211; The Ballad of Songbird &amp; Snakes&#8220; oder &#8222;<\/span><span id=\"productTitle\" class=\"a-size-large product-title-word-break\">Avatar &#8211; Aufbruch nach Pandora&#8220;, sowei &#8222;Oppenheimer (7 Oskars)&#8220; und &#8222;Ein ganzes Leben (Nach dem Jahrhundertroman von Robert Seethaler&#8220;<br \/>\n<\/span><\/p>\n<p>F\u00fcr Familien die beiden Filme &#8222;<strong>Enkel f\u00fcr Fortgeschrittene&#8220;<\/strong> und &#8222;<strong>Wochenendrebellen<\/strong>&#8220; (Geschichte um einen Autistischen Sohn und Fussball)<\/p>\n<p>F\u00fcr die Kinder gibt es: \u201e<strong>Arielle die Meerjungfrau\u2033, Barbie &#8222;<\/strong>ein weiter Film von den <b>Helfern auf vier Pfoten<\/b> &#8222;<span id=\"productTitle\" class=\"a-size-large product-title-word-break\"><strong>Paw Patrol: Der Mighty Kinofilm<\/strong>&#8220;<br \/>\n<\/span><\/p>\n<p><strong><img loading=\"lazy\" decoding=\"async\" class=\"wp-image-3475 alignleft\" src=\"https:\/\/gemeindebuechereikastl.de\/wp-content\/uploads\/2022\/11\/DVD-Symbol-300x300.jpg\" sizes=\"auto, (max-width: 132px) 100vw, 132px\" srcset=\"https:\/\/gemeindebuechereikastl.de\/wp-content\/uploads\/2022\/11\/DVD-Symbol-300x300.jpg 300w, https:\/\/gemeindebuechereikastl.de\/wp-content\/uploads\/2022\/11\/DVD-Symbol-150x150.jpg 150w, https:\/\/gemeindebuechereikastl.de\/wp-content\/uploads\/2022\/11\/DVD-Symbol-768x767.jpg 768w, https:\/\/gemeindebuechereikastl.de\/wp-content\/uploads\/2022\/11\/DVD-Symbol-750x749.jpg 750w, https:\/\/gemeindebuechereikastl.de\/wp-content\/uploads\/2022\/11\/DVD-Symbol.jpg 1192w\" alt=\"\" width=\"132\" height=\"132\" \/><\/strong><\/p>\n<p><strong>Weiter Infos zu den neuen Filmen auf DVD gibt es in unserem\u00a0<a href=\"https:\/\/iopac.gemeindebuechereikastl.de\/\">ONLINE-KATALOG<\/a>\u00a0unter\u00a0<a href=\"https:\/\/iopac.gemeindebuechereikastl.de\/iopac\/\">\u201eNeue Titel\u201c.<\/a><\/strong><\/p>\n<p><strong>Mit den\u00a0<\/strong><strong>10 <\/strong><strong>neuen DVDs bieten wir insgesamt 442 Filme auf DVD f\u00fcr Kinder und Erwachsene zum Entleihen an. Weitere Infos zum gesamten DVD-Angebot gibt es bei einem Besuch in der B\u00fccherei oder wie immer in unserem <a href=\"https:\/\/iopac.gemeindebuechereikastl.de\/\">ONLINE-KATALOG<\/a><\/strong><\/p>\n","protected":false},"excerpt":{"rendered":"<p>Neue DVDs f\u00fcr Kinder, Familein und Erwachsene gibt es ab sofort in der B\u00fccherei zum Entleihen In der B\u00fccherei stehen wieder einige neue, interessante und auch lustige und unterhaltsame DVDs f\u00fcr Kinder, Erwachsene und f\u00fcr die ganze Familie zum Mitnehmen bereit. Bei den Erwachsenen:\u00a0Der neue Eberhofer Krimi \u201cRehragout-Rendezvous&#8220;, Die Tribute von Panem &#8211; The Ballad &hellip; <\/p>\n<p><a class=\"more-link btn\" href=\"https:\/\/gemeindebuechereikastl.de\/?p=4668\">Weiterlesen<\/a><\/p>\n","protected":false},"author":1,"featured_media":4670,"comment_status":"closed","ping_status":"closed","sticky":false,"template":"","format":"standard","meta":{"footnotes":""},"categories":[5],"tags":[30],"class_list":["post-4668","post","type-post","status-publish","format-standard","has-post-thumbnail","hentry","category-news","tag-dvds","item-wrap"],"_links":{"self":[{"href":"https:\/\/gemeindebuechereikastl.de\/index.php?rest_route=\/wp\/v2\/posts\/4668","targetHints":{"allow":["GET"]}}],"collection":[{"href":"https:\/\/gemeindebuechereikastl.de\/index.php?rest_route=\/wp\/v2\/posts"}],"about":[{"href":"https:\/\/gemeindebuechereikastl.de\/index.php?rest_route=\/wp\/v2\/types\/post"}],"author":[{"embeddable":true,"href":"https:\/\/gemeindebuechereikastl.de\/index.php?rest_route=\/wp\/v2\/users\/1"}],"replies":[{"embeddable":true,"href":"https:\/\/gemeindebuechereikastl.de\/index.php?rest_route=%2Fwp%2Fv2%2Fcomments&post=4668"}],"version-history":[{"count":5,"href":"https:\/\/gemeindebuechereikastl.de\/index.php?rest_route=\/wp\/v2\/posts\/4668\/revisions"}],"predecessor-version":[{"id":4675,"href":"https:\/\/gemeindebuechereikastl.de\/index.php?rest_route=\/wp\/v2\/posts\/4668\/revisions\/4675"}],"wp:featuredmedia":[{"embeddable":true,"href":"https:\/\/gemeindebuechereikastl.de\/index.php?rest_route=\/wp\/v2\/media\/4670"}],"wp:attachment":[{"href":"https:\/\/gemeindebuechereikastl.de\/index.php?rest_route=%2Fwp%2Fv2%2Fmedia&parent=4668"}],"wp:term":[{"taxonomy":"category","embeddable":true,"href":"https:\/\/gemeindebuechereikastl.de\/index.php?rest_route=%2Fwp%2Fv2%2Fcategories&post=4668"},{"taxonomy":"post_tag","embeddable":true,"href":"https:\/\/gemeindebuechereikastl.de\/index.php?rest_route=%2Fwp%2Fv2%2Ftags&post=4668"}],"curies":[{"name":"wp","href":"https:\/\/api.w.org\/{rel}","templated":true}]}}