{"id":4677,"date":"2024-04-16T17:56:13","date_gmt":"2024-04-16T17:56:13","guid":{"rendered":"https:\/\/gemeindebuechereikastl.de\/?p=4677"},"modified":"2024-04-17T13:17:04","modified_gmt":"2024-04-17T13:17:04","slug":"ueber-100-neue-buecher-und-medien-fuer-alle-altersgruppen-neu-zum-entleihen","status":"publish","type":"post","link":"https:\/\/gemeindebuechereikastl.de\/?p=4677","title":{"rendered":"\u00dcber 100 neue B\u00fccher und Medien f\u00fcr alle Altersgruppen zum Entleihen"},"content":{"rendered":"<h2 style=\"text-align: center;\"><span style=\"color: #ff6600;\"><strong>Diverse Fr\u00fchjahrsnovit\u00e4ten hat das Team f\u00fcr alle Leser eingekauft, diese stehen ab sofort f\u00fcr die Ausleihe zur Verf\u00fcgung. Es gibt f\u00fcr alle vom Kleinkind bis hin zu B\u00fcchern f\u00fcr Erwachsene und auch bei den Mangas und Tonies wieder viel neues zu entdecken<\/strong><\/span><\/h2>\n<p><img loading=\"lazy\" decoding=\"async\" class=\"aligncenter wp-image-4685 size-full\" src=\"https:\/\/gemeindebuechereikastl.de\/wp-content\/uploads\/2024\/04\/Neue-Buecher-Fruehjahr-2024.jpg\" alt=\"\" width=\"1320\" height=\"704\" srcset=\"https:\/\/gemeindebuechereikastl.de\/wp-content\/uploads\/2024\/04\/Neue-Buecher-Fruehjahr-2024.jpg 1320w, https:\/\/gemeindebuechereikastl.de\/wp-content\/uploads\/2024\/04\/Neue-Buecher-Fruehjahr-2024-300x160.jpg 300w, https:\/\/gemeindebuechereikastl.de\/wp-content\/uploads\/2024\/04\/Neue-Buecher-Fruehjahr-2024-768x410.jpg 768w, https:\/\/gemeindebuechereikastl.de\/wp-content\/uploads\/2024\/04\/Neue-Buecher-Fruehjahr-2024-750x400.jpg 750w\" sizes=\"auto, (max-width: 1320px) 100vw, 1320px\" \/> Bei den <strong>Bilderb\u00fcchern<\/strong> sind es das neue von &#8222;<strong>Frida, die Waldhexe&#8220; <\/strong>und vom &#8222;<strong>Kleine Pandas, gro\u00dfes Versprechen&#8220; <\/strong>und &#8222;<strong>Der Blaufusst\u00f6lpel&#8220;<\/strong> wie weitere Bilderb\u00fccher. Auch im Bereich der <strong>Erstleser<\/strong><strong>\u00a0<\/strong>gibt es neues wie die beiden neuen Serien vom <strong>Ponyhof Apfelbl\u00fcte<\/strong>,<strong> Liliane Susewind, Emil Einstein, Eine Klasse voller Superhelden <\/strong>und andere mehr.<br \/>\nBei den B\u00fcchern f\u00fcr\u00a0<strong>Kinder von 8 bis 13 Jahre<\/strong> wurden die vorhandenen Serien ausgebaut so gibt es neues aus &#8222;<strong>Sommerby &#8211; Am sch\u00f6nsten ist es in Sommerby&#8220;, &#8222;Die Duftakademie (2) &#8211; Gef\u00e4hrliches Gefl\u00fcster&#8220; oder von Schwieger. &#8222;<\/strong><strong>Ich, Aladin, und die Helden aus 1001 Nacht&#8220; <\/strong>Neben den Serien gibt es auch andere gro\u00dfartige B\u00fccher zu entdecken.<br \/>\nAuch in der neuen <strong>Rubrik der Mangas<\/strong> (Ausleihrenner) wurde einige Sereien erg\u00e4nzt und Neu mit 5 B\u00e4nden <strong>\u201eSamurai8\u201c. <\/strong>Auch im Bereich der\u00a0<strong>Tonis<\/strong>\u00a0gibt es NEUES! Von der\u00a0<strong>PAW Patrol, Die Schl\u00fcmpfe, Barbie<\/strong>\u00a0usw.<\/p>\n<p><img loading=\"lazy\" decoding=\"async\" class=\"wp-image-4681 alignleft\" src=\"https:\/\/gemeindebuechereikastl.de\/wp-content\/uploads\/2024\/04\/Neu-Romane-905x1206.jpg\" alt=\"\" width=\"412\" height=\"549\" srcset=\"https:\/\/gemeindebuechereikastl.de\/wp-content\/uploads\/2024\/04\/Neu-Romane-905x1206.jpg 905w, https:\/\/gemeindebuechereikastl.de\/wp-content\/uploads\/2024\/04\/Neu-Romane-225x300.jpg 225w, https:\/\/gemeindebuechereikastl.de\/wp-content\/uploads\/2024\/04\/Neu-Romane-768x1024.jpg 768w, https:\/\/gemeindebuechereikastl.de\/wp-content\/uploads\/2024\/04\/Neu-Romane-1152x1536.jpg 1152w, https:\/\/gemeindebuechereikastl.de\/wp-content\/uploads\/2024\/04\/Neu-Romane-1536x2048.jpg 1536w, https:\/\/gemeindebuechereikastl.de\/wp-content\/uploads\/2024\/04\/Neu-Romane-750x1000.jpg 750w, https:\/\/gemeindebuechereikastl.de\/wp-content\/uploads\/2024\/04\/Neu-Romane-scaled.jpg 1920w\" sizes=\"auto, (max-width: 412px) 100vw, 412px\" \/><\/p>\n<p>Auch bei den\u00a0<strong>Romanen<\/strong> werden die Leser f\u00fcndig. Bei den Romanen ist es die hei\u00dfersehnte Fortsetzung des Fantasyromans &#8222;<strong>Iron Flame \u2013<\/strong> <strong>Flammengek\u00fcsst&#8220;<\/strong> und &#8222;<strong>Yellowface&#8220;<\/strong> aus der Bestsellerliste. Weiter der neue S\u00fcdtirolkrimi\u00a0 &#8222;<strong>Das Fl\u00fcstern im Eis&#8220;<\/strong> oder der neue von Ellen Sandberg &#8222;<strong>Keine Reue&#8220;<\/strong>. Neben den Romanen von der Bestsellerliste gibt es auch Krimis aus verschiedenen L\u00e4ndern sowie Historische Romane bei den neuen Romanen zu entdecken.<\/p>\n<p>Besonders sticht auch der Romaen von <strong>Kurt Tallert &#8222;Spur und Abweg&#8220;<\/strong> heraus, diesen konnta das Team im November zu einer Lesung nach Kastl holen. .<\/p>\n<p>Neben der Unterhaltungslekt\u00fcre kommt in k\u00fcrze auch neue B\u00fccher auf dem Gebiet der <strong>Sachb\u00fccher<\/strong><strong>\u00a0<\/strong>und <strong>Kindersachb\u00fcchern<\/strong> dazu.<\/p>\n<p><span style=\"color: #800000;\"><strong>Alle weiteren Infos zu den neuen B\u00fcchern und Medien gibt es vorab in unserem<span style=\"color: #cc99ff;\">\u00a0<\/span><span style=\"color: #ff0000;\"><a style=\"color: #ff0000;\" href=\"https:\/\/iopac.gemeindebuechereikastl.de\/\">Online-Katalog\u00a0<\/a><\/span>hier unter\u00a0<\/strong><strong>\u201e<span style=\"color: #ff0000;\">Neue Titel<\/span>\u201c.<br \/>\n<\/strong><\/span><span style=\"color: #800000;\"><strong>Kommen Sie bei einfach bei uns in der B\u00fccherei vorbei und entdecken Sie selbst ihre Lieblingsb\u00fccher aus unserem neuen Fr\u00fchjahrsangebot, bei einem Besuch in der Klosterbergstr. 1 zu unseren \u00d6ffnungszeiten!<\/strong><\/span><span style=\"color: #800000;\"><strong>IHR\u00a0 B\u00dcCHEREITEAM<\/strong><\/span><\/p>\n","protected":false},"excerpt":{"rendered":"<p>Diverse Fr\u00fchjahrsnovit\u00e4ten hat das Team f\u00fcr alle Leser eingekauft, diese stehen ab sofort f\u00fcr die Ausleihe zur Verf\u00fcgung. Es gibt f\u00fcr alle vom Kleinkind bis hin zu B\u00fcchern f\u00fcr Erwachsene und auch bei den Mangas und Tonies wieder viel neues zu entdecken Bei den Bilderb\u00fcchern sind es das neue von &#8222;Frida, die Waldhexe&#8220; und vom &hellip; <\/p>\n<p><a class=\"more-link btn\" href=\"https:\/\/gemeindebuechereikastl.de\/?p=4677\">Weiterlesen<\/a><\/p>\n","protected":false},"author":1,"featured_media":4685,"comment_status":"closed","ping_status":"closed","sticky":false,"template":"","format":"standard","meta":{"footnotes":""},"categories":[1],"tags":[519,85,115],"class_list":["post-4677","post","type-post","status-publish","format-standard","has-post-thumbnail","hentry","category-team","tag-mangas","tag-neue-buecher","tag-tonies","item-wrap"],"_links":{"self":[{"href":"https:\/\/gemeindebuechereikastl.de\/index.php?rest_route=\/wp\/v2\/posts\/4677","targetHints":{"allow":["GET"]}}],"collection":[{"href":"https:\/\/gemeindebuechereikastl.de\/index.php?rest_route=\/wp\/v2\/posts"}],"about":[{"href":"https:\/\/gemeindebuechereikastl.de\/index.php?rest_route=\/wp\/v2\/types\/post"}],"author":[{"embeddable":true,"href":"https:\/\/gemeindebuechereikastl.de\/index.php?rest_route=\/wp\/v2\/users\/1"}],"replies":[{"embeddable":true,"href":"https:\/\/gemeindebuechereikastl.de\/index.php?rest_route=%2Fwp%2Fv2%2Fcomments&post=4677"}],"version-history":[{"count":4,"href":"https:\/\/gemeindebuechereikastl.de\/index.php?rest_route=\/wp\/v2\/posts\/4677\/revisions"}],"predecessor-version":[{"id":4689,"href":"https:\/\/gemeindebuechereikastl.de\/index.php?rest_route=\/wp\/v2\/posts\/4677\/revisions\/4689"}],"wp:featuredmedia":[{"embeddable":true,"href":"https:\/\/gemeindebuechereikastl.de\/index.php?rest_route=\/wp\/v2\/media\/4685"}],"wp:attachment":[{"href":"https:\/\/gemeindebuechereikastl.de\/index.php?rest_route=%2Fwp%2Fv2%2Fmedia&parent=4677"}],"wp:term":[{"taxonomy":"category","embeddable":true,"href":"https:\/\/gemeindebuechereikastl.de\/index.php?rest_route=%2Fwp%2Fv2%2Fcategories&post=4677"},{"taxonomy":"post_tag","embeddable":true,"href":"https:\/\/gemeindebuechereikastl.de\/index.php?rest_route=%2Fwp%2Fv2%2Ftags&post=4677"}],"curies":[{"name":"wp","href":"https:\/\/api.w.org\/{rel}","templated":true}]}}