{"id":4698,"date":"2024-04-22T12:37:26","date_gmt":"2024-04-22T12:37:26","guid":{"rendered":"https:\/\/gemeindebuechereikastl.de\/?p=4698"},"modified":"2024-04-22T12:40:22","modified_gmt":"2024-04-22T12:40:22","slug":"im-rahmen-der-schulausleihe-besuchten-die-kinder-der-1-klasse-die-gemeindebuecherei-kastl","status":"publish","type":"post","link":"https:\/\/gemeindebuechereikastl.de\/?p=4698","title":{"rendered":"Im Rahmen der Schulausleihe besuchten die Kinder der 1. Klasse die Gemeindeb\u00fccherei Kastl"},"content":{"rendered":"<h2 style=\"text-align: center;\"><span style=\"color: #ff6600;\"><strong>Zum ersten Mal besuchten die Kinder der 1. Klasse im Rahmen der Schulausleihe gemeinsam die Gemeindeb\u00fccherei Kastl<\/strong><\/span><\/h2>\n<p>Nachdem fast alle Buchstaben gelernt sind und die Kinder schon etwas Lese\u00fcbung haben, besuchten sie im Rahmen der Schulausleihe zum ersten Mal gemeinsam die Kastler B\u00fccherei. Viele Erstkl\u00e4ssler kennen die Gemeindeb\u00fccherei schon von ihren Besuchen mit den Eltern oder vom B\u00fcchereif\u00fchrerschein mit dem Kindergarten.<br \/>\n<img loading=\"lazy\" decoding=\"async\" class=\"alignleft wp-image-4700 \" src=\"https:\/\/gemeindebuechereikastl.de\/wp-content\/uploads\/2024\/04\/Kinder-1.-Klasse-867x1206.jpg\" alt=\"\" width=\"314\" height=\"437\" srcset=\"https:\/\/gemeindebuechereikastl.de\/wp-content\/uploads\/2024\/04\/Kinder-1.-Klasse-867x1206.jpg 867w, https:\/\/gemeindebuechereikastl.de\/wp-content\/uploads\/2024\/04\/Kinder-1.-Klasse-216x300.jpg 216w, https:\/\/gemeindebuechereikastl.de\/wp-content\/uploads\/2024\/04\/Kinder-1.-Klasse-768x1068.jpg 768w, https:\/\/gemeindebuechereikastl.de\/wp-content\/uploads\/2024\/04\/Kinder-1.-Klasse-1104x1536.jpg 1104w, https:\/\/gemeindebuechereikastl.de\/wp-content\/uploads\/2024\/04\/Kinder-1.-Klasse-1472x2048.jpg 1472w, https:\/\/gemeindebuechereikastl.de\/wp-content\/uploads\/2024\/04\/Kinder-1.-Klasse-750x1043.jpg 750w, https:\/\/gemeindebuechereikastl.de\/wp-content\/uploads\/2024\/04\/Kinder-1.-Klasse-scaled.jpg 1840w\" sizes=\"auto, (max-width: 314px) 100vw, 314px\" \/>B\u00fcchereileiter Georg D\u00fcrr und die Mitarbeiterinnen Sabine Diener, Rita Popp und Christa Kastner begr\u00fc\u00dften die Sch\u00fclerinnen und Sch\u00fcler der 1. Klasse mit Klassenlehrerin Frau Ulrike Hampel-Sperlich recht herzlich in der Gemeindeb\u00fccherei Kastl.\u00a0 Zu Beginn wurden sie gefragt, was es alles in der B\u00fccherei zum Entleihen gib? Einiges war aber auch neu f\u00fcr sie, z. B. was die verschiedenen Farben an den B\u00fcchern und Medien zu bedeuten haben. Bei einem kurzen Rundgang durch die beiden Geschosse erhielten sie noch einen \u00dcberblick \u00fcber das komplette Angebot der B\u00fccherei.\u00a0\u00a0 Danach lie\u00df B\u00fcchereileiter D\u00fcrr die Kinder sch\u00e4tzen wie viele Medien untergebracht sind. Sie waren \u00fcberrascht, dass \u00fcber 9.500 Medien in der B\u00fccherei zur Verf\u00fcgung stehen, ca. 8000 B\u00fccher und Zeitschriften, sowie ca. 1500 Nichtbuchmedien (Spiele, DVDs, H\u00f6rb\u00fccher f\u00fcr Kinder und Erwachsene, Tonies). Neben dem Angebot in der B\u00fccherei kann man auch noch an die 30.000 eBooks Online ausleihen.<\/p>\n<p>Die Kinder freuten sich besonders, dass es viele f\u00fcr sie interessante B\u00fccher gibt, z. B. \u00fcber Tiere, Fahrzeuge, Berufe usw.\u00a0 Au\u00dferdem besitzt die B\u00fccherei ca. 3000 Antolin B\u00fccher. Nach der F\u00fchrung konnten die Kinder in den Regalen st\u00f6bern und fanden gleich ihre Lieblingsb\u00fccher zum Mitnehmen.<\/p>\n<p><img loading=\"lazy\" decoding=\"async\" class=\"aligncenter wp-image-4699 size-large\" src=\"https:\/\/gemeindebuechereikastl.de\/wp-content\/uploads\/2024\/04\/1-Klasse-1603x1114.jpg\" alt=\"\" width=\"750\" height=\"521\" srcset=\"https:\/\/gemeindebuechereikastl.de\/wp-content\/uploads\/2024\/04\/1-Klasse-1603x1114.jpg 1603w, https:\/\/gemeindebuechereikastl.de\/wp-content\/uploads\/2024\/04\/1-Klasse-300x208.jpg 300w, https:\/\/gemeindebuechereikastl.de\/wp-content\/uploads\/2024\/04\/1-Klasse-768x534.jpg 768w, https:\/\/gemeindebuechereikastl.de\/wp-content\/uploads\/2024\/04\/1-Klasse-1536x1067.jpg 1536w, https:\/\/gemeindebuechereikastl.de\/wp-content\/uploads\/2024\/04\/1-Klasse-2048x1423.jpg 2048w, https:\/\/gemeindebuechereikastl.de\/wp-content\/uploads\/2024\/04\/1-Klasse-750x521.jpg 750w\" sizes=\"auto, (max-width: 750px) 100vw, 750px\" \/><\/p>\n<p>Sie erhielten ihren eigenen Leseausweis, mit dem sie eigenst\u00e4ndig bei der Schulausleihe oder beim Besuch zu den regul\u00e4ren \u00d6ffnungszeiten B\u00fccher und weitere Medien ausleihen k\u00f6nnen.\u00a0 Bei einem Besuch mit den Eltern zu den normalen \u00d6ffnungszeiten kann das komplette Angebot der B\u00fccherei genutzt werden. Als kleines Dankesch\u00f6n und f\u00fcr die weiteren Besuche wurde ihnen eine B\u00fcchereitasche, ein kleines B\u00fcchereiheftchen und ein Lesezeichen geschenkt. So konnten gleich die in der Zwischenzeit verbuchten Lieblingsb\u00fccher eingepackt werden.<\/p>\n","protected":false},"excerpt":{"rendered":"<p>Zum ersten Mal besuchten die Kinder der 1. Klasse im Rahmen der Schulausleihe gemeinsam die Gemeindeb\u00fccherei Kastl Nachdem fast alle Buchstaben gelernt sind und die Kinder schon etwas Lese\u00fcbung haben, besuchten sie im Rahmen der Schulausleihe zum ersten Mal gemeinsam die Kastler B\u00fccherei. Viele Erstkl\u00e4ssler kennen die Gemeindeb\u00fccherei schon von ihren Besuchen mit den Eltern &hellip; <\/p>\n<p><a class=\"more-link btn\" href=\"https:\/\/gemeindebuechereikastl.de\/?p=4698\">Weiterlesen<\/a><\/p>\n","protected":false},"author":1,"featured_media":4699,"comment_status":"closed","ping_status":"closed","sticky":false,"template":"","format":"standard","meta":{"footnotes":""},"categories":[5],"tags":[572,90,571,22],"class_list":["post-4698","post","type-post","status-publish","format-standard","has-post-thumbnail","hentry","category-news","tag-erste-ausleihe","tag-kinder","tag-lieblingsbuecher","tag-schulausleihe","item-wrap"],"_links":{"self":[{"href":"https:\/\/gemeindebuechereikastl.de\/index.php?rest_route=\/wp\/v2\/posts\/4698","targetHints":{"allow":["GET"]}}],"collection":[{"href":"https:\/\/gemeindebuechereikastl.de\/index.php?rest_route=\/wp\/v2\/posts"}],"about":[{"href":"https:\/\/gemeindebuechereikastl.de\/index.php?rest_route=\/wp\/v2\/types\/post"}],"author":[{"embeddable":true,"href":"https:\/\/gemeindebuechereikastl.de\/index.php?rest_route=\/wp\/v2\/users\/1"}],"replies":[{"embeddable":true,"href":"https:\/\/gemeindebuechereikastl.de\/index.php?rest_route=%2Fwp%2Fv2%2Fcomments&post=4698"}],"version-history":[{"count":3,"href":"https:\/\/gemeindebuechereikastl.de\/index.php?rest_route=\/wp\/v2\/posts\/4698\/revisions"}],"predecessor-version":[{"id":4703,"href":"https:\/\/gemeindebuechereikastl.de\/index.php?rest_route=\/wp\/v2\/posts\/4698\/revisions\/4703"}],"wp:featuredmedia":[{"embeddable":true,"href":"https:\/\/gemeindebuechereikastl.de\/index.php?rest_route=\/wp\/v2\/media\/4699"}],"wp:attachment":[{"href":"https:\/\/gemeindebuechereikastl.de\/index.php?rest_route=%2Fwp%2Fv2%2Fmedia&parent=4698"}],"wp:term":[{"taxonomy":"category","embeddable":true,"href":"https:\/\/gemeindebuechereikastl.de\/index.php?rest_route=%2Fwp%2Fv2%2Fcategories&post=4698"},{"taxonomy":"post_tag","embeddable":true,"href":"https:\/\/gemeindebuechereikastl.de\/index.php?rest_route=%2Fwp%2Fv2%2Ftags&post=4698"}],"curies":[{"name":"wp","href":"https:\/\/api.w.org\/{rel}","templated":true}]}}