{"id":4732,"date":"2024-05-09T08:36:21","date_gmt":"2024-05-09T08:36:21","guid":{"rendered":"https:\/\/gemeindebuechereikastl.de\/?p=4732"},"modified":"2024-05-09T08:55:20","modified_gmt":"2024-05-09T08:55:20","slug":"50-jahre-gemeindebuecherei-kastl-treffen-ehemalige-und-aktuelles-team","status":"publish","type":"post","link":"https:\/\/gemeindebuechereikastl.de\/?p=4732","title":{"rendered":"50 Jahre Gemeindeb\u00fccherei Kastl &#8211; Treffen ehemalige und aktuelle Teammitglieder"},"content":{"rendered":"<h2 style=\"text-align: center;\"><span style=\"color: #ff6600;\"><strong>Im Rahmen der Feierlichkeiten \u201e50 Jahre Gemeindeb\u00fccherei Kastl\u201c, gab es ein Treffen aller ehemaligen und aktuellen Mitarbeiterinnen und Mitarbeiter im Steinstadl<\/strong> <\/span><\/h2>\n<p>Die ehemaligen Mitarbeiterinnen der Gemeindeb\u00fccherei Kastl waren bei einem Treffen mit dem aktuellen Team von der Entwicklung die, die Kastler B\u00fccherei in den vergangenen 50 Jahren genommen hat begeistert. Dies sei das Verdienst aller Mitarbeiterinnen und Mitarbeiter, ob ehemalig oder aktuelle stellten B\u00fcchereileiter Georg D\u00fcrr und B\u00fcrgermeister Stefan Braun bei Ihren Begr\u00fc\u00dfungen in den Vordergrund. Dieses Ehemaligentreffen stand ganz im Rahmen des Jubil\u00e4ums \u201e50 Jahre Gemeindeb\u00fccherei Kastl\u201c<\/p>\n<p><img loading=\"lazy\" decoding=\"async\" class=\"aligncenter wp-image-4734 \" src=\"https:\/\/gemeindebuechereikastl.de\/wp-content\/uploads\/2024\/05\/20240504_154238-1603x955.jpg\" alt=\"\" width=\"723\" height=\"431\" srcset=\"https:\/\/gemeindebuechereikastl.de\/wp-content\/uploads\/2024\/05\/20240504_154238-1603x955.jpg 1603w, https:\/\/gemeindebuechereikastl.de\/wp-content\/uploads\/2024\/05\/20240504_154238-300x179.jpg 300w, https:\/\/gemeindebuechereikastl.de\/wp-content\/uploads\/2024\/05\/20240504_154238-768x458.jpg 768w, https:\/\/gemeindebuechereikastl.de\/wp-content\/uploads\/2024\/05\/20240504_154238-1536x915.jpg 1536w, https:\/\/gemeindebuechereikastl.de\/wp-content\/uploads\/2024\/05\/20240504_154238-2048x1220.jpg 2048w, https:\/\/gemeindebuechereikastl.de\/wp-content\/uploads\/2024\/05\/20240504_154238-750x447.jpg 750w\" sizes=\"auto, (max-width: 723px) 100vw, 723px\" \/><\/p>\n<p>In gem\u00fctlicher Runde bei Kaffee und Kuchen im Steinstadl wurden so einige Anekdoten der Kastler Buechereiarbeit unter den B\u00fcchereimitarbeiterinnen und Mitarbeitern ausgetauscht.<br \/>\nIm Anschluss wurde die B\u00fccherei besichtigt, die bei den ehemaligen ein gro\u00dfes \u201eWow\u201c hervorrief. In der Chronik, die auflag ist <img loading=\"lazy\" decoding=\"async\" class=\"alignleft wp-image-4735 \" src=\"https:\/\/gemeindebuechereikastl.de\/wp-content\/uploads\/2024\/05\/20240504_160916-1603x902.jpg\" alt=\"\" width=\"540\" height=\"304\" srcset=\"https:\/\/gemeindebuechereikastl.de\/wp-content\/uploads\/2024\/05\/20240504_160916-1603x902.jpg 1603w, https:\/\/gemeindebuechereikastl.de\/wp-content\/uploads\/2024\/05\/20240504_160916-300x169.jpg 300w, https:\/\/gemeindebuechereikastl.de\/wp-content\/uploads\/2024\/05\/20240504_160916-768x432.jpg 768w, https:\/\/gemeindebuechereikastl.de\/wp-content\/uploads\/2024\/05\/20240504_160916-1536x865.jpg 1536w, https:\/\/gemeindebuechereikastl.de\/wp-content\/uploads\/2024\/05\/20240504_160916-2048x1153.jpg 2048w, https:\/\/gemeindebuechereikastl.de\/wp-content\/uploads\/2024\/05\/20240504_160916-750x422.jpg 750w\" sizes=\"auto, (max-width: 540px) 100vw, 540px\" \/>mittlerweile auf \u00fcber 12 gro\u00dfe Ordner angewachsen. In dieser ist alles, was in den letzten 50 Jahren so passierte ist, dokumentiert und von den Mitarbeiterinnen sehr intensiv durchgebl\u00e4ttert und fanden so manche alten Fotos aus den vergangenen 50 Jahren, die Aufsehen erregten.<br \/>\nErstaunt zeigten sich alle was f\u00fcr eine Vielfalt von Veranstaltungen sich das jeweilige B\u00fcchereiteam hatte einfallen lassen. Die H\u00f6hepunkte waren die <img loading=\"lazy\" decoding=\"async\" class=\"alignright wp-image-4733\" src=\"https:\/\/gemeindebuechereikastl.de\/wp-content\/uploads\/2024\/05\/1984-2024-899x1206.jpg\" alt=\"\" width=\"490\" height=\"657\" srcset=\"https:\/\/gemeindebuechereikastl.de\/wp-content\/uploads\/2024\/05\/1984-2024-899x1206.jpg 899w, https:\/\/gemeindebuechereikastl.de\/wp-content\/uploads\/2024\/05\/1984-2024-224x300.jpg 224w, https:\/\/gemeindebuechereikastl.de\/wp-content\/uploads\/2024\/05\/1984-2024-768x1031.jpg 768w, https:\/\/gemeindebuechereikastl.de\/wp-content\/uploads\/2024\/05\/1984-2024-1145x1536.jpg 1145w, https:\/\/gemeindebuechereikastl.de\/wp-content\/uploads\/2024\/05\/1984-2024-750x1007.jpg 750w, https:\/\/gemeindebuechereikastl.de\/wp-content\/uploads\/2024\/05\/1984-2024.jpg 1149w\" sizes=\"auto, (max-width: 490px) 100vw, 490px\" \/>Umbauten und Umz\u00fcge in gr\u00f6\u00dfere R\u00e4ume. Von anf\u00e4nglich 16 qm B\u00fccherfl\u00e4che k\u00f6nne man jetzt die diversen B\u00fccher und Medien auf \u00fcber 200 qm und auf zwei Stockwerken pr\u00e4sentieren. Seit 1974 wurden eine Unmenge von Veranstaltungen in und um die B\u00fccherei und Ihr Angebot durchgef\u00fchrt. Verschiedenen Autorenlesungen, Buchausstellungen, Bilderausstellungen, Heilige Nacht Lesung, B\u00fccherflohm\u00e4rkte, Theaterfahrten, Konzerte, Buchausstellungen, Leserfahrten,\u00a0 , Vorlesenachmittage f\u00fcr Kinder, Entenrennen usw. Nicht nur mit den Veranstaltungen setzte das B\u00fcchereiteam Zeichen auch Ihr Kerngesch\u00e4ft ein gutes und aktuelle Angebot an B\u00fcchern wurde in die Tat umgesetzt. Waren es 1974 etwa 1300 B\u00fccher, die entliehen werden, sind es jetzt ca. 9.500 B\u00fccher und Medien. Waren es am Anfang nur B\u00fccher, die verliehen wurden, so kamen im Laufe der Jahre, Brettspiele, Kassetten, CDs, Zeitschriften, Videos, DVDs, Computerspiele, H\u00f6rb\u00fccher, Tonies und Mangas zum Angebot dazu. Als zweite B\u00fccherei in der ganzen Di\u00f6zese Eichst\u00e4tt, bot man 2015 auch eBooks zur Ausleihe \u00fcber Leo Nord an. Auch mit dem Angebot stiegen die Entleihzahlen auf fast 17.000 Entleihungen im Jahr.<\/p>\n<p>&nbsp;<\/p>\n","protected":false},"excerpt":{"rendered":"<p>Im Rahmen der Feierlichkeiten \u201e50 Jahre Gemeindeb\u00fccherei Kastl\u201c, gab es ein Treffen aller ehemaligen und aktuellen Mitarbeiterinnen und Mitarbeiter im Steinstadl Die ehemaligen Mitarbeiterinnen der Gemeindeb\u00fccherei Kastl waren bei einem Treffen mit dem aktuellen Team von der Entwicklung die, die Kastler B\u00fccherei in den vergangenen 50 Jahren genommen hat begeistert. Dies sei das Verdienst aller &hellip; <\/p>\n<p><a class=\"more-link btn\" href=\"https:\/\/gemeindebuechereikastl.de\/?p=4732\">Weiterlesen<\/a><\/p>\n","protected":false},"author":1,"featured_media":4734,"comment_status":"closed","ping_status":"closed","sticky":false,"template":"","format":"standard","meta":{"footnotes":""},"categories":[5],"tags":[338,189,576],"class_list":["post-4732","post","type-post","status-publish","format-standard","has-post-thumbnail","hentry","category-news","tag-50-jahre","tag-jubilaeum","tag-teamtreffen","item-wrap"],"_links":{"self":[{"href":"https:\/\/gemeindebuechereikastl.de\/index.php?rest_route=\/wp\/v2\/posts\/4732","targetHints":{"allow":["GET"]}}],"collection":[{"href":"https:\/\/gemeindebuechereikastl.de\/index.php?rest_route=\/wp\/v2\/posts"}],"about":[{"href":"https:\/\/gemeindebuechereikastl.de\/index.php?rest_route=\/wp\/v2\/types\/post"}],"author":[{"embeddable":true,"href":"https:\/\/gemeindebuechereikastl.de\/index.php?rest_route=\/wp\/v2\/users\/1"}],"replies":[{"embeddable":true,"href":"https:\/\/gemeindebuechereikastl.de\/index.php?rest_route=%2Fwp%2Fv2%2Fcomments&post=4732"}],"version-history":[{"count":5,"href":"https:\/\/gemeindebuechereikastl.de\/index.php?rest_route=\/wp\/v2\/posts\/4732\/revisions"}],"predecessor-version":[{"id":4740,"href":"https:\/\/gemeindebuechereikastl.de\/index.php?rest_route=\/wp\/v2\/posts\/4732\/revisions\/4740"}],"wp:featuredmedia":[{"embeddable":true,"href":"https:\/\/gemeindebuechereikastl.de\/index.php?rest_route=\/wp\/v2\/media\/4734"}],"wp:attachment":[{"href":"https:\/\/gemeindebuechereikastl.de\/index.php?rest_route=%2Fwp%2Fv2%2Fmedia&parent=4732"}],"wp:term":[{"taxonomy":"category","embeddable":true,"href":"https:\/\/gemeindebuechereikastl.de\/index.php?rest_route=%2Fwp%2Fv2%2Fcategories&post=4732"},{"taxonomy":"post_tag","embeddable":true,"href":"https:\/\/gemeindebuechereikastl.de\/index.php?rest_route=%2Fwp%2Fv2%2Ftags&post=4732"}],"curies":[{"name":"wp","href":"https:\/\/api.w.org\/{rel}","templated":true}]}}