{"id":4742,"date":"2024-05-11T12:18:28","date_gmt":"2024-05-11T12:18:28","guid":{"rendered":"https:\/\/gemeindebuechereikastl.de\/?p=4742"},"modified":"2024-05-11T13:11:46","modified_gmt":"2024-05-11T13:11:46","slug":"50-jahre-gemeindebuecherei-kastl-von-der-kleinsten-buecherei-bayerns-zu-eine-der-vorzeigebuechereien-in-der-region","status":"publish","type":"post","link":"https:\/\/gemeindebuechereikastl.de\/?p=4742","title":{"rendered":"50 Jahre Gemeindeb\u00fccherei Kastl &#8211; Von der kleinsten B\u00fccherei Bayerns zu eine der Vorzeigeb\u00fcchereien in der Region"},"content":{"rendered":"<h2 style=\"text-align: center;\"><span style=\"color: #ff6600;\"><strong>Feierlichkeiten zu 50 Jahre Gemeindeb\u00fccherei Kastl und \u00fcber 100 Jahre B\u00fcchereiarbeit in Kastl im Steinstadl<\/strong><\/span><\/h2>\n<p>Mit einem Festakt wurde das 50-j\u00e4hrige Bestehen der Gemeindeb\u00fccherei Kastl unter dem Motto \u201e50 Jahre Gemeindeb\u00fccherei Kastl \u2013 von der kleinsten B\u00fccherei Bayerns zu einer der Vorzeigeb\u00fcchereien im Bistum Eichst\u00e4tt\u201c im Steinstadl gefeiert. Diverse Ehreng\u00e4ste, wie B\u00fcrgermeister Stefan Braun, vom Sankt Michaelsbundes Stefan E\u00df, von der Di\u00f6zesanstelle Dr. Ludwig Brandl und Di\u00f6zesanbibliothekarin Martha Gottschalk sowie die Mitarbeiter\/innen der vergangen 50 Jahre, zollten dem aktuellen Kastler B\u00fcchereiteam mit B\u00fcchereileiter Georg D\u00fcrr ihren Dank f\u00fcr die gro\u00dfartige B\u00fcchereiarbeit.<\/p>\n<p><img loading=\"lazy\" decoding=\"async\" class=\"wp-image-4746 size-large alignnone\" src=\"https:\/\/gemeindebuechereikastl.de\/wp-content\/uploads\/2024\/05\/Festabend-1603x902.jpg\" alt=\"\" width=\"750\" height=\"422\" srcset=\"https:\/\/gemeindebuechereikastl.de\/wp-content\/uploads\/2024\/05\/Festabend-1603x902.jpg 1603w, https:\/\/gemeindebuechereikastl.de\/wp-content\/uploads\/2024\/05\/Festabend-300x169.jpg 300w, https:\/\/gemeindebuechereikastl.de\/wp-content\/uploads\/2024\/05\/Festabend-768x432.jpg 768w, https:\/\/gemeindebuechereikastl.de\/wp-content\/uploads\/2024\/05\/Festabend-1536x865.jpg 1536w, https:\/\/gemeindebuechereikastl.de\/wp-content\/uploads\/2024\/05\/Festabend-2048x1153.jpg 2048w, https:\/\/gemeindebuechereikastl.de\/wp-content\/uploads\/2024\/05\/Festabend-750x422.jpg 750w\" sizes=\"auto, (max-width: 750px) 100vw, 750px\" \/><\/p>\n<p>Durch die Unterzeichnung des ersten Vertrages am 8. Mai 1974 zwischen der Pfarrei Kastl vertreten durch Dekan Ludwig Kraus und dem Markt Kastl vertreten durch B\u00fcrgermeister Xaver Mosner, wurde aus der schon seit 1920 bestehenden Pfarrb\u00fccherei nun die heutige &#8222;GEMEINDEB\u00dcCHEREI KASTL\u201c und wird seit dieser Zeit von der Pfarrei und der Gemeinde gemeinsam gef\u00fchrt. Initiator dieses Vertrages war der damalige Benefiziat Karl M\u00f6dl. Sie haben Weitblick bewiesen mit diesem Vertrag und den Startschuss gegeben f\u00fcr eine erfolgreiche B\u00fccherei, die unentbehrlich ist, wie die Zahlen belegen.<br \/>\n<img loading=\"lazy\" decoding=\"async\" class=\"alignleft wp-image-4749 \" src=\"https:\/\/gemeindebuechereikastl.de\/wp-content\/uploads\/2024\/05\/Duerr-1603x981.jpg\" alt=\"\" width=\"417\" height=\"255\" srcset=\"https:\/\/gemeindebuechereikastl.de\/wp-content\/uploads\/2024\/05\/Duerr-1603x981.jpg 1603w, https:\/\/gemeindebuechereikastl.de\/wp-content\/uploads\/2024\/05\/Duerr-300x184.jpg 300w, https:\/\/gemeindebuechereikastl.de\/wp-content\/uploads\/2024\/05\/Duerr-768x470.jpg 768w, https:\/\/gemeindebuechereikastl.de\/wp-content\/uploads\/2024\/05\/Duerr-1536x940.jpg 1536w, https:\/\/gemeindebuechereikastl.de\/wp-content\/uploads\/2024\/05\/Duerr-2048x1254.jpg 2048w, https:\/\/gemeindebuechereikastl.de\/wp-content\/uploads\/2024\/05\/Duerr-750x459.jpg 750w\" sizes=\"auto, (max-width: 417px) 100vw, 417px\" \/>Die B\u00fcchereiarbeit wurde gleich von Anfang an mit viel Elan angegangen und das auch kontinuierlich bis heute. Es war von jeher das Ziel durch diverse Veranstaltungen und Aktionen auf die Arbeit und das Angebot der B\u00fccherei aufmerksam zu machen. So B\u00fcchereileiter Georg D\u00fcrr der im vergangenen Jahr f\u00fcr seine 50-j\u00e4hrige T\u00e4tigkeit f\u00fcr die Kastler B\u00fccherei geehrt wurde. Mit Stolz k\u00f6nnen wir heute sagen das sich die Gemeindeb\u00fccherei Kastl in den vergangen 50 Jahren \u201eVon der kleinesten B\u00fccherei Bayerns zu eine der Vorzeigeb\u00fcchereien in der Region\u201c entwickelt hat.<br \/>\nZum Schluss seiner Ausf\u00fchrungen dankte er allen Mitarbeiterinnen und Mitarbeiter, die in den vergangenen 50 Jahren die B\u00fcchereiarbeit in der Kastler B\u00fccherei mitgetragen haben. Denn ohne sie st\u00fcnde die B\u00fccherei auf verloren Posten, denn ca. 3500 ehrenamtliche Stunden Arbeit im Jahr f\u00fcr die B\u00fccherei ist nicht zu verachten. Auch galt sein dank der Pfarrei und Gemeinde f\u00fcr die Unterst\u00fctzung in den vergangen 50 Jahren.<\/p>\n<p><img loading=\"lazy\" decoding=\"async\" class=\"alignright wp-image-4743 \" src=\"https:\/\/gemeindebuechereikastl.de\/wp-content\/uploads\/2024\/05\/Bgm-1603x902.jpg\" alt=\"\" width=\"366\" height=\"206\" srcset=\"https:\/\/gemeindebuechereikastl.de\/wp-content\/uploads\/2024\/05\/Bgm-1603x902.jpg 1603w, https:\/\/gemeindebuechereikastl.de\/wp-content\/uploads\/2024\/05\/Bgm-300x169.jpg 300w, https:\/\/gemeindebuechereikastl.de\/wp-content\/uploads\/2024\/05\/Bgm-768x432.jpg 768w, https:\/\/gemeindebuechereikastl.de\/wp-content\/uploads\/2024\/05\/Bgm-1536x865.jpg 1536w, https:\/\/gemeindebuechereikastl.de\/wp-content\/uploads\/2024\/05\/Bgm-2048x1153.jpg 2048w, https:\/\/gemeindebuechereikastl.de\/wp-content\/uploads\/2024\/05\/Bgm-750x422.jpg 750w\" sizes=\"auto, (max-width: 366px) 100vw, 366px\" \/>B\u00fcrgermeister Stefan Braun freute sich das so viel Pers\u00f6nlichkeit der Einladung gefolgt sind das Jubil\u00e4um der Gemeindeb\u00fccherei Kastl miteinander zu feiern. Wie so viele B\u00fcrgerinnen und B\u00fcrger so Stefan Braun sch\u00e4tze auch er diese Bibliothek und habe schon oft erfahren, wie viel sie in punkto Bildung und Unterhaltung zu bieten hat. Sie steht allen offen und seit Generationen schon nutzen junge wie \u00e4ltere \u201eihre\u201c Gemeindeb\u00fccherei. Die B\u00fccherei ist immer am Zahn der Zeit und hat die verschiedenen Entwicklungen der Medien positiv mitgemacht. Die Pfarr- und Gemeindeb\u00fccherei Kastl hat sich in den vergangenen Jahren vom reinen Buchverleihort zu einer attraktiven und gut frequentierten Bildungs- und Freizeiteinrichtung entwickelt. Als kleines Pr\u00e4sent f\u00fcr die Arbeit \u00fcbereicht er B\u00fcchereileiter Georg D\u00fcrr einen Obolus f\u00fcr die weitere Arbeit in der B\u00fccherei.<br \/>\n<img loading=\"lazy\" decoding=\"async\" class=\"alignleft wp-image-4748 \" src=\"https:\/\/gemeindebuechereikastl.de\/wp-content\/uploads\/2024\/05\/Ess-1603x902.jpg\" alt=\"\" width=\"441\" height=\"248\" srcset=\"https:\/\/gemeindebuechereikastl.de\/wp-content\/uploads\/2024\/05\/Ess-1603x902.jpg 1603w, https:\/\/gemeindebuechereikastl.de\/wp-content\/uploads\/2024\/05\/Ess-300x169.jpg 300w, https:\/\/gemeindebuechereikastl.de\/wp-content\/uploads\/2024\/05\/Ess-768x432.jpg 768w, https:\/\/gemeindebuechereikastl.de\/wp-content\/uploads\/2024\/05\/Ess-1536x865.jpg 1536w, https:\/\/gemeindebuechereikastl.de\/wp-content\/uploads\/2024\/05\/Ess-2048x1153.jpg 2048w, https:\/\/gemeindebuechereikastl.de\/wp-content\/uploads\/2024\/05\/Ess-750x422.jpg 750w\" sizes=\"auto, (max-width: 441px) 100vw, 441px\" \/>Stefan E\u00df der Direktor des Sankt Michaelsbundes in M\u00fcnchen lie\u00df es sich nicht nehmen nach Kastl zu kommen, was die Bedeutung der Kastler B\u00fccherei hervorhebt. Sein Gru\u00dfwort, begann er mit einem Zitat von Helmut Schmidt, \u201eBibliotheken sind die geistigen Tankstellen der Nation\u201c. Es passe so Stefan E\u00df richtig gut auf die Gemeindeb\u00fccherei Kastl die ihr 50-j\u00e4hriges Bestehen feiert. F\u00fcr B\u00fcchereien die Mitglied im Sankt Michaelsbund sind, bedeutet dieser Auftrag geistige Tankstelle zu sein und die Volksbildung zu f\u00f6rdern (Auszug aus der Satzung des 1901 gegr\u00fcndeten Sankt Michaelsbund) Michaelsbund B\u00fcchereien wie die Gemeindeb\u00fccherei Kastl sind f\u00fcr alle B\u00fcrgerinnen und B\u00fcrger da, unabh\u00e4ngig vom Alter. Geschlecht, Konfession, sozialer Lage oder Bildungsgerad. \u201eBibliotheken sind Tankstellen der Nation\u201c Die Gemeindeb\u00fccherei Kastl hat sich in den vergangenen 50 Jahren ihres Bestehens zu einer Vorzeigeb\u00fccherei entwickelt, auf die der Sankt Michaelsbund stolz ist. Er dankte allen Teammitgliedern f\u00fcr ihren gro\u00dfartigen und unerm\u00fcdlichen Einsatz vor allem dem Leiter der B\u00fccherei \u201eSchorsch\u201c Georg D\u00fcrr.<\/p>\n<p><img loading=\"lazy\" decoding=\"async\" class=\"aligncenter wp-image-4745 size-large\" src=\"https:\/\/gemeindebuechereikastl.de\/wp-content\/uploads\/2024\/05\/Ehrung-Team-1603x902.jpg\" alt=\"\" width=\"750\" height=\"422\" srcset=\"https:\/\/gemeindebuechereikastl.de\/wp-content\/uploads\/2024\/05\/Ehrung-Team-1603x902.jpg 1603w, https:\/\/gemeindebuechereikastl.de\/wp-content\/uploads\/2024\/05\/Ehrung-Team-300x169.jpg 300w, https:\/\/gemeindebuechereikastl.de\/wp-content\/uploads\/2024\/05\/Ehrung-Team-768x432.jpg 768w, https:\/\/gemeindebuechereikastl.de\/wp-content\/uploads\/2024\/05\/Ehrung-Team-1536x865.jpg 1536w, https:\/\/gemeindebuechereikastl.de\/wp-content\/uploads\/2024\/05\/Ehrung-Team-2048x1153.jpg 2048w, https:\/\/gemeindebuechereikastl.de\/wp-content\/uploads\/2024\/05\/Ehrung-Team-750x422.jpg 750w\" sizes=\"auto, (max-width: 750px) 100vw, 750px\" \/><\/p>\n<p>Dr. Ludwig Brandl von der Di\u00f6zesanstelle in Eichst\u00e4tt bezeichnete die Kastler B\u00fccherei als Perle der Region, die ohne B\u00fccherei theoretisch denkbar w\u00e4re, aber nicht praktisch ist. Man ist nie zu klein, um gro\u00dfartig zu sein. Dank an alle, denn f\u00fcr die wichtigen Dinge im Leben bekommt man oft kein Geld. Deshalb werde er der Kastler B\u00fccherei einen Betrag zur Unterst\u00fctzung ihrer Arbeit \u00fcberwiesen, als Dank f\u00fcr die gute und intensive B\u00fcchereiarbeit. Im Anschluss nahm er und die Di\u00f6zesanbibliothekarin Martha Gottschalk die <img loading=\"lazy\" decoding=\"async\" class=\"alignright wp-image-4747 \" src=\"https:\/\/gemeindebuechereikastl.de\/wp-content\/uploads\/2024\/05\/Gottschalk-652x1206.jpg\" alt=\"\" width=\"217\" height=\"401\" srcset=\"https:\/\/gemeindebuechereikastl.de\/wp-content\/uploads\/2024\/05\/Gottschalk-652x1206.jpg 652w, https:\/\/gemeindebuechereikastl.de\/wp-content\/uploads\/2024\/05\/Gottschalk-162x300.jpg 162w, https:\/\/gemeindebuechereikastl.de\/wp-content\/uploads\/2024\/05\/Gottschalk-768x1421.jpg 768w, https:\/\/gemeindebuechereikastl.de\/wp-content\/uploads\/2024\/05\/Gottschalk-830x1536.jpg 830w, https:\/\/gemeindebuechereikastl.de\/wp-content\/uploads\/2024\/05\/Gottschalk-1107x2048.jpg 1107w, https:\/\/gemeindebuechereikastl.de\/wp-content\/uploads\/2024\/05\/Gottschalk-750x1388.jpg 750w, https:\/\/gemeindebuechereikastl.de\/wp-content\/uploads\/2024\/05\/Gottschalk-scaled.jpg 1384w\" sizes=\"auto, (max-width: 217px) 100vw, 217px\" \/>hrung f\u00fcr langj\u00e4hrige Verdienste f\u00fcr die katholische B\u00fcchereiarbeit in Bayern vor.<br \/>\n<strong>Das Ehrenzeichen in Gold erhielt Sabine Diener, das Ehrenzeichen in Silber erhielten Anna Geitner, Manuela Donhauser, Gabi K\u00f6nig, Michaela Auer und Birgit Forster und das Ehrenzeichen in Bronze erhielt Karla von Klenk.<\/strong><\/p>\n<p>Betitelt die Menschen als Lesewesen so Martha Gottschalk, man muss gute Worte lesen. Muss sich weiterbilden, um die gro\u00dfe Maschinerie der B\u00fccherei zu verstehen. Im Basis 12 Kurs, der im Fr\u00fchjahr in Kastl f\u00fcr die Di\u00f6zese stattfand, haben sich an drei Tagen viele Mitarbeiter neues Wissen geholt. Die Empfehlungen f\u00fcr die Leser wurden angesprochen. Es wurden die Teilnehmerurkunden an die Mitarbeiterinnen der Kastler B\u00fccherei ausgeh\u00e4ndigt. Der B\u00fccherei \u00fcberreichte sie ein Buch Geschenk \u201eDas Buch buch\u201c ein ideales Geschenk f\u00fcr B\u00fccherfans: \u00bbDas Buch-Buch\u00ab feiert nicht nur das Lesen und alles, was mit B\u00fcchern zu tun hat, sondern f\u00f6rdert auch die Kreativit\u00e4t, regt zum Mitmachen an und schafft sch\u00f6ne Erinnerungen.<\/p>\n<p>Zum Ende sprach Georg D\u00fcrr seinen Dank an alle G\u00e4ste aus, f\u00fcr die Gru\u00dfworte und dankte auch den geehrten Mitarbeiterinnen f\u00fcr ihre langj\u00e4hrige T\u00e4tigkeit f\u00fcr die Kastler B\u00fccherei. Er zitierte hier Adolph Kolping der sagte \u201eAnfangen ist oft das Schwerste, aber Treubleiben das Beste\u201c Zum Schluss lud er zu den Veranstaltungen und Aktionen des Jubil\u00e4ums im Herbst ein, mit hervorragenden Angeboten.<\/p>\n<h3 style=\"text-align: center;\"><a href=\"https:\/\/gemeindebuechereikastl.de\/wp-content\/uploads\/2024\/05\/Aktionen-Jubilaeum-2024.pdf\"><span style=\"color: #ff0000;\">Veranstaltungen und Aktionen im Rahmen des Jubil\u00e4ums im Herbst\u00a0<\/span><\/a><\/h3>\n<p><img loading=\"lazy\" decoding=\"async\" class=\"aligncenter wp-image-4754 size-full\" src=\"https:\/\/gemeindebuechereikastl.de\/wp-content\/uploads\/2024\/05\/Buechereigebaeude-Quer.jpg\" alt=\"\" width=\"1391\" height=\"262\" srcset=\"https:\/\/gemeindebuechereikastl.de\/wp-content\/uploads\/2024\/05\/Buechereigebaeude-Quer.jpg 1391w, https:\/\/gemeindebuechereikastl.de\/wp-content\/uploads\/2024\/05\/Buechereigebaeude-Quer-300x57.jpg 300w, https:\/\/gemeindebuechereikastl.de\/wp-content\/uploads\/2024\/05\/Buechereigebaeude-Quer-768x145.jpg 768w, https:\/\/gemeindebuechereikastl.de\/wp-content\/uploads\/2024\/05\/Buechereigebaeude-Quer-750x141.jpg 750w\" sizes=\"auto, (max-width: 1391px) 100vw, 1391px\" \/><\/p>\n","protected":false},"excerpt":{"rendered":"<p>Feierlichkeiten zu 50 Jahre Gemeindeb\u00fccherei Kastl und \u00fcber 100 Jahre B\u00fcchereiarbeit in Kastl im Steinstadl Mit einem Festakt wurde das 50-j\u00e4hrige Bestehen der Gemeindeb\u00fccherei Kastl unter dem Motto \u201e50 Jahre Gemeindeb\u00fccherei Kastl \u2013 von der kleinsten B\u00fccherei Bayerns zu einer der Vorzeigeb\u00fcchereien im Bistum Eichst\u00e4tt\u201c im Steinstadl gefeiert. Diverse Ehreng\u00e4ste, wie B\u00fcrgermeister Stefan Braun, vom &hellip; <\/p>\n<p><a class=\"more-link btn\" href=\"https:\/\/gemeindebuechereikastl.de\/?p=4742\">Weiterlesen<\/a><\/p>\n","protected":false},"author":1,"featured_media":4746,"comment_status":"closed","ping_status":"closed","sticky":false,"template":"","format":"standard","meta":{"footnotes":""},"categories":[1],"tags":[577,579,578,189],"class_list":["post-4742","post","type-post","status-publish","format-standard","has-post-thumbnail","hentry","category-team","tag-50-jahre-gemeindebuecherei-kastl","tag-ehrungen","tag-grussworte","tag-jubilaeum","item-wrap"],"_links":{"self":[{"href":"https:\/\/gemeindebuechereikastl.de\/index.php?rest_route=\/wp\/v2\/posts\/4742","targetHints":{"allow":["GET"]}}],"collection":[{"href":"https:\/\/gemeindebuechereikastl.de\/index.php?rest_route=\/wp\/v2\/posts"}],"about":[{"href":"https:\/\/gemeindebuechereikastl.de\/index.php?rest_route=\/wp\/v2\/types\/post"}],"author":[{"embeddable":true,"href":"https:\/\/gemeindebuechereikastl.de\/index.php?rest_route=\/wp\/v2\/users\/1"}],"replies":[{"embeddable":true,"href":"https:\/\/gemeindebuechereikastl.de\/index.php?rest_route=%2Fwp%2Fv2%2Fcomments&post=4742"}],"version-history":[{"count":5,"href":"https:\/\/gemeindebuechereikastl.de\/index.php?rest_route=\/wp\/v2\/posts\/4742\/revisions"}],"predecessor-version":[{"id":4756,"href":"https:\/\/gemeindebuechereikastl.de\/index.php?rest_route=\/wp\/v2\/posts\/4742\/revisions\/4756"}],"wp:featuredmedia":[{"embeddable":true,"href":"https:\/\/gemeindebuechereikastl.de\/index.php?rest_route=\/wp\/v2\/media\/4746"}],"wp:attachment":[{"href":"https:\/\/gemeindebuechereikastl.de\/index.php?rest_route=%2Fwp%2Fv2%2Fmedia&parent=4742"}],"wp:term":[{"taxonomy":"category","embeddable":true,"href":"https:\/\/gemeindebuechereikastl.de\/index.php?rest_route=%2Fwp%2Fv2%2Fcategories&post=4742"},{"taxonomy":"post_tag","embeddable":true,"href":"https:\/\/gemeindebuechereikastl.de\/index.php?rest_route=%2Fwp%2Fv2%2Ftags&post=4742"}],"curies":[{"name":"wp","href":"https:\/\/api.w.org\/{rel}","templated":true}]}}