{"id":4762,"date":"2024-05-14T13:33:13","date_gmt":"2024-05-14T13:33:13","guid":{"rendered":"https:\/\/gemeindebuechereikastl.de\/?p=4762"},"modified":"2024-05-14T14:48:14","modified_gmt":"2024-05-14T14:48:14","slug":"beeindruckender-jahresbericht-der-gemeindebuecherei-2023-an-buergermeister-stefan-braun-uebergeben","status":"publish","type":"post","link":"https:\/\/gemeindebuechereikastl.de\/?p=4762","title":{"rendered":"Beeindruckender Jahresbericht der Gemeindeb\u00fccherei 2023 an B\u00fcrgermeister Stefan Braun \u00fcbergeben"},"content":{"rendered":"<h2 style=\"text-align: center;\"><span style=\"color: #ff6600;\"><strong>Das Leitungsteam mit Christa Kastner und Pia Graf sowie B\u00fcchereileiter Georg D\u00fcrr haben B\u00fcrgermeister Stefan Braun einen beeindruckenden Jahresbericht der Gemeindeb\u00fccherei Kastl f\u00fcr 2023 \u00fcbergeben<\/strong><\/span><\/h2>\n<h3 style=\"text-align: center;\"><span style=\"color: #800000;\"><b>\u201e<\/b><strong>Ein Haus ohne B\u00fccher ist arm, auch wenn sch\u00f6ne Teppiche seine B\u00f6den und kostbare Tapeten und Bilder die W\u00e4nde bedecken<\/strong><\/span><b><span style=\"color: #800000;\">\u201c<\/span><\/b><\/h3>\n<p>Der umfangreiche Jahresbericht der Gemeindeb\u00fccherei Kastl f\u00fcr das Jahr 2023, mit einem Zitat von &#8222;Heinrich Heine&#8220; wurde vom Leitungsteam an B\u00fcrgermeister Stefan Braun \u00fcbergeben. Dieser 13 seitige Bericht dokumentiert die hervorragende Arbeit des B\u00fcchereiteams und zeugt von einem arbeitsreichen Jahr in der Kastler B\u00fccherei in dem wieder viel erreicht und geboten wurde.<\/p>\n<p><img loading=\"lazy\" decoding=\"async\" class=\"wp-image-4763 size-large alignnone\" src=\"https:\/\/gemeindebuechereikastl.de\/wp-content\/uploads\/2024\/05\/Uebergabe-Jahresbericht-2023-1603x1017.jpg\" alt=\"\" width=\"750\" height=\"476\" srcset=\"https:\/\/gemeindebuechereikastl.de\/wp-content\/uploads\/2024\/05\/Uebergabe-Jahresbericht-2023-1603x1017.jpg 1603w, https:\/\/gemeindebuechereikastl.de\/wp-content\/uploads\/2024\/05\/Uebergabe-Jahresbericht-2023-300x190.jpg 300w, https:\/\/gemeindebuechereikastl.de\/wp-content\/uploads\/2024\/05\/Uebergabe-Jahresbericht-2023-768x487.jpg 768w, https:\/\/gemeindebuechereikastl.de\/wp-content\/uploads\/2024\/05\/Uebergabe-Jahresbericht-2023-1536x974.jpg 1536w, https:\/\/gemeindebuechereikastl.de\/wp-content\/uploads\/2024\/05\/Uebergabe-Jahresbericht-2023-2048x1299.jpg 2048w, https:\/\/gemeindebuechereikastl.de\/wp-content\/uploads\/2024\/05\/Uebergabe-Jahresbericht-2023-750x476.jpg 750w\" sizes=\"auto, (max-width: 750px) 100vw, 750px\" \/><\/p>\n<p>Mit dem Selbstverst\u00e4ndnis der B\u00fcchereiarbeit beginnt der Jahresbericht. Die Gemeindeb\u00fccherei Kastl ist eine \u00f6ffentliche Einrichtung der Pfarrei und Gemeinde, die offen ist f\u00fcr jeden, unabh\u00e4ngig von Alter, Nationalit\u00e4t oder Konfession. Die B\u00fccherei tr\u00e4gt neben anderen Einrichtungen zur Versorgung der Bev\u00f6lk<a href=\"https:\/\/gemeindebuechereikastl.de\/wp-content\/uploads\/2024\/05\/Jahresbericht-2023.pdf\"><img loading=\"lazy\" decoding=\"async\" class=\"alignleft wp-image-4757 \" src=\"https:\/\/gemeindebuechereikastl.de\/wp-content\/uploads\/2024\/05\/Jahresbericht-2023-853x1206.jpg\" alt=\"\" width=\"289\" height=\"408\" srcset=\"https:\/\/gemeindebuechereikastl.de\/wp-content\/uploads\/2024\/05\/Jahresbericht-2023-853x1206.jpg 853w, https:\/\/gemeindebuechereikastl.de\/wp-content\/uploads\/2024\/05\/Jahresbericht-2023-212x300.jpg 212w, https:\/\/gemeindebuechereikastl.de\/wp-content\/uploads\/2024\/05\/Jahresbericht-2023-768x1086.jpg 768w, https:\/\/gemeindebuechereikastl.de\/wp-content\/uploads\/2024\/05\/Jahresbericht-2023-1086x1536.jpg 1086w, https:\/\/gemeindebuechereikastl.de\/wp-content\/uploads\/2024\/05\/Jahresbericht-2023-750x1061.jpg 750w, https:\/\/gemeindebuechereikastl.de\/wp-content\/uploads\/2024\/05\/Jahresbericht-2023.jpg 1240w\" sizes=\"auto, (max-width: 289px) 100vw, 289px\" \/><\/a>erung mit Information, Bildung und Unterhaltung bei. Sie bietet Medienvielfalt f\u00fcr unterschiedliche Zielgruppen zur Ausleihe an. Die Gemeindeb\u00fccherei versteht sich \u2013 aufgrund ihrer Zusammenarbeit mit verschiedenen Kooperationspartnern \u2013 als Bildungs- und Begegnungsst\u00e4tte. Mit ihrer Veranstaltungsarbeit und ihrer F\u00f6rderung von Lese- und Medienkompetenz pr\u00e4gt sie das gesellschaftliche und kulturelle Leben mit und leistet einen Beitrag zur aktiven Lebens- und Freizeitgestaltung in der Gemeinde und Pfarrei.<\/p>\n<p>Aktuell bietet die Kastler B\u00fccherei einen Bestand von 9.698 B\u00fccher und Medien an. Das Angebot an Buchmedien betr\u00e4gt 7.839 B\u00fccher, Sachb\u00fccher aus vielen Wissensbereichen, Romane, Jugend- und Kinderb\u00fccher f\u00fcr jedes Alter stehen zur Verf\u00fcgung, ganz neu die Rubrik der \u201eMangas. Auch Zeitschriften mit 24 Abos gab es zum Entleihen. Bei den Nichtbuchmedien sind 1.353 Medien im Bestand. (H\u00f6rb\u00fccher, Tonies, DVDs und Spiele). Dar\u00fcber hinaus steht den Nutzern die \u201eOnleihe\u201c bzw. eBook Ausleihe \u00fcber den Verbund LEO-Nord zur Verf\u00fcgung. Die LeserInnen k\u00f6nnen dort auf einen virtuellen Bestand von derzeit ca. 30.000 E-Medien (E-Books, E-Magazine, E\u2013Audios und E-Paper) zugreifen.<\/p>\n<p>Das Team startete 2023 wieder durch und bot wieder eine Vielzahl von Veranstaltungen und Aktionen f\u00fcr Jung und Alt an, was im <a href=\"https:\/\/gemeindebuechereikastl.de\/wp-content\/uploads\/2024\/05\/Jahresbericht-2023.pdf\"><em><strong><span style=\"color: #008000;\">Jahresbericht 2023<\/span><\/strong><\/em><\/a> ausf\u00fchrlich dokumentiert wurde und hier auf der Homepage nachgelesen werden kann.\u00a0 <span style=\"color: #008000;\"><a style=\"color: #008000;\" href=\"https:\/\/gemeindebuechereikastl.de\/wp-content\/uploads\/2024\/05\/Jahresbericht-2023.pdf\"><strong>Link: Jahresbericht 2023<\/strong><\/a><\/span><\/p>\n<p>A<img loading=\"lazy\" decoding=\"async\" class=\"wp-image-4598 alignright\" src=\"https:\/\/gemeindebuechereikastl.de\/wp-content\/uploads\/2024\/03\/Logo-50-Jahre.jpg\" alt=\"\" width=\"214\" height=\"256\" srcset=\"https:\/\/gemeindebuechereikastl.de\/wp-content\/uploads\/2024\/03\/Logo-50-Jahre.jpg 803w, https:\/\/gemeindebuechereikastl.de\/wp-content\/uploads\/2024\/03\/Logo-50-Jahre-250x300.jpg 250w, https:\/\/gemeindebuechereikastl.de\/wp-content\/uploads\/2024\/03\/Logo-50-Jahre-768x920.jpg 768w, https:\/\/gemeindebuechereikastl.de\/wp-content\/uploads\/2024\/03\/Logo-50-Jahre-750x899.jpg 750w\" sizes=\"auto, (max-width: 214px) 100vw, 214px\" \/>u\u00dferdem gab es einen Ausblick auf das aktuelle Jubil\u00e4umsjahr 50 Jahre Gemeindeb\u00fccherei Kastl in dem auch wieder diversen gro\u00dfartigen Highlight auf alle Leser und Interessierte warten. Mit einem Jubil\u00e4umsr\u00e4tsel und gro\u00dfartigen Preisen, Doctor D\u00f6blingers Kasperltheater im Steinstadl, der Tag der offenen T\u00fcr mit Ziehung der Gewinner das R\u00e4tsels. Ein Highlight im Oktober mit dem Kabarettisten Wolfgang Krebs und als Abschluss eine Autorenlesung unter dem Leitspruch \u201eB\u00fcchereien lesen gegen das Vergessen\u201c mit Kurt Tallert und weiteres mehr.<\/p>\n<h4><span style=\"color: #800000;\"><em><a style=\"color: #800000;\" href=\"https:\/\/gemeindebuechereikastl.de\/wp-content\/uploads\/2024\/05\/Aktionen-Jubilaeum-2024.pdf\"><strong>Infos zu Aktionen und Veranstaltungen im Rahmen des Jubil\u00e4ums<\/strong><\/a><\/em><\/span><\/h4>\n","protected":false},"excerpt":{"rendered":"<p>Das Leitungsteam mit Christa Kastner und Pia Graf sowie B\u00fcchereileiter Georg D\u00fcrr haben B\u00fcrgermeister Stefan Braun einen beeindruckenden Jahresbericht der Gemeindeb\u00fccherei Kastl f\u00fcr 2023 \u00fcbergeben \u201eEin Haus ohne B\u00fccher ist arm, auch wenn sch\u00f6ne Teppiche seine B\u00f6den und kostbare Tapeten und Bilder die W\u00e4nde bedecken\u201c Der umfangreiche Jahresbericht der Gemeindeb\u00fccherei Kastl f\u00fcr das Jahr 2023, &hellip; <\/p>\n<p><a class=\"more-link btn\" href=\"https:\/\/gemeindebuechereikastl.de\/?p=4762\">Weiterlesen<\/a><\/p>\n","protected":false},"author":1,"featured_media":4763,"comment_status":"closed","ping_status":"closed","sticky":false,"template":"","format":"standard","meta":{"footnotes":""},"categories":[5],"tags":[337,268,452],"class_list":["post-4762","post","type-post","status-publish","format-standard","has-post-thumbnail","hentry","category-news","tag-buechereiarbeit","tag-jahresbericht","tag-veranstaltungen","item-wrap"],"_links":{"self":[{"href":"https:\/\/gemeindebuechereikastl.de\/index.php?rest_route=\/wp\/v2\/posts\/4762","targetHints":{"allow":["GET"]}}],"collection":[{"href":"https:\/\/gemeindebuechereikastl.de\/index.php?rest_route=\/wp\/v2\/posts"}],"about":[{"href":"https:\/\/gemeindebuechereikastl.de\/index.php?rest_route=\/wp\/v2\/types\/post"}],"author":[{"embeddable":true,"href":"https:\/\/gemeindebuechereikastl.de\/index.php?rest_route=\/wp\/v2\/users\/1"}],"replies":[{"embeddable":true,"href":"https:\/\/gemeindebuechereikastl.de\/index.php?rest_route=%2Fwp%2Fv2%2Fcomments&post=4762"}],"version-history":[{"count":5,"href":"https:\/\/gemeindebuechereikastl.de\/index.php?rest_route=\/wp\/v2\/posts\/4762\/revisions"}],"predecessor-version":[{"id":4770,"href":"https:\/\/gemeindebuechereikastl.de\/index.php?rest_route=\/wp\/v2\/posts\/4762\/revisions\/4770"}],"wp:featuredmedia":[{"embeddable":true,"href":"https:\/\/gemeindebuechereikastl.de\/index.php?rest_route=\/wp\/v2\/media\/4763"}],"wp:attachment":[{"href":"https:\/\/gemeindebuechereikastl.de\/index.php?rest_route=%2Fwp%2Fv2%2Fmedia&parent=4762"}],"wp:term":[{"taxonomy":"category","embeddable":true,"href":"https:\/\/gemeindebuechereikastl.de\/index.php?rest_route=%2Fwp%2Fv2%2Fcategories&post=4762"},{"taxonomy":"post_tag","embeddable":true,"href":"https:\/\/gemeindebuechereikastl.de\/index.php?rest_route=%2Fwp%2Fv2%2Ftags&post=4762"}],"curies":[{"name":"wp","href":"https:\/\/api.w.org\/{rel}","templated":true}]}}