{"id":4771,"date":"2024-05-15T09:08:21","date_gmt":"2024-05-15T09:08:21","guid":{"rendered":"https:\/\/gemeindebuechereikastl.de\/?p=4771"},"modified":"2024-05-16T08:08:16","modified_gmt":"2024-05-16T08:08:16","slug":"anmeldungen-fuer-die-beiden-theaterfahrten-zu-jesus-christ-superstar-und-pippilangstrumpf-ab-sofort-moeglich","status":"publish","type":"post","link":"https:\/\/gemeindebuechereikastl.de\/?p=4771","title":{"rendered":"Anmeldungen f\u00fcr die beiden Theaterfahrten zu Jesus Christ Superstar und PippiLangstrumpf ab sofort m\u00f6glich"},"content":{"rendered":"<h2 style=\"text-align: center;\"><span style=\"color: #ff6600;\"><strong>Die Anmeldungen zur Musicalfahrt &#8222;Jesus Christ Superstar&#8220; am 14. Juli und f\u00fcr die Ferienfahrt zu &#8222;Pippi Langstrumpf&#8220; am 4. August sind ab sofort in der B\u00fccherei m\u00f6glich!<\/strong><\/span><\/h2>\n<p style=\"text-align: center;\"><strong>Auch im Jahr 2024 bieten das Team der Gemeindeb\u00fccherei Kastl zusammen mit der Kolpingsfamilie wieder zwei Theaterfahrten zu den Luisenburg Festspielen an. Die Verantwortlichen haben sich f\u00fcr die Rockoper von Andrew Lloyd Webber und Tim Rice \u201eJESUS CHRIST SUPERSTAR\u201c am Sonntag, 14. Juli und f\u00fcr das Familienst\u00fcck \u201ePIPPI LANGSTRUMPF\u201c bei der Ferienfahrt am Sonntag, 4. August entschieden. Die Anmeldung dazu ist ab sofort in der Gemeindeb\u00fccherei m\u00f6glich.<\/strong><\/p>\n<p><img loading=\"lazy\" decoding=\"async\" class=\"wp-image-4773 alignleft\" src=\"https:\/\/gemeindebuechereikastl.de\/wp-content\/uploads\/2024\/05\/Musicalfahrt-2024.jpg\" alt=\"\" width=\"470\" height=\"314\" srcset=\"https:\/\/gemeindebuechereikastl.de\/wp-content\/uploads\/2024\/05\/Musicalfahrt-2024.jpg 1100w, https:\/\/gemeindebuechereikastl.de\/wp-content\/uploads\/2024\/05\/Musicalfahrt-2024-300x200.jpg 300w, https:\/\/gemeindebuechereikastl.de\/wp-content\/uploads\/2024\/05\/Musicalfahrt-2024-768x513.jpg 768w, https:\/\/gemeindebuechereikastl.de\/wp-content\/uploads\/2024\/05\/Musicalfahrt-2024-750x501.jpg 750w\" sizes=\"auto, (max-width: 470px) 100vw, 470px\" \/><\/p>\n<p>In <strong>JESUS CHRIST SUPERSTAR<\/strong> werden die letzten Tage von Jesus bis zu seinem Tod mit dem Blick aus unserer Zeit neu erz\u00e4hlt. Das Kultmusical macht die Passionsgeschichte anschaulich und aus der Heilsfigur einen verwundbaren Menschen mit besonderen Gaben. Seine tiefe vereinnahmende Menschlichkeit macht ihn nahbar, birgt aber auch Gefahren, denen er hilflos ausgesetzt ist.<br \/>\nDie legend\u00e4re Rockoper von Andrew Lloyd Webber und Tim Rice kommt in einer neuen deutschen \u00dcbersetzung erstmals auf die Felsenb\u00fchne. Hochkar\u00e4tig mit gro\u00dfen Stimmen besetzt.<\/p>\n<h4 style=\"text-align: center;\"><strong>Der Teilnehmerpreis f\u00fcr Busfahrt und Eintrittskarte in der Platzkategorie 2, betr\u00e4gt 77,00 Euro pro Person. Die Abfahrt ist am Sonntag, 14. Juli um 11.50 Uhr am \u201eAlten Bahnhof\u201c. Das St\u00fcck beginnt um 15.00 Uhr. Nach der Auff\u00fchrung ist wieder ein gemeinsames Abendessen im \u201eWirtshaus Gl\u00e4\u00dfl im Gut\u201c in G\u00f6pfergr\u00fcn\u201c in der N\u00e4he von Wunsiedel.<\/strong><\/h4>\n<h3 style=\"text-align: center;\"><a href=\"https:\/\/gemeindebuechereikastl.de\/wp-content\/uploads\/2024\/05\/Jesus-Christ-Superstar-2024-Kastl.pdf\">Download Flyer- Jesus Christ Superstar 2024<\/a><\/h3>\n<p style=\"text-align: center;\">&#8212;&#8212;&#8212;&#8212;&#8212;&#8212;&#8212;&#8212;&#8212;&#8212;&#8212;&#8212;&#8212;&#8212;&#8212;&#8212;&#8212;&#8212;&#8212;&#8212;&#8212;&#8212;&#8212;&#8212;&#8212;&#8212;&#8212;&#8212;&#8212;&#8212;&#8212;&#8212;&#8212;&#8212;&#8212;&#8212;&#8212;&#8211;<\/p>\n<h3 style=\"text-align: center;\"><span style=\"color: #ff6600;\"><strong>Die Ferienfahrt geht in diesem Jahr am Sonntag, 4. August zum Familienst\u00fcck \u201ePIPPI LANGSTRUMPF\u201c nach dem Kinderbuch von Astrid Lindgren.<\/strong><\/span><\/h3>\n<p><img loading=\"lazy\" decoding=\"async\" class=\"aligncenter wp-image-4774 size-full\" src=\"https:\/\/gemeindebuechereikastl.de\/wp-content\/uploads\/2024\/05\/Pippi-1.jpg\" alt=\"\" width=\"1200\" height=\"800\" srcset=\"https:\/\/gemeindebuechereikastl.de\/wp-content\/uploads\/2024\/05\/Pippi-1.jpg 1200w, https:\/\/gemeindebuechereikastl.de\/wp-content\/uploads\/2024\/05\/Pippi-1-300x200.jpg 300w, https:\/\/gemeindebuechereikastl.de\/wp-content\/uploads\/2024\/05\/Pippi-1-768x512.jpg 768w, https:\/\/gemeindebuechereikastl.de\/wp-content\/uploads\/2024\/05\/Pippi-1-750x500.jpg 750w\" sizes=\"auto, (max-width: 1200px) 100vw, 1200px\" \/><\/p>\n<p>Welches Kind m\u00f6chte nicht sein wie Pippi Langstrumpf: wild, hemmungslos, unverfroren, unabh\u00e4ngig. Sie begeistert bis heute jede und jeden. Das st\u00e4rkste M\u00e4dchen der Welt bringt Einbrecher und Polizisten zum Schwitzen. Pipp<img loading=\"lazy\" decoding=\"async\" class=\"wp-image-4775 alignleft\" src=\"https:\/\/gemeindebuechereikastl.de\/wp-content\/uploads\/2024\/05\/Pippi-2.jpg\" alt=\"\" width=\"326\" height=\"217\" srcset=\"https:\/\/gemeindebuechereikastl.de\/wp-content\/uploads\/2024\/05\/Pippi-2.jpg 1200w, https:\/\/gemeindebuechereikastl.de\/wp-content\/uploads\/2024\/05\/Pippi-2-300x200.jpg 300w, https:\/\/gemeindebuechereikastl.de\/wp-content\/uploads\/2024\/05\/Pippi-2-768x512.jpg 768w, https:\/\/gemeindebuechereikastl.de\/wp-content\/uploads\/2024\/05\/Pippi-2-750x500.jpg 750w\" sizes=\"auto, (max-width: 326px) 100vw, 326px\" \/>ilotta Viktualia Rollgardina Pfefferminz Efraimstochter Langstrumpf wohnt mit ihrem Pferd und dem kleinen Affen Herr Nilsson in der Villa Kunterbunt. Die G\u00f6re mit den bekannten Z\u00f6pfen macht sich die Welt, widde widde wie sie ihr gef\u00e4llt. Das funktioniert wunderbar und beeindruckt ihre neuen besten Freunde Tommy und Annika.Die Ferienfahrt geht in diesem Jahr zu am Sonntag, 4. August zum Familienst\u00fcck \u201ePIPPI LANGSTRUMPF\u201c nach dem Kinderbuch von Astrid Lindgren.<img loading=\"lazy\" decoding=\"async\" class=\"wp-image-4776 alignright\" src=\"https:\/\/gemeindebuechereikastl.de\/wp-content\/uploads\/2024\/05\/Felsen.jpg\" alt=\"\" width=\"267\" height=\"200\" srcset=\"https:\/\/gemeindebuechereikastl.de\/wp-content\/uploads\/2024\/05\/Felsen.jpg 1140w, https:\/\/gemeindebuechereikastl.de\/wp-content\/uploads\/2024\/05\/Felsen-300x225.jpg 300w, https:\/\/gemeindebuechereikastl.de\/wp-content\/uploads\/2024\/05\/Felsen-768x576.jpg 768w, https:\/\/gemeindebuechereikastl.de\/wp-content\/uploads\/2024\/05\/Felsen-750x563.jpg 750w\" sizes=\"auto, (max-width: 267px) 100vw, 267px\" \/><\/p>\n<p>Nach Pippi Langstrumpf am Vormittag, ist am Nachmittag ein Besuch des Felsenlabyrinths auf der Luisenburg m\u00f6glich. Dies ist ein Felsenmeer aus Granitbl\u00f6cken mit Ausma\u00dfen von mehreren Metern und Teil des Naturschutzgebietes bei Wunsiedel. Das Felsenlabyrinth kann mit festem Schuhwerk erkundet werden, und die Kinder werden an der Krabbelei und Kletterei ihre Freude haben.<\/p>\n<h4 style=\"text-align: left;\"><span style=\"color: #ff0000;\">Dank eines Zuschusses der Gemeinde Kastl f\u00fcr diese Fahrt, betr\u00e4gt der Teilnehmerpreis f\u00fcr Kinder nur 19,00 Euro und f\u00fcr Erwachsene 34,00 Euro. In diesen Preisen sind die Busfahrt und der Eintritt zum St\u00fcck enthalten.<\/span><\/h4>\n<h4 style=\"text-align: center;\">Abfahrt ist am Sonntag, 4. August um 8.00 Uhr am Alten Bahnhof \/ Beginn des St\u00fcckes um 10.30 Uhr. Nach der Auff\u00fchrung Besuch des Felsenlabyrinths auf der Luisenburg.<br \/>\nDer Eintritt betr\u00e4gt f\u00fcr Erwachsene 5,00 \u20ac, f\u00fcr Jugendliche\/Kinder 2,00 \u20ac und f\u00fcr Kinder bis 6 Jahren ist der Eintritt kostenlos. Der Eintritt ins Felsenlabyrinth kann zusammen mit dem Fahrpreis ebenfalls in der B\u00fccherei bei der Anmeldung beglichen werden.<\/h4>\n<h3 style=\"text-align: center;\"><a href=\"https:\/\/gemeindebuechereikastl.de\/wp-content\/uploads\/2024\/05\/Ferienfahrt-2024-Pippi-Langstrumpf.pdf\">Downloader Flyer &#8211; Ferienfahrt 2024 &#8211; Pippi Langstrumpf<\/a><\/h3>\n","protected":false},"excerpt":{"rendered":"<p>Die Anmeldungen zur Musicalfahrt &#8222;Jesus Christ Superstar&#8220; am 14. Juli und f\u00fcr die Ferienfahrt zu &#8222;Pippi Langstrumpf&#8220; am 4. August sind ab sofort in der B\u00fccherei m\u00f6glich! Auch im Jahr 2024 bieten das Team der Gemeindeb\u00fccherei Kastl zusammen mit der Kolpingsfamilie wieder zwei Theaterfahrten zu den Luisenburg Festspielen an. Die Verantwortlichen haben sich f\u00fcr die &hellip; <\/p>\n<p><a class=\"more-link btn\" href=\"https:\/\/gemeindebuechereikastl.de\/?p=4771\">Weiterlesen<\/a><\/p>\n","protected":false},"author":1,"featured_media":4774,"comment_status":"closed","ping_status":"closed","sticky":false,"template":"","format":"standard","meta":{"footnotes":""},"categories":[1],"tags":[52,580,54,351,199],"class_list":["post-4771","post","type-post","status-publish","format-standard","has-post-thumbnail","hentry","category-team","tag-ferienfahrt","tag-jesus-christ-superstar","tag-leserfahrt","tag-musicalfahrt","tag-pippi-langstrumpf","item-wrap"],"_links":{"self":[{"href":"https:\/\/gemeindebuechereikastl.de\/index.php?rest_route=\/wp\/v2\/posts\/4771","targetHints":{"allow":["GET"]}}],"collection":[{"href":"https:\/\/gemeindebuechereikastl.de\/index.php?rest_route=\/wp\/v2\/posts"}],"about":[{"href":"https:\/\/gemeindebuechereikastl.de\/index.php?rest_route=\/wp\/v2\/types\/post"}],"author":[{"embeddable":true,"href":"https:\/\/gemeindebuechereikastl.de\/index.php?rest_route=\/wp\/v2\/users\/1"}],"replies":[{"embeddable":true,"href":"https:\/\/gemeindebuechereikastl.de\/index.php?rest_route=%2Fwp%2Fv2%2Fcomments&post=4771"}],"version-history":[{"count":5,"href":"https:\/\/gemeindebuechereikastl.de\/index.php?rest_route=\/wp\/v2\/posts\/4771\/revisions"}],"predecessor-version":[{"id":4784,"href":"https:\/\/gemeindebuechereikastl.de\/index.php?rest_route=\/wp\/v2\/posts\/4771\/revisions\/4784"}],"wp:featuredmedia":[{"embeddable":true,"href":"https:\/\/gemeindebuechereikastl.de\/index.php?rest_route=\/wp\/v2\/media\/4774"}],"wp:attachment":[{"href":"https:\/\/gemeindebuechereikastl.de\/index.php?rest_route=%2Fwp%2Fv2%2Fmedia&parent=4771"}],"wp:term":[{"taxonomy":"category","embeddable":true,"href":"https:\/\/gemeindebuechereikastl.de\/index.php?rest_route=%2Fwp%2Fv2%2Fcategories&post=4771"},{"taxonomy":"post_tag","embeddable":true,"href":"https:\/\/gemeindebuechereikastl.de\/index.php?rest_route=%2Fwp%2Fv2%2Ftags&post=4771"}],"curies":[{"name":"wp","href":"https:\/\/api.w.org\/{rel}","templated":true}]}}