{"id":4787,"date":"2024-05-26T15:37:28","date_gmt":"2024-05-26T15:37:28","guid":{"rendered":"https:\/\/gemeindebuechereikastl.de\/?p=4787"},"modified":"2024-05-27T16:38:34","modified_gmt":"2024-05-27T16:38:34","slug":"ehrung-von-langjaehrigen-mitarbeiterinnen-und-zertifikat-mitarbeiterausbildung-ueberreicht","status":"publish","type":"post","link":"https:\/\/gemeindebuechereikastl.de\/?p=4787","title":{"rendered":"Ehrung von langj\u00e4hrigen Mitarbeiterinnen und Zertifikat Mitarbeiterausbildung \u00fcberreicht"},"content":{"rendered":"<h2 style=\"text-align: center;\"><span style=\"color: #ff6600;\"><strong>Bei kleiner Feiestund in der B\u00fccherei die Ehrung von langj\u00e4hrigen Mitarbeiterinnen vorgenommen und das Zertifikat f\u00fcr die Mitarbeiterausbildung BASIS 12 \u00fcberreicht<\/strong><\/span><\/h2>\n<p style=\"text-align: center;\"><strong>Bei einer kleinen Feierstunde in der Gemeindeb\u00fccherei Kastl wurden Mitarbeiterinnen f\u00fcr Ihren langj\u00e4hrigen Einsatz in der B\u00fccherei ausgezeichnet und auch alle Teilnehmer am Basis 12 Kurs erhielten ihre Urkunde von B\u00fcchereileiter Georg D\u00fcrr und Di\u00f6zesanbibliothekarin Martha Gottschalk \u00fcberreicht.<\/strong><\/p>\n<p><img loading=\"lazy\" decoding=\"async\" class=\"wp-image-4791 aligncenter\" src=\"https:\/\/gemeindebuechereikastl.de\/wp-content\/uploads\/2024\/05\/Feierstunde-2-1603x970.jpg\" alt=\"\" width=\"705\" height=\"427\" srcset=\"https:\/\/gemeindebuechereikastl.de\/wp-content\/uploads\/2024\/05\/Feierstunde-2-1603x970.jpg 1603w, https:\/\/gemeindebuechereikastl.de\/wp-content\/uploads\/2024\/05\/Feierstunde-2-300x182.jpg 300w, https:\/\/gemeindebuechereikastl.de\/wp-content\/uploads\/2024\/05\/Feierstunde-2-768x465.jpg 768w, https:\/\/gemeindebuechereikastl.de\/wp-content\/uploads\/2024\/05\/Feierstunde-2-1536x930.jpg 1536w, https:\/\/gemeindebuechereikastl.de\/wp-content\/uploads\/2024\/05\/Feierstunde-2-2048x1240.jpg 2048w, https:\/\/gemeindebuechereikastl.de\/wp-content\/uploads\/2024\/05\/Feierstunde-2-750x454.jpg 750w\" sizes=\"auto, (max-width: 705px) 100vw, 705px\" \/><\/p>\n<p>Das Ehrenzeichen des Sankt Michaelsbundes in Gold f\u00fcr 25 Jahren ehrenamtlichen Dienst in der B\u00fccherei wurde Sabine Diener verliehen. Das Ehrenzeichen in Silber f\u00fcr 10-j\u00e4hrige T\u00e4tigkeit bekamen Anna Geitner, Manuela Donhauser, Gabriele K\u00f6nig, Birgit Forster und Michaela Auer \u00fcberreicht und f\u00fcr 5-j\u00e4hrige T\u00e4tigkeit erhielt Karla von Klenk die Auszeichnung in Bronze.<\/p>\n<p><img loading=\"lazy\" decoding=\"async\" class=\"aligncenter wp-image-4789 size-large\" src=\"https:\/\/gemeindebuechereikastl.de\/wp-content\/uploads\/2024\/05\/Ehrung-fuer-langjaehrige-Mitarbeit-1603x902.jpg\" alt=\"\" width=\"750\" height=\"422\" srcset=\"https:\/\/gemeindebuechereikastl.de\/wp-content\/uploads\/2024\/05\/Ehrung-fuer-langjaehrige-Mitarbeit-1603x902.jpg 1603w, https:\/\/gemeindebuechereikastl.de\/wp-content\/uploads\/2024\/05\/Ehrung-fuer-langjaehrige-Mitarbeit-300x169.jpg 300w, https:\/\/gemeindebuechereikastl.de\/wp-content\/uploads\/2024\/05\/Ehrung-fuer-langjaehrige-Mitarbeit-768x432.jpg 768w, https:\/\/gemeindebuechereikastl.de\/wp-content\/uploads\/2024\/05\/Ehrung-fuer-langjaehrige-Mitarbeit-1536x865.jpg 1536w, https:\/\/gemeindebuechereikastl.de\/wp-content\/uploads\/2024\/05\/Ehrung-fuer-langjaehrige-Mitarbeit-2048x1153.jpg 2048w, https:\/\/gemeindebuechereikastl.de\/wp-content\/uploads\/2024\/05\/Ehrung-fuer-langjaehrige-Mitarbeit-750x422.jpg 750w\" sizes=\"auto, (max-width: 750px) 100vw, 750px\" \/><\/p>\n<p>B\u00fcchereileiter Georg D\u00fcrr bedankte sich bei den Damen f\u00fcr die jahrelange gute Zusammenarbeit und f\u00fcr Ihre langj\u00e4hrige T\u00e4tigkeit im Kastler B\u00fcchereiteam.\u00a0\u00a0 Er betonte, dass zurzeit 27 ehrenamtliche Mitarbeiterinnen und Mitarbeiter die Arbeit der Kastler B\u00fccherei bew\u00e4ltigen. Diese sind im Jahr durchschnittlich 3500 Stunden (2 Vollzeitkr\u00e4fte) ehramtlich f\u00fcr die B\u00fccherei unterwegs. Ohne Sie w\u00e4re das gute und aktuelle Angebot und die diversen Veranstaltungen nicht m\u00f6glich.<\/p>\n<p><img loading=\"lazy\" decoding=\"async\" class=\"aligncenter wp-image-4788 size-large\" src=\"https:\/\/gemeindebuechereikastl.de\/wp-content\/uploads\/2024\/05\/Basis-12-1603x902.jpg\" alt=\"\" width=\"750\" height=\"422\" srcset=\"https:\/\/gemeindebuechereikastl.de\/wp-content\/uploads\/2024\/05\/Basis-12-1603x902.jpg 1603w, https:\/\/gemeindebuechereikastl.de\/wp-content\/uploads\/2024\/05\/Basis-12-300x169.jpg 300w, https:\/\/gemeindebuechereikastl.de\/wp-content\/uploads\/2024\/05\/Basis-12-768x432.jpg 768w, https:\/\/gemeindebuechereikastl.de\/wp-content\/uploads\/2024\/05\/Basis-12-1536x865.jpg 1536w, https:\/\/gemeindebuechereikastl.de\/wp-content\/uploads\/2024\/05\/Basis-12-2048x1153.jpg 2048w, https:\/\/gemeindebuechereikastl.de\/wp-content\/uploads\/2024\/05\/Basis-12-750x422.jpg 750w\" sizes=\"auto, (max-width: 750px) 100vw, 750px\" \/><\/p>\n<p>Im Anschluss an die Ehrungen der langj\u00e4hrigen Mitarbeiterinnen \u00fcbergab Georg D\u00fcrr allen Teilnehmern am BASIS 12 Kurs die Urkunden. Gut informierte B\u00fcchereimitarbeitende sind die Basis wirksamer B\u00fcchereiarbeit so D\u00fcrr. Die Fortbildung Basis 12 zielt darauf ab, die Freude am ehrenamtlichen Engagement zu f\u00f6rdern. D\u00fcrr bedankte sich bei den Mitarbeiterinnen das sie ihre Freizeit im Dienste der B\u00fccherei opferten und diese bibliothekarische Grundausbildung an drei ganzen Samstagen absolvierten. Mit dem Spruch \u201eDie Welt lebt von Menschen die mehr tun als Ihre Pflicht\u201c dankte er den Mitarbeiterinnen f\u00fcr die Teilnahme am Basis 12 Kurs.<\/p>\n<p><img loading=\"lazy\" decoding=\"async\" class=\"aligncenter wp-image-4792 size-large\" src=\"https:\/\/gemeindebuechereikastl.de\/wp-content\/uploads\/2024\/05\/Feierstunde-1-1603x1049.jpg\" alt=\"\" width=\"750\" height=\"491\" srcset=\"https:\/\/gemeindebuechereikastl.de\/wp-content\/uploads\/2024\/05\/Feierstunde-1-1603x1049.jpg 1603w, https:\/\/gemeindebuechereikastl.de\/wp-content\/uploads\/2024\/05\/Feierstunde-1-300x196.jpg 300w, https:\/\/gemeindebuechereikastl.de\/wp-content\/uploads\/2024\/05\/Feierstunde-1-768x502.jpg 768w, https:\/\/gemeindebuechereikastl.de\/wp-content\/uploads\/2024\/05\/Feierstunde-1-1536x1005.jpg 1536w, https:\/\/gemeindebuechereikastl.de\/wp-content\/uploads\/2024\/05\/Feierstunde-1-2048x1340.jpg 2048w, https:\/\/gemeindebuechereikastl.de\/wp-content\/uploads\/2024\/05\/Feierstunde-1-750x491.jpg 750w\" sizes=\"auto, (max-width: 750px) 100vw, 750px\" \/>Auch Di\u00f6zesanbibliothekarin Martha Gottschalk bedankte sich bei den Mitarbeiterinnen der Kastler B\u00fccherei f\u00fcr Ihre langj\u00e4hrige T\u00e4tigkeit und f\u00fcr die Teilnahme am Basis 12 Kurs, der in Kastl stattfand und \u00fcberregional ein gro\u00dfes Intersse fand. Man lernt nie umsonst den das Wissen das man erlangt hat kann man immer wieder gebrauchen. Mit dem Basis 12 Kurs lernten sie auch Selbstbewusstsein und jeder kann herausfinden was einem liegt, dies kann einem nicht nur der B\u00fccherei, sondern auch im Leben zugutekommen.<\/p>\n","protected":false},"excerpt":{"rendered":"<p>Bei kleiner Feiestund in der B\u00fccherei die Ehrung von langj\u00e4hrigen Mitarbeiterinnen vorgenommen und das Zertifikat f\u00fcr die Mitarbeiterausbildung BASIS 12 \u00fcberreicht Bei einer kleinen Feierstunde in der Gemeindeb\u00fccherei Kastl wurden Mitarbeiterinnen f\u00fcr Ihren langj\u00e4hrigen Einsatz in der B\u00fccherei ausgezeichnet und auch alle Teilnehmer am Basis 12 Kurs erhielten ihre Urkunde von B\u00fcchereileiter Georg D\u00fcrr und &hellip; <\/p>\n<p><a class=\"more-link btn\" href=\"https:\/\/gemeindebuechereikastl.de\/?p=4787\">Weiterlesen<\/a><\/p>\n","protected":false},"author":1,"featured_media":4791,"comment_status":"closed","ping_status":"closed","sticky":false,"template":"","format":"standard","meta":{"footnotes":""},"categories":[1],"tags":[554,11,579,582,581],"class_list":["post-4787","post","type-post","status-publish","format-standard","has-post-thumbnail","hentry","category-team","tag-basis-12","tag-buecherei","tag-ehrungen","tag-feierstunde","tag-mitarbeiterausbildung","item-wrap"],"_links":{"self":[{"href":"https:\/\/gemeindebuechereikastl.de\/index.php?rest_route=\/wp\/v2\/posts\/4787","targetHints":{"allow":["GET"]}}],"collection":[{"href":"https:\/\/gemeindebuechereikastl.de\/index.php?rest_route=\/wp\/v2\/posts"}],"about":[{"href":"https:\/\/gemeindebuechereikastl.de\/index.php?rest_route=\/wp\/v2\/types\/post"}],"author":[{"embeddable":true,"href":"https:\/\/gemeindebuechereikastl.de\/index.php?rest_route=\/wp\/v2\/users\/1"}],"replies":[{"embeddable":true,"href":"https:\/\/gemeindebuechereikastl.de\/index.php?rest_route=%2Fwp%2Fv2%2Fcomments&post=4787"}],"version-history":[{"count":7,"href":"https:\/\/gemeindebuechereikastl.de\/index.php?rest_route=\/wp\/v2\/posts\/4787\/revisions"}],"predecessor-version":[{"id":4799,"href":"https:\/\/gemeindebuechereikastl.de\/index.php?rest_route=\/wp\/v2\/posts\/4787\/revisions\/4799"}],"wp:featuredmedia":[{"embeddable":true,"href":"https:\/\/gemeindebuechereikastl.de\/index.php?rest_route=\/wp\/v2\/media\/4791"}],"wp:attachment":[{"href":"https:\/\/gemeindebuechereikastl.de\/index.php?rest_route=%2Fwp%2Fv2%2Fmedia&parent=4787"}],"wp:term":[{"taxonomy":"category","embeddable":true,"href":"https:\/\/gemeindebuechereikastl.de\/index.php?rest_route=%2Fwp%2Fv2%2Fcategories&post=4787"},{"taxonomy":"post_tag","embeddable":true,"href":"https:\/\/gemeindebuechereikastl.de\/index.php?rest_route=%2Fwp%2Fv2%2Ftags&post=4787"}],"curies":[{"name":"wp","href":"https:\/\/api.w.org\/{rel}","templated":true}]}}