{"id":4808,"date":"2024-05-29T12:37:35","date_gmt":"2024-05-29T12:37:35","guid":{"rendered":"https:\/\/gemeindebuechereikastl.de\/?p=4808"},"modified":"2024-05-29T12:43:56","modified_gmt":"2024-05-29T12:43:56","slug":"einmalige-institution-in-ganz-deutschland-40-jahre-buecherfruehschoppen-gefeiert","status":"publish","type":"post","link":"https:\/\/gemeindebuechereikastl.de\/?p=4808","title":{"rendered":"Einmalige Institution in ganz Deutschland &#8211; 40 Jahre B\u00fccherei &#8211; Fr\u00fchschoppen gefeiert"},"content":{"rendered":"<h2 style=\"text-align: center;\"><span style=\"color: #ff6600;\"><strong>40 Jahre B\u00fccherei-Fr\u00fchschoppen in der Gemeindeb\u00fccherei Kastl &#8211; Ein besonders Angebot das einzigartig ist in ganz Deutschland<\/strong><\/span><\/h2>\n<p style=\"text-align: center;\"><strong>Der B\u00fcchereifr\u00fchschoppen ist jeden Sonntag w\u00e4hrend der B\u00fccherei\u00f6ffnung von 10.00 bis 12.00 Uhr ge\u00f6ffnet und jeder ist hier herzlich willkommen. Die Spenden f\u00fcr die Getr\u00e4nke kommen der B\u00fccherei zugute, die diese f\u00fcr den Erwerb von neuen B\u00fcchern und Medien verwendet.<\/strong><\/p>\n<p style=\"text-align: center;\"><strong> <img loading=\"lazy\" decoding=\"async\" class=\"aligncenter wp-image-4811 size-large\" src=\"https:\/\/gemeindebuechereikastl.de\/wp-content\/uploads\/2024\/05\/Jubilaeumsschoppen-1-1603x1062.jpg\" alt=\"\" width=\"750\" height=\"497\" srcset=\"https:\/\/gemeindebuechereikastl.de\/wp-content\/uploads\/2024\/05\/Jubilaeumsschoppen-1-1603x1062.jpg 1603w, https:\/\/gemeindebuechereikastl.de\/wp-content\/uploads\/2024\/05\/Jubilaeumsschoppen-1-300x199.jpg 300w, https:\/\/gemeindebuechereikastl.de\/wp-content\/uploads\/2024\/05\/Jubilaeumsschoppen-1-768x509.jpg 768w, https:\/\/gemeindebuechereikastl.de\/wp-content\/uploads\/2024\/05\/Jubilaeumsschoppen-1-1536x1018.jpg 1536w, https:\/\/gemeindebuechereikastl.de\/wp-content\/uploads\/2024\/05\/Jubilaeumsschoppen-1-2048x1357.jpg 2048w, https:\/\/gemeindebuechereikastl.de\/wp-content\/uploads\/2024\/05\/Jubilaeumsschoppen-1-750x497.jpg 750w\" sizes=\"auto, (max-width: 750px) 100vw, 750px\" \/><\/strong><\/p>\n<p>Ein besonderes Angebot das einmalig ist in ganz Deutschland ist, besitzt die Gemeindeb\u00fccherei Kastl n\u00e4mlich einen B\u00fccherei-Fr\u00fchschoppen. W\u00e4hrend die Kinder sich in der B\u00fccherei B\u00fccher aussuchen, k\u00f6nnen sich die V\u00e4ter in dieser Zeit mal ein Glas genie\u00dfen.<br \/>\n<img loading=\"lazy\" decoding=\"async\" class=\"alignleft wp-image-4810 \" src=\"https:\/\/gemeindebuechereikastl.de\/wp-content\/uploads\/2024\/05\/10-Jahre-Fruehschoppen-5.jpg\" alt=\"\" width=\"436\" height=\"297\" srcset=\"https:\/\/gemeindebuechereikastl.de\/wp-content\/uploads\/2024\/05\/10-Jahre-Fruehschoppen-5.jpg 691w, https:\/\/gemeindebuechereikastl.de\/wp-content\/uploads\/2024\/05\/10-Jahre-Fruehschoppen-5-300x204.jpg 300w\" sizes=\"auto, (max-width: 436px) 100vw, 436px\" \/>Dieses Angebot gibt es nun schon seit \u00fcber 40 Jahren. Entstanden ist dieser als B\u00fcchereileiter Georg D\u00fcrr am Sonntagvormittag immer bei der Ausleihzeit in der B\u00fccherei sein musste und nicht wie seine Freunde zum Fr\u00fchschoppen gehen konnte. Als die B\u00fccherei sich noch im Benefizium befand wurde der Fr\u00fchschoppen ab und zu im Jugendheim abgehalten. Nach dem Umzug ins Alte Spital zog der Fr\u00fchschoppen mit. Im Arbeitsraum des Teams lagerten Getr\u00e4nke und somit war der B\u00fcchereifr\u00fchschoppen geboren. Seit 40 Jahre gibt es nun diesen B\u00fcchereifr\u00fchschoppen und nicht nur Stammg\u00e4ste auch Leser sind hier herzlich willkommen.<img loading=\"lazy\" decoding=\"async\" class=\"wp-image-4812 alignright\" src=\"https:\/\/gemeindebuechereikastl.de\/wp-content\/uploads\/2024\/05\/Jubilaeumsschoppen-2-1603x945.jpg\" alt=\"\" width=\"424\" height=\"250\" srcset=\"https:\/\/gemeindebuechereikastl.de\/wp-content\/uploads\/2024\/05\/Jubilaeumsschoppen-2-1603x945.jpg 1603w, https:\/\/gemeindebuechereikastl.de\/wp-content\/uploads\/2024\/05\/Jubilaeumsschoppen-2-300x177.jpg 300w, https:\/\/gemeindebuechereikastl.de\/wp-content\/uploads\/2024\/05\/Jubilaeumsschoppen-2-768x453.jpg 768w, https:\/\/gemeindebuechereikastl.de\/wp-content\/uploads\/2024\/05\/Jubilaeumsschoppen-2-1536x905.jpg 1536w, https:\/\/gemeindebuechereikastl.de\/wp-content\/uploads\/2024\/05\/Jubilaeumsschoppen-2-2048x1207.jpg 2048w, https:\/\/gemeindebuechereikastl.de\/wp-content\/uploads\/2024\/05\/Jubilaeumsschoppen-2-750x442.jpg 750w\" sizes=\"auto, (max-width: 424px) 100vw, 424px\" \/><\/p>\n<p>Diese 40 Jahre B\u00fccherei &#8211; Fr\u00fchschoppen war ein Grund mit den Stammg\u00e4sten und B\u00fcrgermeister Stefan Braun den Jubil\u00e4umsfr\u00fchschoppen als kleines Fest in den R\u00e4umlichkeiten der B\u00fccherei zu feiern. Bei diesem Fest wurden jede Menge an Anekdoten ausgetauscht.<\/p>\n","protected":false},"excerpt":{"rendered":"<p>40 Jahre B\u00fccherei-Fr\u00fchschoppen in der Gemeindeb\u00fccherei Kastl &#8211; Ein besonders Angebot das einzigartig ist in ganz Deutschland Der B\u00fcchereifr\u00fchschoppen ist jeden Sonntag w\u00e4hrend der B\u00fccherei\u00f6ffnung von 10.00 bis 12.00 Uhr ge\u00f6ffnet und jeder ist hier herzlich willkommen. Die Spenden f\u00fcr die Getr\u00e4nke kommen der B\u00fccherei zugute, die diese f\u00fcr den Erwerb von neuen B\u00fcchern und &hellip; <\/p>\n<p><a class=\"more-link btn\" href=\"https:\/\/gemeindebuechereikastl.de\/?p=4808\">Weiterlesen<\/a><\/p>\n","protected":false},"author":1,"featured_media":4811,"comment_status":"closed","ping_status":"closed","sticky":false,"template":"","format":"standard","meta":{"footnotes":""},"categories":[5],"tags":[585,11,586,587],"class_list":["post-4808","post","type-post","status-publish","format-standard","has-post-thumbnail","hentry","category-news","tag-40-jahre","tag-buecherei","tag-buechereifruehschoppen","tag-feier","item-wrap"],"_links":{"self":[{"href":"https:\/\/gemeindebuechereikastl.de\/index.php?rest_route=\/wp\/v2\/posts\/4808","targetHints":{"allow":["GET"]}}],"collection":[{"href":"https:\/\/gemeindebuechereikastl.de\/index.php?rest_route=\/wp\/v2\/posts"}],"about":[{"href":"https:\/\/gemeindebuechereikastl.de\/index.php?rest_route=\/wp\/v2\/types\/post"}],"author":[{"embeddable":true,"href":"https:\/\/gemeindebuechereikastl.de\/index.php?rest_route=\/wp\/v2\/users\/1"}],"replies":[{"embeddable":true,"href":"https:\/\/gemeindebuechereikastl.de\/index.php?rest_route=%2Fwp%2Fv2%2Fcomments&post=4808"}],"version-history":[{"count":5,"href":"https:\/\/gemeindebuechereikastl.de\/index.php?rest_route=\/wp\/v2\/posts\/4808\/revisions"}],"predecessor-version":[{"id":4817,"href":"https:\/\/gemeindebuechereikastl.de\/index.php?rest_route=\/wp\/v2\/posts\/4808\/revisions\/4817"}],"wp:featuredmedia":[{"embeddable":true,"href":"https:\/\/gemeindebuechereikastl.de\/index.php?rest_route=\/wp\/v2\/media\/4811"}],"wp:attachment":[{"href":"https:\/\/gemeindebuechereikastl.de\/index.php?rest_route=%2Fwp%2Fv2%2Fmedia&parent=4808"}],"wp:term":[{"taxonomy":"category","embeddable":true,"href":"https:\/\/gemeindebuechereikastl.de\/index.php?rest_route=%2Fwp%2Fv2%2Fcategories&post=4808"},{"taxonomy":"post_tag","embeddable":true,"href":"https:\/\/gemeindebuechereikastl.de\/index.php?rest_route=%2Fwp%2Fv2%2Ftags&post=4808"}],"curies":[{"name":"wp","href":"https:\/\/api.w.org\/{rel}","templated":true}]}}