{"id":4821,"date":"2024-05-31T11:57:46","date_gmt":"2024-05-31T11:57:46","guid":{"rendered":"https:\/\/gemeindebuechereikastl.de\/?p=4821"},"modified":"2024-05-31T12:00:28","modified_gmt":"2024-05-31T12:00:28","slug":"neuer-podcast-mit-wolfgang-krebs-vergelts-gott","status":"publish","type":"post","link":"https:\/\/gemeindebuechereikastl.de\/?p=4821","title":{"rendered":"Neuer Podcast mit Wolfgang Krebs &#8222;Vergelt\u00b4s Gott&#8220;"},"content":{"rendered":"<h2 style=\"text-align: center;\"><span style=\"color: #ff6600;\">Neuen Intersanten Podcast mit Wolfgang Krebs und Pfarrer Fegg jetzt auch auch unserer Homepage unter &#8222;Podcasts&#8220; zu finden.<\/span><\/h2>\n<h2 style=\"text-align: center;\"><img loading=\"lazy\" decoding=\"async\" class=\"wp-image-4818 alignleft\" src=\"https:\/\/gemeindebuechereikastl.de\/wp-content\/uploads\/2024\/05\/Podcast-krebs-1058x1206.jpg\" alt=\"\" width=\"367\" height=\"419\" srcset=\"https:\/\/gemeindebuechereikastl.de\/wp-content\/uploads\/2024\/05\/Podcast-krebs-1058x1206.jpg 1058w, https:\/\/gemeindebuechereikastl.de\/wp-content\/uploads\/2024\/05\/Podcast-krebs-263x300.jpg 263w, https:\/\/gemeindebuechereikastl.de\/wp-content\/uploads\/2024\/05\/Podcast-krebs-768x875.jpg 768w, https:\/\/gemeindebuechereikastl.de\/wp-content\/uploads\/2024\/05\/Podcast-krebs-750x855.jpg 750w, https:\/\/gemeindebuechereikastl.de\/wp-content\/uploads\/2024\/05\/Podcast-krebs.jpg 1119w\" sizes=\"auto, (max-width: 367px) 100vw, 367px\" \/><\/h2>\n<p>Man kennt Wolfgang Krebs als Stoiber, S\u00f6der oder Aiwanger. Sein Freund Josef Fegg ist katholischer Priester im bayerischen Rottenbuch. Beide haben festgestellt: Kabarett und Kirche haben viel gemeinsam! Kennengelernt haben sich die beiden auf dem Oktoberfest. Bei \u201eVergelts Gott\u201c sprechen der Kabarettist und der Pfarrer alle zwei Wochen mit einer gro\u00dfen Portion Humor \u00fcber Ihr Leben auf B\u00fchne und am Altar, ihre beruflichen Irrwege und ihren ganz pers\u00f6nlichen Blick auf die Welt. Ein fr\u00f6hlich katholischer Podcast mit einer erfrischenden Mischung aus Besinnlichkeit und Spa\u00df!<\/p>\n<h4><strong>Dieser Podcast ist auf unserer Hompage auf der Seite &#8222;<a href=\"https:\/\/gemeindebuechereikastl.de\/?page_id=3128\">Podcasts&#8220;<\/a> zu finden oder unter <a href=\"https:\/\/www.muenchner-kirchenradio.de\/sendungen\/vergelts-gott\/\">Vergelt\u00b4s Gott \u2013 mit Kabarettist Wolfgang Krebs und Pfarrer Josef Fegg<\/a><\/strong><\/h4>\n","protected":false},"excerpt":{"rendered":"<p>Neuen Intersanten Podcast mit Wolfgang Krebs und Pfarrer Fegg jetzt auch auch unserer Homepage unter &#8222;Podcasts&#8220; zu finden. Man kennt Wolfgang Krebs als Stoiber, S\u00f6der oder Aiwanger. Sein Freund Josef Fegg ist katholischer Priester im bayerischen Rottenbuch. Beide haben festgestellt: Kabarett und Kirche haben viel gemeinsam! Kennengelernt haben sich die beiden auf dem Oktoberfest. Bei &hellip; <\/p>\n<p><a class=\"more-link btn\" href=\"https:\/\/gemeindebuechereikastl.de\/?p=4821\">Weiterlesen<\/a><\/p>\n","protected":false},"author":1,"featured_media":4818,"comment_status":"closed","ping_status":"closed","sticky":false,"template":"","format":"standard","meta":{"footnotes":""},"categories":[5],"tags":[362,588],"class_list":["post-4821","post","type-post","status-publish","format-standard","has-post-thumbnail","hentry","category-news","tag-podcast","tag-wolfgang-krebs","item-wrap"],"_links":{"self":[{"href":"https:\/\/gemeindebuechereikastl.de\/index.php?rest_route=\/wp\/v2\/posts\/4821","targetHints":{"allow":["GET"]}}],"collection":[{"href":"https:\/\/gemeindebuechereikastl.de\/index.php?rest_route=\/wp\/v2\/posts"}],"about":[{"href":"https:\/\/gemeindebuechereikastl.de\/index.php?rest_route=\/wp\/v2\/types\/post"}],"author":[{"embeddable":true,"href":"https:\/\/gemeindebuechereikastl.de\/index.php?rest_route=\/wp\/v2\/users\/1"}],"replies":[{"embeddable":true,"href":"https:\/\/gemeindebuechereikastl.de\/index.php?rest_route=%2Fwp%2Fv2%2Fcomments&post=4821"}],"version-history":[{"count":4,"href":"https:\/\/gemeindebuechereikastl.de\/index.php?rest_route=\/wp\/v2\/posts\/4821\/revisions"}],"predecessor-version":[{"id":4825,"href":"https:\/\/gemeindebuechereikastl.de\/index.php?rest_route=\/wp\/v2\/posts\/4821\/revisions\/4825"}],"wp:featuredmedia":[{"embeddable":true,"href":"https:\/\/gemeindebuechereikastl.de\/index.php?rest_route=\/wp\/v2\/media\/4818"}],"wp:attachment":[{"href":"https:\/\/gemeindebuechereikastl.de\/index.php?rest_route=%2Fwp%2Fv2%2Fmedia&parent=4821"}],"wp:term":[{"taxonomy":"category","embeddable":true,"href":"https:\/\/gemeindebuechereikastl.de\/index.php?rest_route=%2Fwp%2Fv2%2Fcategories&post=4821"},{"taxonomy":"post_tag","embeddable":true,"href":"https:\/\/gemeindebuechereikastl.de\/index.php?rest_route=%2Fwp%2Fv2%2Ftags&post=4821"}],"curies":[{"name":"wp","href":"https:\/\/api.w.org\/{rel}","templated":true}]}}