{"id":4828,"date":"2024-06-11T09:57:23","date_gmt":"2024-06-11T09:57:23","guid":{"rendered":"https:\/\/gemeindebuechereikastl.de\/?p=4828"},"modified":"2024-06-11T11:03:20","modified_gmt":"2024-06-11T11:03:20","slug":"uebergabe-des-lesestart-sets-an-die-kinder-des-kastler-kindergartens","status":"publish","type":"post","link":"https:\/\/gemeindebuechereikastl.de\/?p=4828","title":{"rendered":"\u00dcbergabe des Lesestart Sets an die Kinder des Kastler Kindergartens"},"content":{"rendered":"<h2 style=\"text-align: center;\"><strong><span style=\"color: #ff6600;\">Lesestart Sets der &#8222;Stiftung Lesen&#8220; wurden an alle dreij\u00e4hrigen Kinder des Kastler Kindergartens in der B\u00fccherei ausgegben<\/span><br \/>\n<\/strong><\/h2>\n<p style=\"text-align: center;\"><strong>Die Gemeindeb\u00fccherei Kastl ist Partner der bundesweiten fr\u00fchkindlichen Lesef\u00f6rderinitiative \u201eLesestart \u2013 Drei Meilensteine f\u00fcr das Lesen\u201c Im Rahmen dieser Initiative wurde die Kastler B\u00fccherei und viele weitere Bibliotheken bundesweit zur zentralen Anlaufstelle f\u00fcr Familien und ihre dreij\u00e4hrigen Kinder, die dort ihr pers\u00f6nliches Lesestart-Set (Stofftasche mit Bilderbuch f\u00fcr 3-J\u00e4hrige und Elternbrosch\u00fcre) erhalten.<\/strong><\/p>\n<p><img loading=\"lazy\" decoding=\"async\" class=\"aligncenter wp-image-4829 size-large\" src=\"https:\/\/gemeindebuechereikastl.de\/wp-content\/uploads\/2024\/06\/Kiga-Lesestart-Sets-1603x1046.jpg\" alt=\"\" width=\"750\" height=\"489\" srcset=\"https:\/\/gemeindebuechereikastl.de\/wp-content\/uploads\/2024\/06\/Kiga-Lesestart-Sets-1603x1046.jpg 1603w, https:\/\/gemeindebuechereikastl.de\/wp-content\/uploads\/2024\/06\/Kiga-Lesestart-Sets-300x196.jpg 300w, https:\/\/gemeindebuechereikastl.de\/wp-content\/uploads\/2024\/06\/Kiga-Lesestart-Sets-768x501.jpg 768w, https:\/\/gemeindebuechereikastl.de\/wp-content\/uploads\/2024\/06\/Kiga-Lesestart-Sets-1536x1002.jpg 1536w, https:\/\/gemeindebuechereikastl.de\/wp-content\/uploads\/2024\/06\/Kiga-Lesestart-Sets-2048x1336.jpg 2048w, https:\/\/gemeindebuechereikastl.de\/wp-content\/uploads\/2024\/06\/Kiga-Lesestart-Sets-750x489.jpg 750w\" sizes=\"auto, (max-width: 750px) 100vw, 750px\" \/><\/p>\n<p>Die \u00dcbergabe der Lesestart Sets an die dreij\u00e4hrigen im Kastler Kindergarten fand in den R\u00e4umen der Gemeindeb\u00fccherei statt. Die Erzieherinnen kamen mit den Kindern in die B\u00fccherei, wo sie von B\u00fcchereileiter Georg D\u00fcrr begr\u00fc\u00dft wurden. Er freute sich \u00fcber den Besuch der Kinder und bei einem Rundgang durch die B\u00fccher blieben sie gleich bei den vielen Kinderb\u00fcchern sitzen und fanden gleich diverse B\u00fccher. <img loading=\"lazy\" decoding=\"async\" class=\"wp-image-4830 alignleft\" src=\"https:\/\/gemeindebuechereikastl.de\/wp-content\/uploads\/2024\/06\/Lese-Start-1603x1202.jpg\" alt=\"\" width=\"528\" height=\"396\" srcset=\"https:\/\/gemeindebuechereikastl.de\/wp-content\/uploads\/2024\/06\/Lese-Start-1603x1202.jpg 1603w, https:\/\/gemeindebuechereikastl.de\/wp-content\/uploads\/2024\/06\/Lese-Start-300x225.jpg 300w, https:\/\/gemeindebuechereikastl.de\/wp-content\/uploads\/2024\/06\/Lese-Start-768x576.jpg 768w, https:\/\/gemeindebuechereikastl.de\/wp-content\/uploads\/2024\/06\/Lese-Start-1536x1152.jpg 1536w, https:\/\/gemeindebuechereikastl.de\/wp-content\/uploads\/2024\/06\/Lese-Start-2048x1536.jpg 2048w, https:\/\/gemeindebuechereikastl.de\/wp-content\/uploads\/2024\/06\/Lese-Start-750x563.jpg 750w\" sizes=\"auto, (max-width: 528px) 100vw, 528px\" \/>Nach dem kurzen Schnuppern in den vielen B\u00fcchern \u00fcbergaben Georg D\u00fcrr und Christa Kastner vom Leitungsteam die Lesestart Sets an die Kinder des Kindergartens, eines der Ziele der Kastler B\u00fccherei einen Ort der Bildung und der Faszination f\u00fcr B\u00fccher und Medien zu schaffen. Es soll auch Eltern anregen ihren Kindern zuhause vorzulesen. Auch gab er den Kindern den Ansto\u00df, dass sie gerne mit ihren Eltern in die B\u00fccherei kommen k\u00f6nnen, um das vielf\u00e4ltige Angebot der Gemeinb\u00fccherei Kastl zu nutzen. Daher ist es uns eine gro\u00dfe Freude, mit der Gemeindeb\u00fccherei Kastl ein Teil des Programms \u201aLesestart 1-2-3\u2018 sein zu d\u00fcrfen und mit den Buchgeschenken hoffentlich viele Leserinnen und Leser von morgen f\u00fcr die Welt der B\u00fccher zu begeistern\u201c so B\u00fcchereileiter Georg D\u00fcrr bei der \u00dcbergabe des Lesestart Sets.<img loading=\"lazy\" decoding=\"async\" class=\"alignright wp-image-2716 \" src=\"https:\/\/gemeindebuechereikastl.de\/wp-content\/uploads\/2022\/03\/logo-Lesestart-1603x766.png\" alt=\"\" width=\"287\" height=\"137\" srcset=\"https:\/\/gemeindebuechereikastl.de\/wp-content\/uploads\/2022\/03\/logo-Lesestart-1603x766.png 1603w, https:\/\/gemeindebuechereikastl.de\/wp-content\/uploads\/2022\/03\/logo-Lesestart-300x143.png 300w, https:\/\/gemeindebuechereikastl.de\/wp-content\/uploads\/2022\/03\/logo-Lesestart-768x367.png 768w, https:\/\/gemeindebuechereikastl.de\/wp-content\/uploads\/2022\/03\/logo-Lesestart-1536x734.png 1536w, https:\/\/gemeindebuechereikastl.de\/wp-content\/uploads\/2022\/03\/logo-Lesestart-2048x979.png 2048w, https:\/\/gemeindebuechereikastl.de\/wp-content\/uploads\/2022\/03\/logo-Lesestart-750x358.png 750w\" sizes=\"auto, (max-width: 287px) 100vw, 287px\" \/><\/p>\n<p>Als eine der wesentlichen Aufgaben von \u00f6ffentlichen Bibliotheken ist die Lesef\u00f6rderung ein fester Bestandteil der Angebote und Projekte der Gemeindeb\u00fccherei Kastl. Neben \u00f6ffentlichen Vorlesestunden und Lesungen f\u00fcr Familien mit Kindern ist die Zusammenarbeit mit Kitas und Schulen ma\u00dfgeblich. Dabei stehen das Vorlesen und das interaktive Erleben von Geschichten im Vordergrund, um die Sprach- und Lesefreude zu wecken. Das Projekt Lesestart erm\u00f6glicht Familien mit Kleinkindern einen ersten Einstieg in die Welt des Vorlesens. Je fr\u00fcher Kinder mit B\u00fcchern und Bibliotheken in Ber\u00fchrung kommen, desto selbstverst\u00e4ndlicher wird der Griff zum Buch.<\/p>\n<p><a href=\"https:\/\/www.youtube.com\/watch?v=BKua7Auafx8&amp;list=PL-2sY-ZN2s8RU727F89q5_NXjbZpcuYup&amp;index=7\"><img loading=\"lazy\" decoding=\"async\" class=\"aligncenter\" src=\"https:\/\/www.lesestart.de\/fileadmin\/_processed_\/3\/8\/csm_erklaerfilm_bibliothek_verlinkte_kachel_mit_button_beba4448e0.png\" alt=\"\" width=\"520\" height=\"293\" \/><\/a><\/p>\n","protected":false},"excerpt":{"rendered":"<p>Lesestart Sets der &#8222;Stiftung Lesen&#8220; wurden an alle dreij\u00e4hrigen Kinder des Kastler Kindergartens in der B\u00fccherei ausgegben Die Gemeindeb\u00fccherei Kastl ist Partner der bundesweiten fr\u00fchkindlichen Lesef\u00f6rderinitiative \u201eLesestart \u2013 Drei Meilensteine f\u00fcr das Lesen\u201c Im Rahmen dieser Initiative wurde die Kastler B\u00fccherei und viele weitere Bibliotheken bundesweit zur zentralen Anlaufstelle f\u00fcr Familien und ihre dreij\u00e4hrigen Kinder, &hellip; <\/p>\n<p><a class=\"more-link btn\" href=\"https:\/\/gemeindebuechereikastl.de\/?p=4828\">Weiterlesen<\/a><\/p>\n","protected":false},"author":1,"featured_media":4829,"comment_status":"closed","ping_status":"closed","sticky":false,"template":"","format":"standard","meta":{"footnotes":""},"categories":[5,1],"tags":[11,317,589],"class_list":["post-4828","post","type-post","status-publish","format-standard","has-post-thumbnail","hentry","category-news","category-team","tag-buecherei","tag-lesestart","tag-lesestart-sets","item-wrap"],"_links":{"self":[{"href":"https:\/\/gemeindebuechereikastl.de\/index.php?rest_route=\/wp\/v2\/posts\/4828","targetHints":{"allow":["GET"]}}],"collection":[{"href":"https:\/\/gemeindebuechereikastl.de\/index.php?rest_route=\/wp\/v2\/posts"}],"about":[{"href":"https:\/\/gemeindebuechereikastl.de\/index.php?rest_route=\/wp\/v2\/types\/post"}],"author":[{"embeddable":true,"href":"https:\/\/gemeindebuechereikastl.de\/index.php?rest_route=\/wp\/v2\/users\/1"}],"replies":[{"embeddable":true,"href":"https:\/\/gemeindebuechereikastl.de\/index.php?rest_route=%2Fwp%2Fv2%2Fcomments&post=4828"}],"version-history":[{"count":5,"href":"https:\/\/gemeindebuechereikastl.de\/index.php?rest_route=\/wp\/v2\/posts\/4828\/revisions"}],"predecessor-version":[{"id":4835,"href":"https:\/\/gemeindebuechereikastl.de\/index.php?rest_route=\/wp\/v2\/posts\/4828\/revisions\/4835"}],"wp:featuredmedia":[{"embeddable":true,"href":"https:\/\/gemeindebuechereikastl.de\/index.php?rest_route=\/wp\/v2\/media\/4829"}],"wp:attachment":[{"href":"https:\/\/gemeindebuechereikastl.de\/index.php?rest_route=%2Fwp%2Fv2%2Fmedia&parent=4828"}],"wp:term":[{"taxonomy":"category","embeddable":true,"href":"https:\/\/gemeindebuechereikastl.de\/index.php?rest_route=%2Fwp%2Fv2%2Fcategories&post=4828"},{"taxonomy":"post_tag","embeddable":true,"href":"https:\/\/gemeindebuechereikastl.de\/index.php?rest_route=%2Fwp%2Fv2%2Ftags&post=4828"}],"curies":[{"name":"wp","href":"https:\/\/api.w.org\/{rel}","templated":true}]}}